{"id":6578,"date":"2026-03-05T16:57:16","date_gmt":"2026-03-05T15:57:16","guid":{"rendered":"https:\/\/matrend.hu\/nekedinfo\/?p=6578"},"modified":"2026-03-05T16:57:16","modified_gmt":"2026-03-05T15:57:16","slug":"ujabb-drama-a-sefek-sefeben","status":"publish","type":"post","link":"https:\/\/matrend.hu\/nekedinfo\/ujabb-drama-a-sefek-sefeben\/","title":{"rendered":"\u00dajabb dr\u00e1ma a S\u00e9fek S\u00e9f\u00e9ben!"},"content":{"rendered":"<h3>A dr\u00e1ma most Radics Attila, azaz Lukasz \u00e9s Marczinek Norbert k\u00f6z\u00f6tt robbant ki. Az egy\u00e9ni f\u0151z\u00e9s sor\u00e1n Norbert azzal v\u00e1dolta meg Lukaszt, hogy sz\u00e1nd\u00e9kosan akad\u00e1lyozta a t\u00e1lal\u00e1s\u00e1t, ezzel vesz\u00e9lybe sodorva az \u00e9tel\u00e9t. Lukasz viszont egy\u00e1ltal\u00e1n nem maradt ad\u00f3s a v\u00e1lasszal: szerinte Norbi val\u00f3j\u00e1ban nem is igazi szak\u00e1cs, \u00e9s semmit sem tud a szakm\u00e1r\u00f3l. A vita akkor v\u00e1lt igaz\u00e1n forr\u00f3v\u00e1, amikor mindketten visszat\u00e9rtek a s\u00e9fek el\u0151l \u2013 megk\u00f6nnyebb\u00fclve, hogy egyik\u00fck sem f\u0151zte a legrosszabb \u00e9telt. Igaz, a legjobbat sem\u2026 A fesz\u00fclts\u00e9g ekkor m\u00e1r szinte tapinthat\u00f3 volt a konyh\u00e1ban.<br \/>\nDE AMI A K\u00d6VETKEZ\u0150 M\u0170SOR UT\u00c1N T\u00d6RT\u00c9NT, AZ D\u00d6BBENET:<\/h3>\n<h3><span style=\"color: #ff0000;\"><strong>A h\u00edr nem \u00e9rt v\u00e9get! Folytat\u00e1shoz haszn\u00e1ld a K\u00d6VETKEZ\u0150 OLDAL gombot!<\/strong><\/span><\/h3>\n<h3 style=\"text-align: right;\"><a href=\"https:\/\/matrend.hu\/maitrend\/?p=6583\" target=\"_blank\" rel=\"noopener\"><span style=\"color: #ff0000;\">&#8212;&gt;&gt; K\u00d6VETKEZ\u0150 OLDAL<\/span><\/a><\/h3>\n<p>A m\u00e1sik lehet\u0151s\u00e9g a teljesen elektromos v\u00e1ltozat, amely a Nissan e\u2011NV200 ut\u00f3dj\u00e1nak tekinthet\u0151. Az elektromos Townstar egy 45 kWh kapacit\u00e1s\u00fa l\u00edtium-ion akkumul\u00e1tort haszn\u00e1l, amely egy k\u00f6r\u00fclbel\u00fcl 122 l\u00f3er\u0151s villanymotort t\u00e1pl\u00e1l. A rendszer maxim\u00e1lis nyomat\u00e9ka 245 Nm, ami azonnal rendelkez\u00e9sre \u00e1ll, \u00edgy a j\u00e1rm\u0171 k\u00fcl\u00f6n\u00f6sen j\u00f3l haszn\u00e1lhat\u00f3 v\u00e1rosi k\u00f6rnyezetben, ahol gyakori az elindul\u00e1s \u00e9s meg\u00e1ll\u00e1s. A hivatalos WLTP hat\u00f3t\u00e1v k\u00f6r\u00fclbel\u00fcl 178\u2013183 m\u00e9rf\u00f6ld, vagyis nagyj\u00e1b\u00f3l 285\u2013295 kilom\u00e9ter, ide\u00e1lis k\u00f6r\u00fclm\u00e9nyek k\u00f6z\u00f6tt pedig v\u00e1rosi haszn\u00e1latban ak\u00e1r 200 m\u00e9rf\u00f6ldn\u00e9l t\u00f6bbet is megtehet egyetlen t\u00f6lt\u00e9ssel.<\/p>\n<p>A t\u00f6lt\u00e9si lehet\u0151s\u00e9gek viszonylag rugalmasak. Az aut\u00f3 t\u00e1mogatja a 11 vagy 22 kW teljes\u00edtm\u00e9ny\u0171 v\u00e1lt\u00f3\u00e1ram\u00fa t\u00f6lt\u00e9st, valamint a 80 kW-os egyen\u00e1ram\u00fa gyorst\u00f6lt\u00e9st is. Egy megfelel\u0151 gyorst\u00f6lt\u0151vel az akkumul\u00e1tor t\u00f6lt\u00f6tts\u00e9ge k\u00f6r\u00fclbel\u00fcl 15 sz\u00e1zal\u00e9kr\u00f3l 80 sz\u00e1zal\u00e9kra nagyj\u00e1b\u00f3l 35\u201340 perc alatt n\u00f6velhet\u0151, ami lehet\u0151v\u00e9 teszi, hogy a j\u00e1rm\u0171 gyorsan visszat\u00e9rjen a munk\u00e1ba egy r\u00f6vid meg\u00e1ll\u00e1s ut\u00e1n.<\/p>\n<p>A praktikum szempontj\u00e1b\u00f3l a Townstar a kompakt furgonok mez\u0151ny\u00e9ben versenyk\u00e9pes. K\u00e9tf\u00e9le tengelyt\u00e1vval kaphat\u00f3: az L1 r\u00f6videbb, az L2 hosszabb v\u00e1ltozat. A rakt\u00e9r t\u00e9rfogata 3,3 \u00e9s 4,3 k\u00f6bm\u00e9ter k\u00f6z\u00f6tt alakul, ami lehet\u0151v\u00e9 teszi ak\u00e1r k\u00e9t eur\u00f3pai szabv\u00e1nyos raklap sz\u00e1ll\u00edt\u00e1s\u00e1t is. A maxim\u00e1lis hasznos teher a v\u00e1ltozatt\u00f3l f\u00fcgg\u0151en ak\u00e1r 800 kilogramm lehet, a f\u00e9kezett vontatm\u00e1ny t\u00f6mege pedig el\u00e9rheti az 1500 kilogrammot. A hosszabb v\u00e1ltozat sz\u00e9lesebb tol\u00f3ajt\u00f3kkal rendelkezik, amelyek megk\u00f6nny\u00edtik a rakod\u00e1st, \u00e9s a h\u00e1ts\u00f3 ajt\u00f3k ak\u00e1r 180 fokban is kinyithat\u00f3k.<\/p>\n","protected":false},"excerpt":{"rendered":"<p>A dr\u00e1ma most Radics Attila, azaz Lukasz \u00e9s Marczinek Norbert k\u00f6z\u00f6tt robbant ki. Az egy\u00e9ni f\u0151z\u00e9s sor\u00e1n Norbert azzal v\u00e1dolta&#8230; <span class=\"gridview-grid-post-read-more\"><a href=\"https:\/\/matrend.hu\/nekedinfo\/ujabb-drama-a-sefek-sefeben\/\">read more<span class=\"gridview-sr-only\"> \u00dajabb dr\u00e1ma a S\u00e9fek S\u00e9f\u00e9ben!<\/span><\/a><\/span><\/p>\n","protected":false},"author":1,"featured_media":6579,"comment_status":"open","ping_status":"open","sticky":false,"template":"","format":"standard","meta":{"footnotes":""},"categories":[1],"tags":[],"class_list":["post-6578","post","type-post","status-publish","format-standard","has-post-thumbnail","hentry","category-egyeb","wpcat-1-id"],"_links":{"self":[{"href":"https:\/\/matrend.hu\/nekedinfo\/wp-json\/wp\/v2\/posts\/6578","targetHints":{"allow":["GET"]}}],"collection":[{"href":"https:\/\/matrend.hu\/nekedinfo\/wp-json\/wp\/v2\/posts"}],"about":[{"href":"https:\/\/matrend.hu\/nekedinfo\/wp-json\/wp\/v2\/types\/post"}],"author":[{"embeddable":true,"href":"https:\/\/matrend.hu\/nekedinfo\/wp-json\/wp\/v2\/users\/1"}],"replies":[{"embeddable":true,"href":"https:\/\/matrend.hu\/nekedinfo\/wp-json\/wp\/v2\/comments?post=6578"}],"version-history":[{"count":1,"href":"https:\/\/matrend.hu\/nekedinfo\/wp-json\/wp\/v2\/posts\/6578\/revisions"}],"predecessor-version":[{"id":6580,"href":"https:\/\/matrend.hu\/nekedinfo\/wp-json\/wp\/v2\/posts\/6578\/revisions\/6580"}],"wp:featuredmedia":[{"embeddable":true,"href":"https:\/\/matrend.hu\/nekedinfo\/wp-json\/wp\/v2\/media\/6579"}],"wp:attachment":[{"href":"https:\/\/matrend.hu\/nekedinfo\/wp-json\/wp\/v2\/media?parent=6578"}],"wp:term":[{"taxonomy":"category","embeddable":true,"href":"https:\/\/matrend.hu\/nekedinfo\/wp-json\/wp\/v2\/categories?post=6578"},{"taxonomy":"post_tag","embeddable":true,"href":"https:\/\/matrend.hu\/nekedinfo\/wp-json\/wp\/v2\/tags?post=6578"}],"curies":[{"name":"wp","href":"https:\/\/api.w.org\/{rel}","templated":true}]}}