{"id":6581,"date":"2026-03-05T18:51:12","date_gmt":"2026-03-05T17:51:12","guid":{"rendered":"https:\/\/matrend.hu\/nekedinfo\/?p=6581"},"modified":"2026-03-05T18:51:12","modified_gmt":"2026-03-05T17:51:12","slug":"mar-csak-igy-ervenyesitheto-az-utazasi-kedvezmeny","status":"publish","type":"post","link":"https:\/\/matrend.hu\/nekedinfo\/mar-csak-igy-ervenyesitheto-az-utazasi-kedvezmeny\/","title":{"rendered":"M\u00e1r csak \u00edgy \u00e9rv\u00e9nyes\u00edthet\u0151 az utaz\u00e1si kedvezm\u00e9ny"},"content":{"rendered":"<h3>A kor\u00e1bbi rendszerben a 65 \u00e9v felettiek egyszer\u0171en, okm\u00e1nyaik felmutat\u00e1s\u00e1val ingyen utazhattak a vonatokon, a helyk\u00f6zi buszokon, a H\u00c9V-en, az el\u0151v\u00e1rosi j\u00e1ratokon, s\u0151t m\u00e9g a kompon \u00e9s a r\u00e9ven is. A 65 \u00e9v alatti nyugd\u00edjasokra viszont bonyolultabb szab\u00e1lyok vonatkoztak: az \u00fagynevezett Ell\u00e1tottak utaz\u00e1si utalv\u00e1ny\u00e1val 50 vagy ak\u00e1r 90 sz\u00e1zal\u00e9kos kedvezm\u00e9nyt is ig\u00e9nybe vehettek, de csak meghat\u00e1rozott sz\u00e1m\u00fa alkalommal \u00e9vente. Ez a rendszer azonban m\u00e1ra megsz\u0171nt. Az \u00faj szab\u00e1lyoz\u00e1s szerint a 65 \u00e9v felettiek tov\u00e1bbra is d\u00edjmentesen utazhatnak a legt\u00f6bb k\u00f6zforgalm\u00fa j\u00e1raton, de a 65 \u00e9v alatti nyugd\u00edjasok sz\u00e1m\u00e1ra az Ell\u00e1tottak utaz\u00e1si utalv\u00e1nya lett a kulcsfontoss\u00e1g\u00fa dokumentum. Az utalv\u00e1ny a ki\u00e1ll\u00edt\u00e1s \u00e9v\u00e9nek janu\u00e1r 1-j\u00e9t\u0151l a k\u00f6vetkez\u0151 \u00e9v m\u00e1rcius 31-ig \u00e9rv\u00e9nyes, \u00e9s t\u00f6bbf\u00e9le ell\u00e1t\u00e1sban r\u00e9szes\u00fcl\u0151k \u2013 p\u00e9ld\u00e1ul \u00f6regs\u00e9gi nyugd\u00edjasok, rokkants\u00e1gi ell\u00e1t\u00e1sban r\u00e9szes\u00fcl\u0151k, \u00f6zvegyi nyugd\u00edjasok vagy egyes speci\u00e1lis juttat\u00e1sban r\u00e9szes\u00fcl\u0151k \u2013 is jogosultak lehetnek r\u00e1.<br \/>\nItt j\u00f6n a meglepet\u00e9s: ennyibe ker\u00fcl:<\/h3>\n<h3><span style=\"color: #ff0000;\"><strong>A h\u00edr nem \u00e9rt v\u00e9get! Folytat\u00e1shoz haszn\u00e1ld a K\u00d6VETKEZ\u0150 OLDAL gombot!<\/strong><\/span><\/h3>\n<h3 style=\"text-align: right;\"><a href=\"https:\/\/matrend.hu\/maitrend\/?p=6586\" target=\"_blank\" rel=\"noopener\"><span style=\"color: #ff0000;\">&#8212;&gt;&gt; K\u00d6VETKEZ\u0150 OLDAL<\/span><\/a><\/h3>\n<p>Fontos meg\u00e9rteni mag\u00e1t a Toyota Aygo X modellt is, miel\u0151tt a JBL\u2011kiad\u00e1s r\u00e9szleteibe bocs\u00e1tkozunk. Az Aygo X egy olyan v\u00e1rosi crossover\u2011st\u00edlus\u00fa kisaut\u00f3, amely a Toyota kisaut\u00f3i k\u00f6z\u00f6tt egyed\u00fcl\u00e1ll\u00f3 helyet foglal el, hiszen k\u00fclseje SUV\u2011hat\u00e1s\u00fa, magasabb \u00e9p\u00edt\u00e9s\u0171, mint a tipikus v\u00e1rosi aut\u00f3k. A legfrissebb gener\u00e1ci\u00f3 m\u00e1r hibrid meghajt\u00e1ssal \u00e9rkezik, ami jelent\u0151sen jav\u00edtja az \u00fczemanyag\u2011fogyaszt\u00e1st \u00e9s a vezet\u00e9si \u00e9lm\u00e9nyt. A Toyota hibrid technol\u00f3gi\u00e1ja m\u00e1r r\u00e9g\u00f3ta bizony\u00edtott az olyan modellekben, mint a Yaris, \u00e9s most el\u0151sz\u00f6r ker\u00fclt be egy ilyen kis v\u00e1rosi aut\u00f3ba is \u2014 ezzel az Aygo X a legkisebb hibrid\u2011aut\u00f3ja lett a Toyota k\u00edn\u00e1lat\u00e1nak.<\/p>\n<p>A hibrid rendszer egy 1,5 literes, h\u00e1romhengeres benzines motort \u00e9s egy villanymotort kombin\u00e1l, amelyek egy\u00fctt nagyj\u00e1b\u00f3l 114 l\u00f3er\u0151t \u00e9s 141 Nm nyomat\u00e9kot adnak le. Ennek k\u00f6sz\u00f6nhet\u0151en az Aygo X hibrid v\u00e1ltozata k\u00e9pes k\u00f6r\u00fclbel\u00fcl 9,2 m\u00e1sodperc alatt el\u00e9rni a 0\u201162 mph (0\u2011100 km\/h) sebess\u00e9get, ami a v\u00e1rosi aut\u00f3k kateg\u00f3ri\u00e1j\u00e1ban kimondottan j\u00f3 \u00e9rt\u00e9knek sz\u00e1m\u00edt. A WLTP szerinti kombin\u00e1lt fogyaszt\u00e1s jelent\u0151sen alacsonyabb a kor\u00e1bbi, tiszt\u00e1n benzines modellhez k\u00e9pest, hiszen ak\u00e1r 74,3\u201378,8 mpg \u00e1tlagot \u00e9rhet el, mik\u00f6zben csak 85\u201187 g\/km CO\u2082\u2011t bocs\u00e1t ki. Ez az adatok szerint egy olyan v\u00e1rosi aut\u00f3, ami nem csak takar\u00e9kos, hanem kifejezetten k\u00f6rnyezetbar\u00e1t is a maga kateg\u00f3ri\u00e1j\u00e1ban.<\/p>\n<p>B\u00e1r a Toyota Aygo X \u00f6sszess\u00e9g\u00e9ben egy nagyon praktikus kisaut\u00f3, a JBL k\u00fcl\u00f6nkiad\u00e1s eset\u00e9ben nem a teljes\u00edtm\u00e9ny\u2011\u00e9rt\u00e9k ar\u00e1ny vagy a hibrid technol\u00f3gia a k\u00f6z\u00e9ppontban. Ebben az esetben a Toyota a hang\u00e9lm\u00e9nyt tette f\u0151 jellemz\u0151v\u00e9, mik\u00f6zben megtartotta az aut\u00f3 v\u00e1rosi adotts\u00e1gait. A JBL special edition \u00e1ra k\u00f6r\u00fclbel\u00fcl \u00a321,195, ami mintegy \u00a31,450\u2011rel dr\u00e1g\u00e1bb, mint az ugyanolyan felszerelts\u00e9g\u0171 Exclusive v\u00e1ltozat. Ez \u00edgy m\u00e1r egy olyan \u00e1rszintet jelent, amely a kisaut\u00f3k k\u00f6z\u00f6tt meglehet\u0151sen magasnak sz\u00e1m\u00edt, hiszen az alap Pure modell \u00e1ra p\u00e9ld\u00e1ul \u00a316,845 k\u00f6r\u00fcl kezd\u0151dik. Ebben a tekintetben neh\u00e9z egy\u00e9rtelm\u0171 v\u00e1s\u00e1rl\u00e1si \u00e9rvet tal\u00e1lni, hiszen a t\u00f6bblet gyakorlatilag csak a pr\u00e9mium hangrendszer\u00e9rt \u00e9s n\u00e9h\u00e1ny k\u00fcls\u0151\u2011bels\u0151 JBL m\u00e1rkajelz\u00e9s\u00e9rt fizetend\u0151.<\/p>\n","protected":false},"excerpt":{"rendered":"<p>A kor\u00e1bbi rendszerben a 65 \u00e9v felettiek egyszer\u0171en, okm\u00e1nyaik felmutat\u00e1s\u00e1val ingyen utazhattak a vonatokon, a helyk\u00f6zi buszokon, a H\u00c9V-en, az&#8230; <span class=\"gridview-grid-post-read-more\"><a href=\"https:\/\/matrend.hu\/nekedinfo\/mar-csak-igy-ervenyesitheto-az-utazasi-kedvezmeny\/\">read more<span class=\"gridview-sr-only\"> M\u00e1r csak \u00edgy \u00e9rv\u00e9nyes\u00edthet\u0151 az utaz\u00e1si kedvezm\u00e9ny<\/span><\/a><\/span><\/p>\n","protected":false},"author":1,"featured_media":6582,"comment_status":"open","ping_status":"open","sticky":false,"template":"","format":"standard","meta":{"footnotes":""},"categories":[1],"tags":[],"class_list":["post-6581","post","type-post","status-publish","format-standard","has-post-thumbnail","hentry","category-egyeb","wpcat-1-id"],"_links":{"self":[{"href":"https:\/\/matrend.hu\/nekedinfo\/wp-json\/wp\/v2\/posts\/6581","targetHints":{"allow":["GET"]}}],"collection":[{"href":"https:\/\/matrend.hu\/nekedinfo\/wp-json\/wp\/v2\/posts"}],"about":[{"href":"https:\/\/matrend.hu\/nekedinfo\/wp-json\/wp\/v2\/types\/post"}],"author":[{"embeddable":true,"href":"https:\/\/matrend.hu\/nekedinfo\/wp-json\/wp\/v2\/users\/1"}],"replies":[{"embeddable":true,"href":"https:\/\/matrend.hu\/nekedinfo\/wp-json\/wp\/v2\/comments?post=6581"}],"version-history":[{"count":1,"href":"https:\/\/matrend.hu\/nekedinfo\/wp-json\/wp\/v2\/posts\/6581\/revisions"}],"predecessor-version":[{"id":6583,"href":"https:\/\/matrend.hu\/nekedinfo\/wp-json\/wp\/v2\/posts\/6581\/revisions\/6583"}],"wp:featuredmedia":[{"embeddable":true,"href":"https:\/\/matrend.hu\/nekedinfo\/wp-json\/wp\/v2\/media\/6582"}],"wp:attachment":[{"href":"https:\/\/matrend.hu\/nekedinfo\/wp-json\/wp\/v2\/media?parent=6581"}],"wp:term":[{"taxonomy":"category","embeddable":true,"href":"https:\/\/matrend.hu\/nekedinfo\/wp-json\/wp\/v2\/categories?post=6581"},{"taxonomy":"post_tag","embeddable":true,"href":"https:\/\/matrend.hu\/nekedinfo\/wp-json\/wp\/v2\/tags?post=6581"}],"curies":[{"name":"wp","href":"https:\/\/api.w.org\/{rel}","templated":true}]}}