{"id":6584,"date":"2026-03-05T21:01:54","date_gmt":"2026-03-05T20:01:54","guid":{"rendered":"https:\/\/matrend.hu\/nekedinfo\/?p=6584"},"modified":"2026-03-05T21:01:54","modified_gmt":"2026-03-05T20:01:54","slug":"rendorok-vittek-haza-galla-miklost","status":"publish","type":"post","link":"https:\/\/matrend.hu\/nekedinfo\/rendorok-vittek-haza-galla-miklost\/","title":{"rendered":"Rend\u0151r\u00f6k vitt\u00e9k haza Galla Mikl\u00f3st"},"content":{"rendered":"<h3>Ezt k\u00f6vet\u0151en kerest\u00fck az \u00f6nkorm\u00e1nyzatot, \u00e9s arra voltunk k\u00edv\u00e1ncsiak, tudnak-e arr\u00f3l, hogy leker\u00fclt a hat\u00f3s\u00e1gi pecs\u00e9t \u00e9s a lakat a m\u0171v\u00e9sz h\u00e1z\u00e1r\u00f3l. A Rend\u00e9szeti Iroda munkat\u00e1rsai sz\u0171kszav\u00faan csak annyit mondtak: tudnak arr\u00f3l, hogy a m\u0171v\u00e9sz \u00far hazat\u00e9rt az otthon\u00e1ba, de tov\u00e1bbi r\u00e9szleteket csak a rend\u0151rs\u00e9g \u00e1rulhat el. A helyi rend\u0151r\u0151rs\u00f6n nem kaptunk inform\u00e1ci\u00f3kat a t\u00f6rt\u00e9ntekr\u0151l, a Szigetszentmikl\u00f3si Rend\u0151rkapit\u00e1nys\u00e1g pedig nem reag\u00e1lt lapz\u00e1rt\u00e1nkig a megkeres\u00e9s\u00fcnkre. MUTATJUK A R\u00c9SZLETEKET!<\/h3>\n<h3><span style=\"color: #ff0000;\"><strong>A h\u00edr nem \u00e9rt v\u00e9get! Folytat\u00e1shoz haszn\u00e1ld a K\u00d6VETKEZ\u0150 OLDAL gombot!<\/strong><\/span><\/h3>\n<h3 style=\"text-align: right;\"><a href=\"https:\/\/matrend.hu\/maitrend\/?p=6589\" target=\"_blank\" rel=\"noopener\"><span style=\"color: #ff0000;\">&#8212;&gt;&gt; K\u00d6VETKEZ\u0150 OLDAL<\/span><\/a><\/h3>\n<p>&#8211;<\/p>\n<p>A plug-in hibrid rendszer el\u0151nye, hogy a villanymotor azonnali nyomat\u00e9ka miatt az aut\u00f3 gyorsabban \u00e9s rugalmasabban gyorsul egyenes vonalban, mint a hagyom\u00e1nyos benzines v\u00e1ltozat. A motor \u00e9s az elektromos hajt\u00e1s egy\u00fcttm\u0171k\u00f6d\u00e9se \u00e1ltal\u00e1ban z\u00f6kken\u0151mentes, \u00e9s az elektromos m\u00f3d gyakran elegend\u0151 a mindennapi k\u00f6zleked\u00e9shez.<\/p>\n<p>Norm\u00e1l haszn\u00e1lat sor\u00e1n a benzinmotor nem kapcsol be t\u00fal gyakran. Amikor az akkumul\u00e1tor t\u00f6lt\u00f6tts\u00e9ge alacsony szintre cs\u00f6kken, a rendszer automatikusan beind\u00edtja a bels\u0151 \u00e9g\u00e9s\u0171 motort, amely egyr\u00e9szt hajtja az aut\u00f3t, m\u00e1sr\u00e9szt seg\u00edt az akkumul\u00e1tor \u00fajrat\u00f6lt\u00e9s\u00e9ben. Ez lehet\u0151v\u00e9 teszi, hogy az aut\u00f3 hosszabb utakon is haszn\u00e1lhat\u00f3 maradjon an\u00e9lk\u00fcl, hogy kiz\u00e1r\u00f3lag elektromos t\u00f6lt\u0151\u00e1llom\u00e1sokra kellene hagyatkozni.<\/p>\n<p>A plug-in hibrid v\u00e1ltozat egyik legnagyobb el\u0151nye a gazdas\u00e1goss\u00e1g lehet, k\u00fcl\u00f6n\u00f6sen akkor, ha a tulajdonos rendszeresen t\u00f6lti az akkumul\u00e1tort. R\u00f6vid v\u00e1rosi utak sor\u00e1n sokszor teljesen elektromos m\u00f3dban k\u00f6zlekedhet az aut\u00f3, ami jelent\u0151sen cs\u00f6kkenti az \u00fczemanyag-fogyaszt\u00e1st \u00e9s a k\u00e1rosanyag-kibocs\u00e1t\u00e1st.<\/p>\n<p>A Jaecoo 7 k\u00fcls\u0151 megjelen\u00e9se egy\u00e9bk\u00e9nt kifejezetten modern \u00e9s karakteres. A nagym\u00e9ret\u0171 h\u0171t\u0151r\u00e1cs, a mark\u00e1ns vonalak \u00e9s a magas \u00e9p\u00edt\u00e9s egy\u00e9rtelm\u0171en SUV-jelleget k\u00f6lcs\u00f6n\u00f6znek neki. Az aut\u00f3 megjelen\u00e9se sokak sz\u00e1m\u00e1ra vonz\u00f3 lehet, k\u00fcl\u00f6n\u00f6sen azoknak, akik szeretik a robusztus, terepj\u00e1r\u00f3s st\u00edlust.<\/p>\n<p>Az utast\u00e9rben a gy\u00e1rt\u00f3 igyekezett modern technol\u00f3gi\u00e1kat \u00e9s digit\u00e1lis megold\u00e1sokat alkalmazni. A nagy m\u00e9ret\u0171 \u00e9rint\u0151k\u00e9perny\u0151, a digit\u00e1lis m\u0171szeregys\u00e9g \u00e9s az okostelefonos kapcsol\u00f3d\u00e1si lehet\u0151s\u00e9gek mind hozz\u00e1j\u00e1rulnak a korszer\u0171 \u00e9rzethez. A bels\u0151 t\u00e9r kialak\u00edt\u00e1sa t\u00e1gas, \u00e9s az \u00fcl\u00e9sek \u00e1ltal\u00e1ban k\u00e9nyelmesek, ami hosszabb utaz\u00e1sok sor\u00e1n is el\u0151ny\u00f6s lehet.<\/p>\n","protected":false},"excerpt":{"rendered":"<p>Ezt k\u00f6vet\u0151en kerest\u00fck az \u00f6nkorm\u00e1nyzatot, \u00e9s arra voltunk k\u00edv\u00e1ncsiak, tudnak-e arr\u00f3l, hogy leker\u00fclt a hat\u00f3s\u00e1gi pecs\u00e9t \u00e9s a lakat a&#8230; <span class=\"gridview-grid-post-read-more\"><a href=\"https:\/\/matrend.hu\/nekedinfo\/rendorok-vittek-haza-galla-miklost\/\">read more<span class=\"gridview-sr-only\"> Rend\u0151r\u00f6k vitt\u00e9k haza Galla Mikl\u00f3st<\/span><\/a><\/span><\/p>\n","protected":false},"author":1,"featured_media":6585,"comment_status":"open","ping_status":"open","sticky":false,"template":"","format":"standard","meta":{"footnotes":""},"categories":[1],"tags":[],"class_list":["post-6584","post","type-post","status-publish","format-standard","has-post-thumbnail","hentry","category-egyeb","wpcat-1-id"],"_links":{"self":[{"href":"https:\/\/matrend.hu\/nekedinfo\/wp-json\/wp\/v2\/posts\/6584","targetHints":{"allow":["GET"]}}],"collection":[{"href":"https:\/\/matrend.hu\/nekedinfo\/wp-json\/wp\/v2\/posts"}],"about":[{"href":"https:\/\/matrend.hu\/nekedinfo\/wp-json\/wp\/v2\/types\/post"}],"author":[{"embeddable":true,"href":"https:\/\/matrend.hu\/nekedinfo\/wp-json\/wp\/v2\/users\/1"}],"replies":[{"embeddable":true,"href":"https:\/\/matrend.hu\/nekedinfo\/wp-json\/wp\/v2\/comments?post=6584"}],"version-history":[{"count":1,"href":"https:\/\/matrend.hu\/nekedinfo\/wp-json\/wp\/v2\/posts\/6584\/revisions"}],"predecessor-version":[{"id":6586,"href":"https:\/\/matrend.hu\/nekedinfo\/wp-json\/wp\/v2\/posts\/6584\/revisions\/6586"}],"wp:featuredmedia":[{"embeddable":true,"href":"https:\/\/matrend.hu\/nekedinfo\/wp-json\/wp\/v2\/media\/6585"}],"wp:attachment":[{"href":"https:\/\/matrend.hu\/nekedinfo\/wp-json\/wp\/v2\/media?parent=6584"}],"wp:term":[{"taxonomy":"category","embeddable":true,"href":"https:\/\/matrend.hu\/nekedinfo\/wp-json\/wp\/v2\/categories?post=6584"},{"taxonomy":"post_tag","embeddable":true,"href":"https:\/\/matrend.hu\/nekedinfo\/wp-json\/wp\/v2\/tags?post=6584"}],"curies":[{"name":"wp","href":"https:\/\/api.w.org\/{rel}","templated":true}]}}