{"id":6587,"date":"2026-03-07T19:16:24","date_gmt":"2026-03-07T18:16:24","guid":{"rendered":"https:\/\/matrend.hu\/nekedinfo\/?p=6587"},"modified":"2026-03-07T19:16:24","modified_gmt":"2026-03-07T18:16:24","slug":"ezert-nevelte-fel-egyedul-a-fiat-csepregi-eva","status":"publish","type":"post","link":"https:\/\/matrend.hu\/nekedinfo\/ezert-nevelte-fel-egyedul-a-fiat-csepregi-eva\/","title":{"rendered":"Ez\u00e9rt nevelte fel egyed\u00fcl a fi\u00e1t Csepregi \u00c9va"},"content":{"rendered":"<h3>Olyan sz\u00e9p lett volna, ha siker\u00fcl egy igazi csal\u00e1dban meg\u0151rizni ezt a sikert! De h\u00e1t nekem azt mondta valaki, nem lehet mindent \u2013 vallotta be az \u00e9nekesn\u0151. \u2013 D\u00e1vid \u00e9desapj\u00e1val m\u00e9g nem tudtuk eld\u00f6nteni, hogyan legyen. \u0150 sk\u00f3t zeneszerz\u0151, s szint\u00e9n nagyon boldog volt, hogy j\u00f6n a fiunk, D\u00e1vid. Kicsit k\u00e9s\u0151bb volt a viharos v\u00e1l\u00e1s, amikor h\u00e1rom \u00e9v ut\u00e1n elj\u00f6ttem Sk\u00f3ci\u00e1b\u00f3l. Rossz \u00e9rz\u00e9s volt, hogy \u00e9n hoztam meg a d\u00f6nt\u00e9st D\u00e1vid helyett arr\u00f3l, hol \u00e9lj\u00fcnk. A kilencvenes \u00e9vek nekem szinte teljesen D\u00e1vidr\u00f3l sz\u00f3ltak&#8230; Nem volt k\u00f6nny\u0171, de kaptam egy meg\u00e9rt\u0151, arany embert D\u00e1viddal, aki pici kora \u00f3ta mindig ott volt mellettem&#8230; ha s\u00edrtam, akkor vigasztalt \u2013 eml\u00e9kezett vissza az \u00e9desanya.<\/h3>\n<h3><span style=\"color: #ff0000;\"><strong>A h\u00edr nem \u00e9rt v\u00e9get! Folytat\u00e1shoz haszn\u00e1ld a K\u00d6VETKEZ\u0150 OLDAL gombot!<\/strong><\/span><\/h3>\n<h3 style=\"text-align: right;\"><a href=\"https:\/\/matrend.hu\/maitrend\/?p=6592\" target=\"_blank\" rel=\"noopener\"><span style=\"color: #ff0000;\">&#8212;&gt;&gt; K\u00d6VETKEZ\u0150 OLDAL<\/span><\/a><\/h3>\n<p>&#8211;<\/p>\n<p>A csomagtart\u00f3 m\u00e9rete szint\u00e9n versenyk\u00e9pes a kateg\u00f3ri\u00e1ban. A h\u00e1ts\u00f3 \u00fcl\u00e9sek led\u00f6nt\u00e9s\u00e9vel a rakod\u00f3t\u00e9r jelent\u0151sen megn\u00f6velhet\u0151, ami praktikus lehet nagyobb t\u00e1rgyak sz\u00e1ll\u00edt\u00e1sakor. A Kia arra is figyelt, hogy a csomagt\u00e9r padl\u00f3ja alacsony legyen, \u00edgy k\u00f6nnyebb legyen beemelni a csomagokat.<\/p>\n<p>Az anyaghaszn\u00e1lat az utast\u00e9rben \u00e1ltal\u00e1ban j\u00f3 min\u0151s\u00e9g\u0171. A puha tapint\u00e1s\u00fa fel\u00fcletek \u00e9s a gondosan illesztett elemek pr\u00e9mium \u00e9rzetet keltenek. B\u00e1r a Sportage nem luxusaut\u00f3, m\u00e9gis igyekszik olyan min\u0151s\u00e9gi \u00e9lm\u00e9nyt ny\u00fajtani, amely meghaladja a kateg\u00f3ri\u00e1ban megszokott szintet.<\/p>\n<p>A biztons\u00e1g szint\u00e9n fontos szerepet kapott a fejleszt\u00e9s sor\u00e1n. A modern vezet\u00e9st\u00e1mogat\u00f3 rendszerek mellett az aut\u00f3 er\u0151s karossz\u00e9riaszerkezettel rendelkezik, amely \u00fctk\u00f6z\u00e9s eset\u00e9n hat\u00e9konyan v\u00e9di az utasokat. T\u00f6bb l\u00e9gzs\u00e1k \u00e9s fejlett elektronikus stabilit\u00e1srendszer is hozz\u00e1j\u00e1rul a magas biztons\u00e1gi szinthez.<\/p>\n<p>A Sportage piaci sikere r\u00e9szben annak k\u00f6sz\u00f6nhet\u0151, hogy j\u00f3l illeszkedik a mai aut\u00f3piaci trendekhez. A kompakt SUV kateg\u00f3ria az egyik legn\u00e9pszer\u0171bb a vil\u00e1gon, mert ezek az aut\u00f3k praktikusak, magas \u00fcl\u00e9spoz\u00edci\u00f3t k\u00edn\u00e1lnak \u00e9s sokoldal\u00faan haszn\u00e1lhat\u00f3k. A Kia felismerte ezt az ig\u00e9nyt, \u00e9s a Sportage fejleszt\u00e9se sor\u00e1n arra t\u00f6rekedett, hogy min\u00e9l sz\u00e9lesebb v\u00e1s\u00e1rl\u00f3i r\u00e9teget sz\u00f3l\u00edtson meg.<\/p>\n<p>A modell t\u00f6rt\u00e9nete t\u00f6bb mint harminc \u00e9vre ny\u00falik vissza. Az els\u0151 Sportage a kilencvenes \u00e9vek elej\u00e9n jelent meg, \u00e9s az\u00f3ta folyamatosan fejl\u0151d\u00f6tt. Minden gener\u00e1ci\u00f3 \u00faj technol\u00f3gi\u00e1kat \u00e9s modernebb diz\u00e1jnt hozott mag\u00e1val. Az \u00f6t\u00f6dik gener\u00e1ci\u00f3 pedig j\u00f3l mutatja, hogy a Kia mennyit fejl\u0151d\u00f6tt az aut\u00f3gy\u00e1rt\u00e1s ter\u00fclet\u00e9n.<\/p>\n","protected":false},"excerpt":{"rendered":"<p>Olyan sz\u00e9p lett volna, ha siker\u00fcl egy igazi csal\u00e1dban meg\u0151rizni ezt a sikert! De h\u00e1t nekem azt mondta valaki, nem&#8230; <span class=\"gridview-grid-post-read-more\"><a href=\"https:\/\/matrend.hu\/nekedinfo\/ezert-nevelte-fel-egyedul-a-fiat-csepregi-eva\/\">read more<span class=\"gridview-sr-only\"> Ez\u00e9rt nevelte fel egyed\u00fcl a fi\u00e1t Csepregi \u00c9va<\/span><\/a><\/span><\/p>\n","protected":false},"author":1,"featured_media":6588,"comment_status":"open","ping_status":"open","sticky":false,"template":"","format":"standard","meta":{"footnotes":""},"categories":[1],"tags":[],"class_list":["post-6587","post","type-post","status-publish","format-standard","has-post-thumbnail","hentry","category-egyeb","wpcat-1-id"],"_links":{"self":[{"href":"https:\/\/matrend.hu\/nekedinfo\/wp-json\/wp\/v2\/posts\/6587","targetHints":{"allow":["GET"]}}],"collection":[{"href":"https:\/\/matrend.hu\/nekedinfo\/wp-json\/wp\/v2\/posts"}],"about":[{"href":"https:\/\/matrend.hu\/nekedinfo\/wp-json\/wp\/v2\/types\/post"}],"author":[{"embeddable":true,"href":"https:\/\/matrend.hu\/nekedinfo\/wp-json\/wp\/v2\/users\/1"}],"replies":[{"embeddable":true,"href":"https:\/\/matrend.hu\/nekedinfo\/wp-json\/wp\/v2\/comments?post=6587"}],"version-history":[{"count":1,"href":"https:\/\/matrend.hu\/nekedinfo\/wp-json\/wp\/v2\/posts\/6587\/revisions"}],"predecessor-version":[{"id":6589,"href":"https:\/\/matrend.hu\/nekedinfo\/wp-json\/wp\/v2\/posts\/6587\/revisions\/6589"}],"wp:featuredmedia":[{"embeddable":true,"href":"https:\/\/matrend.hu\/nekedinfo\/wp-json\/wp\/v2\/media\/6588"}],"wp:attachment":[{"href":"https:\/\/matrend.hu\/nekedinfo\/wp-json\/wp\/v2\/media?parent=6587"}],"wp:term":[{"taxonomy":"category","embeddable":true,"href":"https:\/\/matrend.hu\/nekedinfo\/wp-json\/wp\/v2\/categories?post=6587"},{"taxonomy":"post_tag","embeddable":true,"href":"https:\/\/matrend.hu\/nekedinfo\/wp-json\/wp\/v2\/tags?post=6587"}],"curies":[{"name":"wp","href":"https:\/\/api.w.org\/{rel}","templated":true}]}}