{"id":6599,"date":"2026-03-08T17:55:46","date_gmt":"2026-03-08T16:55:46","guid":{"rendered":"https:\/\/matrend.hu\/nekedinfo\/?p=6599"},"modified":"2026-03-08T17:55:46","modified_gmt":"2026-03-08T16:55:46","slug":"most-erkezett-a-hir-dudas-miki-kisfiarol","status":"publish","type":"post","link":"https:\/\/matrend.hu\/nekedinfo\/most-erkezett-a-hir-dudas-miki-kisfiarol\/","title":{"rendered":"Most \u00e9rkezett a h\u00edr Dud\u00e1s Miki kisfi\u00e1r\u00f3l"},"content":{"rendered":"<h3>A legnehezebb tal\u00e1n Mil\u00f3 sz\u00e1m\u00e1ra. Ivett el\u00e1rulta: a kisfi\u00fa minden reggel az \u00e9desapj\u00e1ra gondol el\u0151sz\u00f6r, amikor fel\u00e9bred. A nap folyam\u00e1n is sokszor sz\u00f3ba ker\u00fcl az apuk\u00e1ja. K\u00e9rdez r\u00f3la, emlegeti, \u00e9s \u00fajra meg \u00fajra felid\u00e9zi a k\u00f6z\u00f6s eml\u00e9keket. A kisfi\u00fa sz\u00e1m\u00e1ra az \u00e9desapja tov\u00e1bbra is nagyon jelen van a gondolataiban.<br \/>\nAz est\u00e9k azonban m\u00e9g nehezebbek. Lefekv\u00e9s el\u0151tt is r\u00f3la besz\u00e9l, \u00e9s gyakran elmondja, mennyire hi\u00e1nyzik neki. Ezek azok a pillanatok, amikor az \u00e9desanya szerint a sz\u00edve szinte megszakad.<br \/>\nEZUT\u00c1N TETTE K\u00d6ZZ\u00c9 AZ IGAZ\u00c1N SZ\u00cdVSZOR\u00cdT\u00d3 ESEM\u00c9NYT:<\/h3>\n<h3><span style=\"color: #ff0000;\"><strong>A h\u00edr nem \u00e9rt v\u00e9get! Folytat\u00e1shoz haszn\u00e1ld a K\u00d6VETKEZ\u0150 OLDAL gombot!<\/strong><\/span><\/h3>\n<h3 style=\"text-align: right;\"><a href=\"https:\/\/matrend.hu\/maitrend\/?p=6604\" target=\"_blank\" rel=\"noopener\"><span style=\"color: #ff0000;\">&#8212;&gt;&gt; K\u00d6VETKEZ\u0150 OLDAL<\/span><\/a><\/h3>\n<p>Az \u00faj gener\u00e1ci\u00f3s Renault Rafale a francia m\u00e1rka egyik legfontosabb modellje lett, hiszen a Renault ezzel az aut\u00f3val pr\u00f3b\u00e1l bel\u00e9pni a k\u00f6z\u00e9pkateg\u00f3ri\u00e1s pr\u00e9mium SUV-k vil\u00e1g\u00e1ba. A t\u00edpus a gy\u00e1rt\u00f3 k\u00edn\u00e1lat\u00e1nak cs\u00facs\u00e1n helyezkedik el, \u00e9s a formatervez\u00e9s\u00e9vel, technol\u00f3gi\u00e1j\u00e1val, valamint hibrid hajt\u00e1sl\u00e1nc\u00e1val azt a c\u00e9lt szolg\u00e1lja, hogy a m\u00e1rka komolyabb alternat\u00edv\u00e1t k\u00edn\u00e1ljon a n\u00e9met \u00e9s koreai konkurensekkel szemben. B\u00e1r a Renault kor\u00e1bban is k\u00e9sz\u00edtett nagyobb preszt\u00edzsmodelleket, p\u00e9ld\u00e1ul a Safrane vagy a Vel Satis r\u00e9v\u00e9n, a Rafale m\u00e1r egy teljesen \u00faj filoz\u00f3fi\u00e1t k\u00e9pvisel: modern crossover-kup\u00e9, amely a st\u00edlust \u00e9s a praktikuss\u00e1got pr\u00f3b\u00e1lja \u00f6tv\u00f6zni. A modell neve egy\u00e9bk\u00e9nt egy 1930-as \u00e9vekbeli Caudron-Renault versenyrep\u00fcl\u0151g\u00e9pre utal, ami j\u00f3l mutatja, hogy a m\u00e1rka sportos \u00e9s innovat\u00edv im\u00e1zst szeretne t\u00e1rs\u00edtani az aut\u00f3hoz.<\/p>\n<p>A Rafale k\u00fclseje els\u0151 pillant\u00e1sra is felt\u0171n\u0151. A karossz\u00e9ria ar\u00e1nyai ink\u00e1bb egy kup\u00e9 jelleg\u0171 SUV-ra eml\u00e9keztetnek, amelynek a tet\u0151vonala er\u0151sen lejt h\u00e1trafel\u00e9. A diz\u00e1jn \u00edgy egyszerre sportos \u00e9s eleg\u00e1ns, mik\u00f6zben az aut\u00f3 m\u00e9rete a csal\u00e1di haszn\u00e1latot sem korl\u00e1tozza. A j\u00e1rm\u0171 hossza nagyj\u00e1b\u00f3l 4,7 m\u00e9ter, tengelyt\u00e1vja pedig 2,74 m\u00e9ter, ami megegyezik a h\u00e9t\u00fcl\u00e9ses Espace modell\u00e9vel, \u00edgy az utast\u00e9r kifejezetten t\u00e1gas. A tet\u0151vonal ugyan l\u00e1tv\u00e1nyosan lejt, de a h\u00e1ts\u00f3 \u00fcl\u00e9ssorban \u00fcl\u0151k sz\u00e1m\u00e1ra m\u00e9g \u00edgy is elegend\u0151 fej- \u00e9s l\u00e1bt\u00e9r marad, m\u00e9g magasabb utasok eset\u00e9n is. A csomagtart\u00f3 k\u00f6r\u00fclbel\u00fcl 535 literes kapacit\u00e1sa szint\u00e9n azt jelzi, hogy a Rafale nem csup\u00e1n st\u00edlusaut\u00f3, hanem val\u00f3di csal\u00e1di j\u00e1rm\u0171 is lehet.<\/p>\n<p>Az utast\u00e9r kialak\u00edt\u00e1sa modern \u00e9s technol\u00f3gia-k\u00f6zpont\u00fa. A k\u00f6z\u00e9pkonzol domin\u00e1ns eleme egy nagy, portr\u00e9 t\u00e1jol\u00e1s\u00fa \u00e9rint\u0151k\u00e9perny\u0151, amelyhez egy digit\u00e1lis m\u0171szeregys\u00e9g t\u00e1rsul. Mindk\u00e9t kijelz\u0151 a Renault OpenR Link rendszer\u00e9t futtatja, amely a Google platformj\u00e1ra \u00e9p\u00fcl. Ennek k\u00f6sz\u00f6nhet\u0151en a fed\u00e9lzeti rendszer gyorsan reag\u00e1l, \u00e9s a fel\u00fclet haszn\u00e1lata sok szempontb\u00f3l hasonl\u00edt egy Android-okostelefon m\u0171k\u00f6d\u00e9s\u00e9re. A rendszer tartalmazza a be\u00e9p\u00edtett Google Maps navig\u00e1ci\u00f3t, valamint sz\u00e1mos let\u00f6lthet\u0151 alkalmaz\u00e1st is, emellett vezet\u00e9k n\u00e9lk\u00fcli Apple CarPlay \u00e9s Android Auto kapcsolat is rendelkez\u00e9sre \u00e1ll. Az infotainment rendszert sok tesztel\u0151 az egyik legjobbnak tartja a kateg\u00f3ri\u00e1ban, mert gyors, logikus fel\u00e9p\u00edt\u00e9s\u0171 \u00e9s k\u00f6nnyen kezelhet\u0151.<\/p>\n","protected":false},"excerpt":{"rendered":"<p>A legnehezebb tal\u00e1n Mil\u00f3 sz\u00e1m\u00e1ra. Ivett el\u00e1rulta: a kisfi\u00fa minden reggel az \u00e9desapj\u00e1ra gondol el\u0151sz\u00f6r, amikor fel\u00e9bred. A nap folyam\u00e1n&#8230; <span class=\"gridview-grid-post-read-more\"><a href=\"https:\/\/matrend.hu\/nekedinfo\/most-erkezett-a-hir-dudas-miki-kisfiarol\/\">read more<span class=\"gridview-sr-only\"> Most \u00e9rkezett a h\u00edr Dud\u00e1s Miki kisfi\u00e1r\u00f3l<\/span><\/a><\/span><\/p>\n","protected":false},"author":1,"featured_media":6600,"comment_status":"open","ping_status":"open","sticky":false,"template":"","format":"standard","meta":{"footnotes":""},"categories":[1],"tags":[],"class_list":["post-6599","post","type-post","status-publish","format-standard","has-post-thumbnail","hentry","category-egyeb","wpcat-1-id"],"_links":{"self":[{"href":"https:\/\/matrend.hu\/nekedinfo\/wp-json\/wp\/v2\/posts\/6599","targetHints":{"allow":["GET"]}}],"collection":[{"href":"https:\/\/matrend.hu\/nekedinfo\/wp-json\/wp\/v2\/posts"}],"about":[{"href":"https:\/\/matrend.hu\/nekedinfo\/wp-json\/wp\/v2\/types\/post"}],"author":[{"embeddable":true,"href":"https:\/\/matrend.hu\/nekedinfo\/wp-json\/wp\/v2\/users\/1"}],"replies":[{"embeddable":true,"href":"https:\/\/matrend.hu\/nekedinfo\/wp-json\/wp\/v2\/comments?post=6599"}],"version-history":[{"count":1,"href":"https:\/\/matrend.hu\/nekedinfo\/wp-json\/wp\/v2\/posts\/6599\/revisions"}],"predecessor-version":[{"id":6601,"href":"https:\/\/matrend.hu\/nekedinfo\/wp-json\/wp\/v2\/posts\/6599\/revisions\/6601"}],"wp:featuredmedia":[{"embeddable":true,"href":"https:\/\/matrend.hu\/nekedinfo\/wp-json\/wp\/v2\/media\/6600"}],"wp:attachment":[{"href":"https:\/\/matrend.hu\/nekedinfo\/wp-json\/wp\/v2\/media?parent=6599"}],"wp:term":[{"taxonomy":"category","embeddable":true,"href":"https:\/\/matrend.hu\/nekedinfo\/wp-json\/wp\/v2\/categories?post=6599"},{"taxonomy":"post_tag","embeddable":true,"href":"https:\/\/matrend.hu\/nekedinfo\/wp-json\/wp\/v2\/tags?post=6599"}],"curies":[{"name":"wp","href":"https:\/\/api.w.org\/{rel}","templated":true}]}}