{"id":6602,"date":"2026-03-08T18:27:01","date_gmt":"2026-03-08T17:27:01","guid":{"rendered":"https:\/\/matrend.hu\/nekedinfo\/?p=6602"},"modified":"2026-03-08T18:27:01","modified_gmt":"2026-03-08T17:27:01","slug":"ezert-esett-ki-az-erkelyrol-a-harom-eves","status":"publish","type":"post","link":"https:\/\/matrend.hu\/nekedinfo\/ezert-esett-ki-az-erkelyrol-a-harom-eves\/","title":{"rendered":"Ez\u00e9rt esett ki az erk\u00e9lyr\u0151l a h\u00e1rom \u00e9ves"},"content":{"rendered":"<h3>Az \u00e1llapota azonban \u00edgy is aggaszt\u00f3 volt, ez\u00e9rt a ment\u0151k a lehet\u0151 leggyorsabb ell\u00e1t\u00e1s mellett d\u00f6nt\u00f6ttek: ment\u0151helikoptert riasztottak, amely a kisfi\u00fat \u00e9s az \u00e9desanyj\u00e1t a gy\u0151ri k\u00f3rh\u00e1zba sz\u00e1ll\u00edtotta. A k\u00f3rh\u00e1zban azonnal megkezdt\u00e9k a s\u00e9r\u00fcl\u00e9sek ell\u00e1t\u00e1s\u00e1t, majd megfigyel\u00e9sre \u00e9s tov\u00e1bbi vizsg\u00e1latokra bent tartott\u00e1k a gyermeket. A szakemberek szerint az ut\u00f3bbi id\u0151ben ijeszt\u0151en sok hasonl\u00f3 baleset t\u00f6rt\u00e9nt, hiszen a kisgyermekek k\u00edv\u00e1ncsis\u00e1ga hat\u00e1rtalan, mik\u00f6zben m\u00e9g nem \u00e9rzik a vesz\u00e9lyt.<br \/>\n\u00cdGY KER\u00dcLT AZ ERK\u00c9LYRE:<\/h3>\n<h3><span style=\"color: #ff0000;\"><strong>A h\u00edr nem \u00e9rt v\u00e9get! Folytat\u00e1shoz haszn\u00e1ld a K\u00d6VETKEZ\u0150 OLDAL gombot!<\/strong><\/span><\/h3>\n<h3 style=\"text-align: right;\"><a href=\"https:\/\/matrend.hu\/maitrend\/?p=6607\" target=\"_blank\" rel=\"noopener\"><span style=\"color: #ff0000;\">&#8212;&gt;&gt; K\u00d6VETKEZ\u0150 OLDAL<\/span><\/a><\/h3>\n<p>Mindk\u00e9t j\u00e1rm\u0171 f\u0151 c\u00e9lja, hogy k\u00f6nnyed, \u00e9lvezetes \u00e9s st\u00edlusos k\u00f6zleked\u00e9st biztos\u00edtson a v\u00e1rosi k\u00f6rnyezetben, ahol a parkol\u00f3helyek sz\u0171k\u00f6sek, a forgalom s\u0171r\u0171 \u00e9s a r\u00f6videbb t\u00e1vok a mindennapok r\u00e9szei. A Renault 5 ebben a verseng\u00e9sben a t\u00fals\u00f3 sz\u00e9l\u00e9re helyezi a hangs\u00falyt azzal, hogy nemcsak st\u00edlus\u00e1ban id\u00e9zi meg a m\u00faltat, hanem modern teljes\u00edtm\u00e9nyt \u00e9s j\u00f3 hat\u00f3t\u00e1vot is ad hozz\u00e1, mik\u00f6zben \u00f6tajt\u00f3s kialak\u00edt\u00e1s\u00e1val k\u00f6nnyebb\u00e9 teszi a h\u00e1ts\u00f3 utasokhoz val\u00f3 hozz\u00e1f\u00e9r\u00e9st \u00e9s a mindennapi haszn\u00e1latot. A Fiat 500e viszont kompaktabb m\u00e9ret\u00e9n\u00e9l fogva rendk\u00edv\u00fcl f\u00fcrge, k\u00f6nnyen beparkolhat\u00f3 \u00e9s kifejezetten bar\u00e1ts\u00e1gos karakter\u0171, amely k\u00fcl\u00f6n\u00f6sen vonz\u00f3 lehet azoknak, akiknek a v\u00e1ros sz\u0171k utc\u00e1in val\u00f3 zsongl\u0151rk\u00f6d\u00e9s a f\u0151 szempont.<\/p>\n<p>Amikor az aut\u00f3k val\u00f3s vezethet\u0151s\u00e9g\u00e9t vizsg\u00e1ljuk, a Renault 5 az olyan tulajdons\u00e1gokban ny\u00fajt el\u0151nyt, mint a g\u00f6rd\u00fcl\u00e9kenyebb motor\u2011 \u00e9s akkumul\u00e1tor\u2011teljes\u00edtm\u00e9ny, valamint a hosszabb hat\u00f3t\u00e1v, ami m\u00e1r rugalmasabb napi rutint biztos\u00edt \u2013 nem csak a v\u00e1roson bel\u00fcl, hanem azon t\u00fal is. A Renault ak\u00e1r 100 kW\u2011os gyorst\u00f6lt\u00e9st is t\u00e1mogat, amivel a nagyobb aksit viszonylag gyorsan lehet felt\u00f6lteni, m\u00edg a Fiat 500e 85 kW\u2011os cs\u00facs t\u00f6lt\u00e9si teljes\u00edtm\u00e9nyt k\u00edn\u00e1l, amely valamivel lassabb t\u00f6lt\u00e9st eredm\u00e9nyez hosszabb utakon.<\/p>\n<p>M\u00e1sik fontos aspektus, hogy a Renault 5 nagyobb bels\u0151 teret \u00e9s praktikuss\u00e1got is k\u00edn\u00e1l \u2013 r\u00e9szben a hosszabb tengelyt\u00e1v \u00e9s a t\u00e1gasabb csomagtart\u00f3 r\u00e9v\u00e9n \u2013, ami azt jelenti, hogy a h\u00e1ts\u00f3 \u00fcl\u0151helyeken \u00fcl\u0151k sz\u00e1m\u00e1ra relat\u00edve k\u00e9nyelmesebb lehet az utaz\u00e1s \u00e9s a csomagok is jobban pakolhat\u00f3k. Ezzel szemben a Fiat 500e h\u00e1ts\u00f3 \u00fcl\u00e9sei sz\u0171k\u00f6sebbek, \u00e9s a csomagt\u00e9r kapacit\u00e1sa is kisebb lehet, ami n\u00e9h\u00e1ny felhaszn\u00e1l\u00f3 sz\u00e1m\u00e1ra kompromisszumot jelenthet, k\u00fcl\u00f6n\u00f6sen ha t\u00f6bben vagy t\u00f6bb poggy\u00e1sszal utaznak.<\/p>\n","protected":false},"excerpt":{"rendered":"<p>Az \u00e1llapota azonban \u00edgy is aggaszt\u00f3 volt, ez\u00e9rt a ment\u0151k a lehet\u0151 leggyorsabb ell\u00e1t\u00e1s mellett d\u00f6nt\u00f6ttek: ment\u0151helikoptert riasztottak, amely a&#8230; <span class=\"gridview-grid-post-read-more\"><a href=\"https:\/\/matrend.hu\/nekedinfo\/ezert-esett-ki-az-erkelyrol-a-harom-eves\/\">read more<span class=\"gridview-sr-only\"> Ez\u00e9rt esett ki az erk\u00e9lyr\u0151l a h\u00e1rom \u00e9ves<\/span><\/a><\/span><\/p>\n","protected":false},"author":1,"featured_media":6603,"comment_status":"open","ping_status":"open","sticky":false,"template":"","format":"standard","meta":{"footnotes":""},"categories":[1],"tags":[],"class_list":["post-6602","post","type-post","status-publish","format-standard","has-post-thumbnail","hentry","category-egyeb","wpcat-1-id"],"_links":{"self":[{"href":"https:\/\/matrend.hu\/nekedinfo\/wp-json\/wp\/v2\/posts\/6602","targetHints":{"allow":["GET"]}}],"collection":[{"href":"https:\/\/matrend.hu\/nekedinfo\/wp-json\/wp\/v2\/posts"}],"about":[{"href":"https:\/\/matrend.hu\/nekedinfo\/wp-json\/wp\/v2\/types\/post"}],"author":[{"embeddable":true,"href":"https:\/\/matrend.hu\/nekedinfo\/wp-json\/wp\/v2\/users\/1"}],"replies":[{"embeddable":true,"href":"https:\/\/matrend.hu\/nekedinfo\/wp-json\/wp\/v2\/comments?post=6602"}],"version-history":[{"count":1,"href":"https:\/\/matrend.hu\/nekedinfo\/wp-json\/wp\/v2\/posts\/6602\/revisions"}],"predecessor-version":[{"id":6604,"href":"https:\/\/matrend.hu\/nekedinfo\/wp-json\/wp\/v2\/posts\/6602\/revisions\/6604"}],"wp:featuredmedia":[{"embeddable":true,"href":"https:\/\/matrend.hu\/nekedinfo\/wp-json\/wp\/v2\/media\/6603"}],"wp:attachment":[{"href":"https:\/\/matrend.hu\/nekedinfo\/wp-json\/wp\/v2\/media?parent=6602"}],"wp:term":[{"taxonomy":"category","embeddable":true,"href":"https:\/\/matrend.hu\/nekedinfo\/wp-json\/wp\/v2\/categories?post=6602"},{"taxonomy":"post_tag","embeddable":true,"href":"https:\/\/matrend.hu\/nekedinfo\/wp-json\/wp\/v2\/tags?post=6602"}],"curies":[{"name":"wp","href":"https:\/\/api.w.org\/{rel}","templated":true}]}}