{"id":6607,"date":"2026-03-09T10:45:54","date_gmt":"2026-03-09T09:45:54","guid":{"rendered":"https:\/\/matrend.hu\/nekedinfo\/?p=6607"},"modified":"2026-03-09T10:45:54","modified_gmt":"2026-03-09T09:45:54","slug":"dramai-bucsu-a-nagy-duett-ben","status":"publish","type":"post","link":"https:\/\/matrend.hu\/nekedinfo\/dramai-bucsu-a-nagy-duett-ben\/","title":{"rendered":"Dr\u00e1mai b\u00facs\u00fa a Nagy Duett-ben!"},"content":{"rendered":"<h3>A p\u00e1ros \u00e9s a csoportos produkci\u00f3k \u00e9rt\u00e9kel\u00e9se alapj\u00e1n az els\u0151 h\u00e1rom p\u00e1ros maxim\u00e1lis 80 ponttal Kov\u00e1cs \u00c1ron \u00e9s Gesztesi Panka, Lengyel Johanna \u00e9s Schobert Norbi Jr \u00e9s Vastag Csaba \u00e9s Domj\u00e1n Evelin p\u00e1rosa holtversenyben \u00e1lltak. A zs\u0171ri pontjai \u00e9s a n\u00e9z\u0151k szavazatai alapj\u00e1n az ad\u00e1sgy\u0151ztes Gesztesi Panka \u00e9s Kov\u00e1cs \u00c1ron lett. A m\u00e1sodik k\u00f6r\u00f6s szavaz\u00e1st k\u00f6vet\u0151en h\u00e1rom p\u00e1ros, Lengyel Johanna \u00e9s Schobert Norbi Jr., Vastag Csaba \u00e9s Domj\u00e1n Evelin \u00e9s G\u00e1sp\u00e1r Bea \u00e9s Peter Sr\u00e1mek p\u00e1rosa j\u00f6v\u0151 h\u00e9ten is versenyezhetnek.<\/h3>\n<h3><span style=\"color: #ff0000;\"><strong>A h\u00edr nem \u00e9rt v\u00e9get! Folytat\u00e1shoz haszn\u00e1ld a K\u00d6VETKEZ\u0150 OLDAL gombot!<\/strong><\/span><\/h3>\n<h3 style=\"text-align: right;\"><a href=\"https:\/\/matrend.hu\/maitrend\/?p=6611\" target=\"_blank\" rel=\"noopener\"><span style=\"color: #ff0000;\">&#8212;&gt;&gt; K\u00d6VETKEZ\u0150 OLDAL<\/span><\/a><\/h3>\n<p>&#8211;<\/p>\n<p>Az akkumul\u00e1tor \u00e9s a hat\u00f3t\u00e1v k\u00e9rd\u00e9se minden elektromos aut\u00f3 eset\u00e9ben kulcsfontoss\u00e1g\u00fa. A Polestar 2 hosszabb hat\u00f3t\u00e1v\u00fa v\u00e1ltozatai jelent\u0151s t\u00e1vols\u00e1got k\u00e9pesek megtenni egyetlen t\u00f6lt\u00e9ssel. Ez k\u00fcl\u00f6n\u00f6sen fontos azok sz\u00e1m\u00e1ra, akik rendszeresen utaznak hosszabb t\u00e1vokra. A gyorst\u00f6lt\u00e9si lehet\u0151s\u00e9g is fontos szerepet j\u00e1tszik: megfelel\u0151 t\u00f6lt\u0151\u00e1llom\u00e1son viszonylag r\u00f6vid id\u0151 alatt jelent\u0151s energiamennyis\u00e9g t\u00f6lthet\u0151 vissza az akkumul\u00e1torba.<\/p>\n<p>A mindennapi haszn\u00e1lat sor\u00e1n az elektromos aut\u00f3k egyik el\u0151nye a csendes m\u0171k\u00f6d\u00e9s. A Polestar 2 eset\u00e9ben ez k\u00fcl\u00f6n\u00f6sen j\u00f3l \u00e9rezhet\u0151. Az aut\u00f3 belseje nyugodt \u00e9s csendes, ami k\u00e9nyelmesebb\u00e9 teszi az utaz\u00e1st. A zajok t\u00f6bbs\u00e9ge a menetsz\u00e9lb\u0151l \u00e9s az \u00fatfel\u00fcletb\u0151l sz\u00e1rmazik, de ezek is viszonylag j\u00f3l szigeteltek.<\/p>\n<p>A praktikum szempontj\u00e1b\u00f3l a ferdeh\u00e1t\u00fa kialak\u00edt\u00e1s nagy el\u0151nyt jelent. A csomagt\u00e9r m\u00e9rete elegend\u0151 a mindennapi haszn\u00e1lathoz, \u00e9s az \u00fcl\u00e9sek lehajt\u00e1s\u00e1val tov\u00e1bb n\u00f6velhet\u0151 a sz\u00e1ll\u00edthat\u00f3 t\u00e1rgyak m\u00e9rete. El\u00f6l egy kisebb \u00fagynevezett \u201efrunk\u201d is tal\u00e1lhat\u00f3, amely ide\u00e1lis lehet p\u00e9ld\u00e1ul t\u00f6lt\u0151k\u00e1belek t\u00e1rol\u00e1s\u00e1ra.<\/p>\n<p>A technol\u00f3giai felszerelts\u00e9g is fontos r\u00e9sze a Polestar 2 vonzerej\u00e9nek. Az aut\u00f3 rendszeresen kap szoftverfriss\u00edt\u00e9seket vezet\u00e9k n\u00e9lk\u00fcli kapcsolaton kereszt\u00fcl. Ez azt jelenti, hogy a funkci\u00f3k id\u0151vel javulhatnak vagy b\u0151v\u00fclhetnek an\u00e9lk\u00fcl, hogy az aut\u00f3t szervizbe kellene vinni. Ez a megk\u00f6zel\u00edt\u00e9s egyre elterjedtebb az elektromos aut\u00f3k vil\u00e1g\u00e1ban.<\/p>\n","protected":false},"excerpt":{"rendered":"<p>A p\u00e1ros \u00e9s a csoportos produkci\u00f3k \u00e9rt\u00e9kel\u00e9se alapj\u00e1n az els\u0151 h\u00e1rom p\u00e1ros maxim\u00e1lis 80 ponttal Kov\u00e1cs \u00c1ron \u00e9s Gesztesi Panka,&#8230; <span class=\"gridview-grid-post-read-more\"><a href=\"https:\/\/matrend.hu\/nekedinfo\/dramai-bucsu-a-nagy-duett-ben\/\">read more<span class=\"gridview-sr-only\"> Dr\u00e1mai b\u00facs\u00fa a Nagy Duett-ben!<\/span><\/a><\/span><\/p>\n","protected":false},"author":1,"featured_media":6608,"comment_status":"open","ping_status":"open","sticky":false,"template":"","format":"standard","meta":{"footnotes":""},"categories":[1],"tags":[],"class_list":["post-6607","post","type-post","status-publish","format-standard","has-post-thumbnail","hentry","category-egyeb","wpcat-1-id"],"_links":{"self":[{"href":"https:\/\/matrend.hu\/nekedinfo\/wp-json\/wp\/v2\/posts\/6607","targetHints":{"allow":["GET"]}}],"collection":[{"href":"https:\/\/matrend.hu\/nekedinfo\/wp-json\/wp\/v2\/posts"}],"about":[{"href":"https:\/\/matrend.hu\/nekedinfo\/wp-json\/wp\/v2\/types\/post"}],"author":[{"embeddable":true,"href":"https:\/\/matrend.hu\/nekedinfo\/wp-json\/wp\/v2\/users\/1"}],"replies":[{"embeddable":true,"href":"https:\/\/matrend.hu\/nekedinfo\/wp-json\/wp\/v2\/comments?post=6607"}],"version-history":[{"count":1,"href":"https:\/\/matrend.hu\/nekedinfo\/wp-json\/wp\/v2\/posts\/6607\/revisions"}],"predecessor-version":[{"id":6609,"href":"https:\/\/matrend.hu\/nekedinfo\/wp-json\/wp\/v2\/posts\/6607\/revisions\/6609"}],"wp:featuredmedia":[{"embeddable":true,"href":"https:\/\/matrend.hu\/nekedinfo\/wp-json\/wp\/v2\/media\/6608"}],"wp:attachment":[{"href":"https:\/\/matrend.hu\/nekedinfo\/wp-json\/wp\/v2\/media?parent=6607"}],"wp:term":[{"taxonomy":"category","embeddable":true,"href":"https:\/\/matrend.hu\/nekedinfo\/wp-json\/wp\/v2\/categories?post=6607"},{"taxonomy":"post_tag","embeddable":true,"href":"https:\/\/matrend.hu\/nekedinfo\/wp-json\/wp\/v2\/tags?post=6607"}],"curies":[{"name":"wp","href":"https:\/\/api.w.org\/{rel}","templated":true}]}}