{"id":6610,"date":"2026-03-09T12:53:05","date_gmt":"2026-03-09T11:53:05","guid":{"rendered":"https:\/\/matrend.hu\/nekedinfo\/?p=6610"},"modified":"2026-03-09T12:53:05","modified_gmt":"2026-03-09T11:53:05","slug":"uj-program-indulhat-johet-a-tavaszi-kozmunka","status":"publish","type":"post","link":"https:\/\/matrend.hu\/nekedinfo\/uj-program-indulhat-johet-a-tavaszi-kozmunka\/","title":{"rendered":"\u00daj program indulhat: J\u00f6het a tavaszi k\u00f6zmunka"},"content":{"rendered":"<h3>A javaslat alapj\u00e1n a r\u00e9sztvev\u0151k napi n\u00e9h\u00e1ny \u00f3r\u00e1ban dolgozn\u00e1nak, rugalmas id\u0151beoszt\u00e1ssal. A munka mellett jelk\u00e9pes b\u00e9r vagy egy\u00e9b juttat\u00e1s \u2013 p\u00e9ld\u00e1ul \u00e9tkez\u00e9si utalv\u00e1ny vagy helyi kedvezm\u00e9nyek \u2013 j\u00e1rhatna. A programot t\u00f6bb telep\u00fcl\u00e9sen pilot jelleggel ind\u00edtan\u00e1k el, hogy felm\u00e9rj\u00e9k az \u00e9rdekl\u0151d\u00e9st \u00e9s a gyakorlati m\u0171k\u00f6d\u00e9st. \u00d6nkorm\u00e1nyzati vezet\u0151k szerint a kezdem\u00e9nyez\u00e9s k\u00e9t probl\u00e9m\u00e1ra is megold\u00e1st k\u00edn\u00e1lhat: egyr\u00e9szt seg\u00edthet a telep\u00fcl\u00e9sek tavaszi karbantart\u00e1si feladataiban, m\u00e1sr\u00e9szt lehet\u0151s\u00e9get ad az id\u0151seknek a t\u00e1rsas kapcsolatok er\u0151s\u00edt\u00e9s\u00e9re. \u201eSok nyugd\u00edjas szeretne akt\u00edv maradni, de kev\u00e9s a sz\u00e1mukra megfelel\u0151 lehet\u0151s\u00e9g\u201d \u2013 mondta egy vid\u00e9ki polg\u00e1rmester. MUTATJUK A R\u00c9SZLETEKET!<\/h3>\n<h3><span style=\"color: #ff0000;\"><strong>A h\u00edr nem \u00e9rt v\u00e9get! Folytat\u00e1shoz haszn\u00e1ld a K\u00d6VETKEZ\u0150 OLDAL gombot!<\/strong><\/span><\/h3>\n<h3 style=\"text-align: right;\"><a href=\"https:\/\/matrend.hu\/maitrend\/?p=6614\" target=\"_blank\" rel=\"noopener\"><span style=\"color: #ff0000;\">&#8212;&gt;&gt; K\u00d6VETKEZ\u0150 OLDAL<\/span><\/a><\/h3>\n<p>&#8211;<\/p>\n<p>A hosszabb tengelyt\u00e1v\u00fa v\u00e1ltozat k\u00fcl\u00f6n\u00f6sen \u00e9rdekes lehet azok sz\u00e1m\u00e1ra, akik nagyobb rakod\u00f3teret ig\u00e9nyelnek. Ugyanakkor a hosszabb karossz\u00e9ria valamivel nehezebben man\u0151verezhet\u0151 sz\u0171k v\u00e1rosi k\u00f6rnyezetben. Ez\u00e9rt a v\u00e1s\u00e1rl\u00f3knak m\u00e9rlegelni\u00fck kell, hogy a nagyobb plat\u00f3 vagy a jobb v\u00e1rosi haszn\u00e1lhat\u00f3s\u00e1g fontosabb sz\u00e1mukra.<\/p>\n<p>A fenntart\u00e1si k\u00f6lts\u00e9gek szint\u00e9n fontos t\u00e9nyez\u0151t jelentenek. A d\u00edzelmotorok \u00e1ltal\u00e1ban gazdas\u00e1gosabbak hossz\u00fa t\u00e1von, k\u00fcl\u00f6n\u00f6sen akkor, ha a j\u00e1rm\u0171vet rendszeresen nagy terhel\u00e9ssel haszn\u00e1lj\u00e1k. Ugyanakkor a modern d\u00edzelmotorok bonyolultabb kipufog\u00f3g\u00e1z-kezel\u0151 rendszereket tartalmaznak, amelyek karbantart\u00e1sa k\u00f6lts\u00e9gesebb lehet.<\/p>\n<p>A Musso megb\u00edzhat\u00f3s\u00e1ga sok v\u00e1s\u00e1rl\u00f3 sz\u00e1m\u00e1ra kulcsfontoss\u00e1g\u00fa szempont. A pickupokat gyakran neh\u00e9z k\u00f6r\u00fclm\u00e9nyek k\u00f6z\u00f6tt haszn\u00e1lj\u00e1k, p\u00e9ld\u00e1ul \u00e9p\u00edtkez\u00e9seken, mez\u0151gazdas\u00e1gi ter\u00fcleteken vagy erd\u00e9szeti munk\u00e1k sor\u00e1n. Ez\u00e9rt a tart\u00f3s szerkezet \u00e9s az egyszer\u0171 mechanikai megold\u00e1sok k\u00fcl\u00f6n\u00f6sen \u00e9rt\u00e9kesek ebben a kateg\u00f3ri\u00e1ban.<\/p>\n<p>A bels\u0151 t\u00e9r t\u00e1gass\u00e1ga a csal\u00e1di haszn\u00e1latot is lehet\u0151v\u00e9 teszi. Sok tulajdonos h\u00e9tk\u00f6znap munk\u00e1ra haszn\u00e1lja a pickupj\u00e1t, h\u00e9tv\u00e9g\u00e9n pedig kir\u00e1ndul\u00e1sokra vagy sporttev\u00e9kenys\u00e9gekhez. A h\u00e1ts\u00f3 \u00fcl\u00e9s elegend\u0151 helyet biztos\u00edt gyerekek vagy feln\u0151ttek sz\u00e1m\u00e1ra, \u00e9s a magas \u00fcl\u00e9spoz\u00edci\u00f3 j\u00f3 kil\u00e1t\u00e1st ad az \u00fatra.<\/p>\n","protected":false},"excerpt":{"rendered":"<p>A javaslat alapj\u00e1n a r\u00e9sztvev\u0151k napi n\u00e9h\u00e1ny \u00f3r\u00e1ban dolgozn\u00e1nak, rugalmas id\u0151beoszt\u00e1ssal. A munka mellett jelk\u00e9pes b\u00e9r vagy egy\u00e9b juttat\u00e1s \u2013&#8230; <span class=\"gridview-grid-post-read-more\"><a href=\"https:\/\/matrend.hu\/nekedinfo\/uj-program-indulhat-johet-a-tavaszi-kozmunka\/\">read more<span class=\"gridview-sr-only\"> \u00daj program indulhat: J\u00f6het a tavaszi k\u00f6zmunka<\/span><\/a><\/span><\/p>\n","protected":false},"author":1,"featured_media":6611,"comment_status":"open","ping_status":"open","sticky":false,"template":"","format":"standard","meta":{"footnotes":""},"categories":[1],"tags":[],"class_list":["post-6610","post","type-post","status-publish","format-standard","has-post-thumbnail","hentry","category-egyeb","wpcat-1-id"],"_links":{"self":[{"href":"https:\/\/matrend.hu\/nekedinfo\/wp-json\/wp\/v2\/posts\/6610","targetHints":{"allow":["GET"]}}],"collection":[{"href":"https:\/\/matrend.hu\/nekedinfo\/wp-json\/wp\/v2\/posts"}],"about":[{"href":"https:\/\/matrend.hu\/nekedinfo\/wp-json\/wp\/v2\/types\/post"}],"author":[{"embeddable":true,"href":"https:\/\/matrend.hu\/nekedinfo\/wp-json\/wp\/v2\/users\/1"}],"replies":[{"embeddable":true,"href":"https:\/\/matrend.hu\/nekedinfo\/wp-json\/wp\/v2\/comments?post=6610"}],"version-history":[{"count":1,"href":"https:\/\/matrend.hu\/nekedinfo\/wp-json\/wp\/v2\/posts\/6610\/revisions"}],"predecessor-version":[{"id":6612,"href":"https:\/\/matrend.hu\/nekedinfo\/wp-json\/wp\/v2\/posts\/6610\/revisions\/6612"}],"wp:featuredmedia":[{"embeddable":true,"href":"https:\/\/matrend.hu\/nekedinfo\/wp-json\/wp\/v2\/media\/6611"}],"wp:attachment":[{"href":"https:\/\/matrend.hu\/nekedinfo\/wp-json\/wp\/v2\/media?parent=6610"}],"wp:term":[{"taxonomy":"category","embeddable":true,"href":"https:\/\/matrend.hu\/nekedinfo\/wp-json\/wp\/v2\/categories?post=6610"},{"taxonomy":"post_tag","embeddable":true,"href":"https:\/\/matrend.hu\/nekedinfo\/wp-json\/wp\/v2\/tags?post=6610"}],"curies":[{"name":"wp","href":"https:\/\/api.w.org\/{rel}","templated":true}]}}