{"id":6613,"date":"2026-03-09T19:10:58","date_gmt":"2026-03-09T18:10:58","guid":{"rendered":"https:\/\/matrend.hu\/nekedinfo\/?p=6613"},"modified":"2026-03-09T19:10:58","modified_gmt":"2026-03-09T18:10:58","slug":"orban-viktor-intezkedeseket-kell-tenni","status":"publish","type":"post","link":"https:\/\/matrend.hu\/nekedinfo\/orban-viktor-intezkedeseket-kell-tenni\/","title":{"rendered":"Orb\u00e1n Viktor int\u00e9zked\u00e9seket kell tenni"},"content":{"rendered":"<h3>Orb\u00e1n Viktor k\u00f6z\u00f6lte, a korm\u00e1ny ez\u00e9rt t\u00f6bb v\u00e9\/int\u00e9\/ked\u00e9st is el\u0151k\u00e9sz\u00edtett. Ezek k\u00f6z\u00f6tt szerepel az energiatartal\u00e9kok \u00e1ttekint\u00e9se, az alternat\u00edv sz\u00e1ll\u00edt\u00e1si \u00fatvonalak vizsg\u00e1lata, valamint az \u00e9rintett ipar\u00e1gak felk\u00e9sz\u00edt\u00e9se egy esetleges tart\u00f3s ell\u00e1t\u00e1si zavar kezel\u00e9s\u00e9re. Hozz\u00e1tette: Magyarorsz\u00e1g str\/t\u00e9\/iai olajtartal\u00e9kai rendelkez\u00e9sre \u00e1llnak, de ezek csak \u00e1tmeneti megold\u00e1st jelenthetnek. Orb\u00e1n Viktor \u00fagy fogalmazott, az energiaell\u00e1t\u00e1s biztons\u00e1ga nem lehet po\/itikai nyo\/\u00e1sgya\/orl\u00e1s eszk\u00f6ze, mert az eg\u00e9sz r\u00e9gi\u00f3 gazdas\u00e1gi stabilit\u00e1s\u00e1t ve\/z\u00e9ly\/zteti. MUTATJUK A R\u00c9SZLETEKET!<\/h3>\n<h3><span style=\"color: #ff0000;\"><strong>A h\u00edr nem \u00e9rt v\u00e9get! Folytat\u00e1shoz haszn\u00e1ld a K\u00d6VETKEZ\u0150 OLDAL gombot!<\/strong><\/span><\/h3>\n<h3 style=\"text-align: right;\"><a href=\"https:\/\/matrend.hu\/maitrend\/?p=6617\" target=\"_blank\" rel=\"noopener\"><span style=\"color: #ff0000;\">&#8212;&gt;&gt; K\u00d6VETKEZ\u0150 OLDAL<\/span><\/a><\/h3>\n<p>&#8211;<\/p>\n<p>A hatfokozat\u00fa k\u00e9zi sebess\u00e9gv\u00e1lt\u00f3val szerelt alapv\u00e1ltozat\u00fa D-Max Single Cab, k\u00e9tker\u00e9k-meghajt\u00e1ssal, \u00e1tlagosan 33,6 m\u00e9rf\u00f6ldet k\u00e9pes megtenni egy gallon \u00fczemanyaggal, mik\u00f6zben a sz\u00e9n-dioxid-kibocs\u00e1t\u00e1sa 220 g\/km. Ha ehhez a modellhez az \u00f6sszker\u00e9khajt\u00e1st v\u00e1lasztjuk, az csak kis m\u00e9rt\u00e9kben v\u00e1ltoztat ezeken az \u00e9rt\u00e9keken, vagyis a fogyaszt\u00e1s \u00e9s a kibocs\u00e1t\u00e1s csak enyh\u00e9n romlik. Amennyiben egy magasabb felszerelts\u00e9g\u0171 modellt v\u00e1lasztunk automata sebess\u00e9gv\u00e1lt\u00f3val, akkor a fogyaszt\u00e1s 31,4 mpg \u00e9rt\u00e9kre cs\u00f6kken, mik\u00f6zben a CO2-kibocs\u00e1t\u00e1s 235 g\/km k\u00f6r\u00fcl alakul.<\/p>\n<p>Annak \u00e9rdek\u00e9ben, hogy az Isuzu meg tudjon felelni az egyre szigorod\u00f3 k\u00f6rnyezetv\u00e9delmi \u00e9s k\u00e1rosanyag-kibocs\u00e1t\u00e1si szab\u00e1lyoz\u00e1soknak, a D-Max modell ma m\u00e1r AdBlue tart\u00e1llyal is rendelkezik. Ennek a tart\u00e1lynak a kapacit\u00e1sa 14 liter, \u00e9s a bet\u00f6lt\u0151ny\u00edl\u00e1sa k\u00f6zvetlen\u00fcl az \u00fczemanyagtank bet\u00f6lt\u0151ny\u00edl\u00e1sa mellett tal\u00e1lhat\u00f3. Az aut\u00f3 fed\u00e9lzeti sz\u00e1m\u00edt\u00f3g\u00e9pe folyamatosan figyeli az AdBlue szintj\u00e9t, \u00e9s jelzi a vezet\u0151nek, amikor k\u00f6zeledik az ut\u00e1nt\u00f6lt\u00e9s ideje. A rendszer visszasz\u00e1ml\u00e1l\u00e1ssal vagy figyelmeztet\u0151 \u00fczenetekkel jelzi, hogy mennyi kilom\u00e9ter van m\u00e9g h\u00e1tra a k\u00f6vetkez\u0151 felt\u00f6lt\u00e9sig.<\/p>\n<p>A Single Cab \u00e9s az Extended Cab karossz\u00e9riav\u00e1ltozatok el\u00e9rhet\u0151s\u00e9ge el\u0151nyt jelent a D-Max sz\u00e1m\u00e1ra n\u00e9h\u00e1ny versenyt\u00e1rs\u00e1val szemben. Ezek a k\u00fcl\u00f6nb\u00f6z\u0151 karossz\u00e9riav\u00e1ltozatok lehet\u0151v\u00e9 teszik, hogy a v\u00e1s\u00e1rl\u00f3k a saj\u00e1t ig\u00e9nyeiknek megfelel\u0151 konfigur\u00e1ci\u00f3t v\u00e1lasszanak. Ugyanakkor a Single Cab modell eset\u00e9ben van egy kisebb kompromisszum: ez a v\u00e1ltozat 20 millim\u00e9terrel alacsonyabban helyezkedik el a talajhoz k\u00e9pest, mint az Extended Cab \u00e9s a Double Cab v\u00e1ltozatok. Emiatt kev\u00e9sb\u00e9 ide\u00e1lis a rendk\u00edv\u00fcl neh\u00e9z terepviszonyokhoz, b\u00e1r a legt\u00f6bb munkafeladathoz \u00e9s h\u00e9tk\u00f6znapi haszn\u00e1lathoz \u00edgy is megfelel\u0151.<\/p>\n","protected":false},"excerpt":{"rendered":"<p>Orb\u00e1n Viktor k\u00f6z\u00f6lte, a korm\u00e1ny ez\u00e9rt t\u00f6bb v\u00e9\/int\u00e9\/ked\u00e9st is el\u0151k\u00e9sz\u00edtett. Ezek k\u00f6z\u00f6tt szerepel az energiatartal\u00e9kok \u00e1ttekint\u00e9se, az alternat\u00edv sz\u00e1ll\u00edt\u00e1si \u00fatvonalak&#8230; <span class=\"gridview-grid-post-read-more\"><a href=\"https:\/\/matrend.hu\/nekedinfo\/orban-viktor-intezkedeseket-kell-tenni\/\">read more<span class=\"gridview-sr-only\"> Orb\u00e1n Viktor int\u00e9zked\u00e9seket kell tenni<\/span><\/a><\/span><\/p>\n","protected":false},"author":1,"featured_media":6614,"comment_status":"open","ping_status":"open","sticky":false,"template":"","format":"standard","meta":{"footnotes":""},"categories":[1],"tags":[],"class_list":["post-6613","post","type-post","status-publish","format-standard","has-post-thumbnail","hentry","category-egyeb","wpcat-1-id"],"_links":{"self":[{"href":"https:\/\/matrend.hu\/nekedinfo\/wp-json\/wp\/v2\/posts\/6613","targetHints":{"allow":["GET"]}}],"collection":[{"href":"https:\/\/matrend.hu\/nekedinfo\/wp-json\/wp\/v2\/posts"}],"about":[{"href":"https:\/\/matrend.hu\/nekedinfo\/wp-json\/wp\/v2\/types\/post"}],"author":[{"embeddable":true,"href":"https:\/\/matrend.hu\/nekedinfo\/wp-json\/wp\/v2\/users\/1"}],"replies":[{"embeddable":true,"href":"https:\/\/matrend.hu\/nekedinfo\/wp-json\/wp\/v2\/comments?post=6613"}],"version-history":[{"count":1,"href":"https:\/\/matrend.hu\/nekedinfo\/wp-json\/wp\/v2\/posts\/6613\/revisions"}],"predecessor-version":[{"id":6615,"href":"https:\/\/matrend.hu\/nekedinfo\/wp-json\/wp\/v2\/posts\/6613\/revisions\/6615"}],"wp:featuredmedia":[{"embeddable":true,"href":"https:\/\/matrend.hu\/nekedinfo\/wp-json\/wp\/v2\/media\/6614"}],"wp:attachment":[{"href":"https:\/\/matrend.hu\/nekedinfo\/wp-json\/wp\/v2\/media?parent=6613"}],"wp:term":[{"taxonomy":"category","embeddable":true,"href":"https:\/\/matrend.hu\/nekedinfo\/wp-json\/wp\/v2\/categories?post=6613"},{"taxonomy":"post_tag","embeddable":true,"href":"https:\/\/matrend.hu\/nekedinfo\/wp-json\/wp\/v2\/tags?post=6613"}],"curies":[{"name":"wp","href":"https:\/\/api.w.org\/{rel}","templated":true}]}}