{"id":6619,"date":"2026-03-09T22:00:16","date_gmt":"2026-03-09T21:00:16","guid":{"rendered":"https:\/\/matrend.hu\/nekedinfo\/?p=6619"},"modified":"2026-03-09T22:00:16","modified_gmt":"2026-03-09T21:00:16","slug":"osszeomlott-a-a-sefek-sefe-versenyzoje","status":"publish","type":"post","link":"https:\/\/matrend.hu\/nekedinfo\/osszeomlott-a-a-sefek-sefe-versenyzoje\/","title":{"rendered":"\u00d6sszeomlott a a S\u00e9fek s\u00e9fe versenyz\u0151je"},"content":{"rendered":"<h3>A n\u00e9z\u0151k szeme l\u00e1tt\u00e1ra omlott \u00f6ssze Ol\u00e1h J\u00e1nos Gell\u00e9rtn\u00e9, akit mindenki csak Pir\u00f3k\u00e9nt ismer. Az 55 \u00e9ves konyhai kiseg\u00edt\u0151 m\u00e1r az els\u0151 f\u0151z\u00e9s sor\u00e1n rosszul lett: annyira befulladt, hogy asztmaspray-re volt sz\u00fcks\u00e9ge. A dr\u00e1ma azonban p\u00e9nteken tet\u0151z\u00f6tt, amikor a karja zsibbadni kezdett, \u00e9s kider\u00fclt, hogy az egekbe sz\u00f6k\u00f6tt a v\u00e9rnyom\u00e1sa. Az \u00e1llapota annyira megijesztette a st\u00e1bot, hogy v\u00e9g\u00fcl nem is vehetett r\u00e9szt a csapatfeladatban. A fekete csapat egyik tagja, Palk\u00f3 m\u00e1r akkor odasz\u00fart: szerinte \u201ekicsit m\u00e1r bagatell, hogy minden napra jut valaki, aki beteg\u201d.<br \/>\nEZUT\u00c1N ELSZABADULT A POKOL! MUTATJUK MI T\u00d6RT\u00c9NT!<\/h3>\n<h3><span style=\"color: #ff0000;\"><strong>A h\u00edr nem \u00e9rt v\u00e9get! Folytat\u00e1shoz haszn\u00e1ld a K\u00d6VETKEZ\u0150 OLDAL gombot!<\/strong><\/span><\/h3>\n<h3 style=\"text-align: right;\"><a href=\"https:\/\/matrend.hu\/maitrend\/?p=6623\" target=\"_blank\" rel=\"noopener\"><span style=\"color: #ff0000;\">&#8212;&gt;&gt; K\u00d6VETKEZ\u0150 OLDAL<\/span><\/a><\/h3>\n<p>A Torres utastere szint\u00e9n a modern SUV-k vil\u00e1g\u00e1t id\u00e9zi. A m\u0171szerfal k\u00f6zponti eleme k\u00e9t nagym\u00e9ret\u0171 digit\u00e1lis kijelz\u0151, amelyek az infotainment rendszert \u00e9s a m\u0171szeregys\u00e9get jelen\u00edtik meg. Ezek egy k\u00f6z\u00f6s panelbe integr\u00e1lva helyezkednek el, \u00edgy a bels\u0151 t\u00e9r letisztult \u00e9s technol\u00f3giai szempontb\u00f3l modern hat\u00e1st kelt. A rendszer t\u00e1mogatja az okostelefonos kapcsolatot, p\u00e9ld\u00e1ul az Android Auto \u00e9s az Apple CarPlay funkci\u00f3kat, \u00edgy a navig\u00e1ci\u00f3 \u00e9s a multim\u00e9dia haszn\u00e1lata egyszer\u0171. A felszerelts\u00e9gt\u0151l f\u00fcgg\u0151en az aut\u00f3 olyan extr\u00e1kat k\u00edn\u00e1l, mint a f\u0171thet\u0151 \u00fcl\u00e9sek, kulcsn\u00e9lk\u00fcli ind\u00edt\u00e1s, k\u00e9tz\u00f3n\u00e1s kl\u00edmaberendez\u00e9s vagy ak\u00e1r 360 fokos kamera, amely megk\u00f6nny\u00edti a parkol\u00e1st.<\/p>\n<p>A bels\u0151 t\u00e9r min\u0151s\u00e9ge meglep\u0151en j\u00f3 a kateg\u00f3ria \u00e1r\u00e1hoz k\u00e9pest. A m\u0171szerfalon \u00e9s az ajt\u00f3kon puh\u00e1bb tapint\u00e1s\u00fa anyagok jelennek meg, amelyek jav\u00edtj\u00e1k a min\u0151s\u00e9g\u00e9rzetet, b\u00e1r bizonyos helyeken kem\u00e9ny m\u0171anyagok is tal\u00e1lhat\u00f3k. Az utast\u00e9r t\u00e1gas, k\u00fcl\u00f6n\u00f6sen a h\u00e1ts\u00f3 \u00fcl\u00e9ssorban, ahol b\u0151s\u00e9ges l\u00e1b- \u00e9s fejt\u00e9r \u00e1ll rendelkez\u00e9sre. N\u00e9gy feln\u0151tt sz\u00e1m\u00e1ra kifejezetten k\u00e9nyelmes az utaz\u00e1s, de m\u00e9g \u00f6t ember is elf\u00e9r, b\u00e1r a k\u00f6z\u00e9ps\u0151 helyet a kard\u00e1nalag\u00fat kiss\u00e9 sz\u0171kebb\u00e9 teszi. A csal\u00e1di haszn\u00e1latot seg\u00edtik az ISOFIX r\u00f6gz\u00edt\u00e9si pontok is, amelyek lehet\u0151v\u00e9 teszik a gyermek\u00fcl\u00e9sek biztons\u00e1gos r\u00f6gz\u00edt\u00e9s\u00e9t.<\/p>\n<p>A csomagtart\u00f3 m\u00e9rete az egyik leger\u0151sebb pontja a Torresnek. A gy\u00e1rt\u00f3 adatai szerint a rakt\u00e9r alaphelyzetben 703 literes, ami b\u0151s\u00e9ges helyet k\u00edn\u00e1l a h\u00e9tk\u00f6znapi haszn\u00e1lathoz vagy hosszabb utaz\u00e1sokhoz. Ha a h\u00e1ts\u00f3 \u00fcl\u00e9seket lehajtjuk, a t\u00e9rfogat t\u00f6bb mint 1600 literre n\u0151, \u00edgy az aut\u00f3 ak\u00e1r nagyobb t\u00e1rgyak sz\u00e1ll\u00edt\u00e1s\u00e1ra is alkalmas. Ez a praktikum a kor\u00e1bbi SsangYong modellek egyik er\u0151ss\u00e9ge volt, \u00e9s a Torres is ezt a hagyom\u00e1nyt folytatja. A csomagt\u00e9r kialak\u00edt\u00e1sa ugyanakkor nem tartalmaz sok k\u00fcl\u00f6nleges megold\u00e1st \u2013 p\u00e9ld\u00e1ul kev\u00e9s r\u00f6gz\u00edt\u00e9si pont tal\u00e1lhat\u00f3 benne \u2013, de a m\u00e9rete \u00edgy is kiemelked\u0151 a kateg\u00f3ri\u00e1ban.<\/p>\n","protected":false},"excerpt":{"rendered":"<p>A n\u00e9z\u0151k szeme l\u00e1tt\u00e1ra omlott \u00f6ssze Ol\u00e1h J\u00e1nos Gell\u00e9rtn\u00e9, akit mindenki csak Pir\u00f3k\u00e9nt ismer. Az 55 \u00e9ves konyhai kiseg\u00edt\u0151 m\u00e1r&#8230; <span class=\"gridview-grid-post-read-more\"><a href=\"https:\/\/matrend.hu\/nekedinfo\/osszeomlott-a-a-sefek-sefe-versenyzoje\/\">read more<span class=\"gridview-sr-only\"> \u00d6sszeomlott a a S\u00e9fek s\u00e9fe versenyz\u0151je<\/span><\/a><\/span><\/p>\n","protected":false},"author":1,"featured_media":6620,"comment_status":"open","ping_status":"open","sticky":false,"template":"","format":"standard","meta":{"footnotes":""},"categories":[1],"tags":[],"class_list":["post-6619","post","type-post","status-publish","format-standard","has-post-thumbnail","hentry","category-egyeb","wpcat-1-id"],"_links":{"self":[{"href":"https:\/\/matrend.hu\/nekedinfo\/wp-json\/wp\/v2\/posts\/6619","targetHints":{"allow":["GET"]}}],"collection":[{"href":"https:\/\/matrend.hu\/nekedinfo\/wp-json\/wp\/v2\/posts"}],"about":[{"href":"https:\/\/matrend.hu\/nekedinfo\/wp-json\/wp\/v2\/types\/post"}],"author":[{"embeddable":true,"href":"https:\/\/matrend.hu\/nekedinfo\/wp-json\/wp\/v2\/users\/1"}],"replies":[{"embeddable":true,"href":"https:\/\/matrend.hu\/nekedinfo\/wp-json\/wp\/v2\/comments?post=6619"}],"version-history":[{"count":1,"href":"https:\/\/matrend.hu\/nekedinfo\/wp-json\/wp\/v2\/posts\/6619\/revisions"}],"predecessor-version":[{"id":6621,"href":"https:\/\/matrend.hu\/nekedinfo\/wp-json\/wp\/v2\/posts\/6619\/revisions\/6621"}],"wp:featuredmedia":[{"embeddable":true,"href":"https:\/\/matrend.hu\/nekedinfo\/wp-json\/wp\/v2\/media\/6620"}],"wp:attachment":[{"href":"https:\/\/matrend.hu\/nekedinfo\/wp-json\/wp\/v2\/media?parent=6619"}],"wp:term":[{"taxonomy":"category","embeddable":true,"href":"https:\/\/matrend.hu\/nekedinfo\/wp-json\/wp\/v2\/categories?post=6619"},{"taxonomy":"post_tag","embeddable":true,"href":"https:\/\/matrend.hu\/nekedinfo\/wp-json\/wp\/v2\/tags?post=6619"}],"curies":[{"name":"wp","href":"https:\/\/api.w.org\/{rel}","templated":true}]}}