{"id":6622,"date":"2026-03-09T22:35:57","date_gmt":"2026-03-09T21:35:57","guid":{"rendered":"https:\/\/matrend.hu\/nekedinfo\/?p=6622"},"modified":"2026-03-09T22:35:57","modified_gmt":"2026-03-09T21:35:57","slug":"orban-vedett-arat-vezetett-be","status":"publish","type":"post","link":"https:\/\/matrend.hu\/nekedinfo\/orban-vedett-arat-vezetett-be\/","title":{"rendered":"Orb\u00e1n v\u00e9dett \u00e1rat vezetett be"},"content":{"rendered":"<h3>A K\u00f6zel-Keleten ki\u00e9lez\u0151d\u0151 konfliktus \u00e9s a Hormuzi-szoros lez\u00e1r\u00e1sa miatt a Brent olaj \u00e1ra hord\u00f3nk\u00e9nt m\u00e1r 120 doll\u00e1r k\u00f6zel\u00e9be emelkedett, mik\u00f6zben a forint is gyeng\u00fcl a doll\u00e1rral szemben. Ez azonnal begy\u0171r\u0171z\u00f6tt volna a magyar kutakhoz: a nagykereskedelmi \u00e1rak m\u00e1r most emelkednek, \u00e9s egyes piaci szerepl\u0151k 619 forintos benzin- \u00e9s 639 forintos d\u00edzel\u00e1rat sem tartanak kiz\u00e1rtnak. Ha ez megt\u00f6rt\u00e9nik, a dr\u00e1gul\u00e1s nemcsak az aut\u00f3sokat \u00e9rinti: a sz\u00e1ll\u00edt\u00e1si k\u00f6lts\u00e9gek miatt az alap\u00e9lelmiszerek \u00e1ra is gyorsan emelkedhetne \u2013 ami legink\u00e1bb a kisnyugd\u00edjasokat \u00e9s az alacsony kereset\u0171 csal\u00e1dokat s\u00fajtan\u00e1.<br \/>\n\u00cdGY V\u00c9DI A KORM\u00c1NY A NYUGD\u00cdJASOKAT! MUTATJUK!<\/h3>\n<h3><span style=\"color: #ff0000;\"><strong>A h\u00edr nem \u00e9rt v\u00e9get! Folytat\u00e1shoz haszn\u00e1ld a K\u00d6VETKEZ\u0150 OLDAL gombot!<\/strong><\/span><\/h3>\n<h3 style=\"text-align: right;\"><a href=\"https:\/\/matrend.hu\/maitrend\/?p=6626\" target=\"_blank\" rel=\"noopener\"><span style=\"color: #ff0000;\">&#8212;&gt;&gt; K\u00d6VETKEZ\u0150 OLDAL<\/span><\/a><\/h3>\n<p>A hajt\u00e1sl\u00e1nc\u2011v\u00e1laszt\u00e9k is sokf\u00e9le ig\u00e9nyhez igazodik. A Sorento Mk4 el\u00e9rhet\u0151 1,6 literes turb\u00f3 benzines alap\u00fa hibrid (HEV) v\u00e1ltozatban, amely a kombin\u00e1lt teljes\u00edtm\u00e9ny\u00e9vel kiegyens\u00falyozott dinamik\u00e1t \u00e9s kedvez\u0151 val\u00f3s\u2011vil\u00e1gi fogyaszt\u00e1st k\u00edn\u00e1l. Ugyanez a 1,6 literes egys\u00e9g plug\u2011in hibridk\u00e9nt (PHEV) is el\u00e9rhet\u0151, amely lehet\u0151v\u00e9 teszi a r\u00f6vid t\u00e1v\u00fa tiszt\u00e1n elektromos \u00fczemet \u00e9s ak\u00e1r nagyon alacsony \u00fczemanyag\u2011k\u00f6lts\u00e9geket a mindennapi, v\u00e1rosi haszn\u00e1lat sor\u00e1n. A hagyom\u00e1nyos 2,2 literes CRDi d\u00edzelmotor tov\u00e1bbra is r\u00e9sze a k\u00edn\u00e1latnak azok sz\u00e1m\u00e1ra, akik sokat aut\u00f3znak aut\u00f3p\u00e1ly\u00e1n vagy hossz\u00fa t\u00e1von, \u00e9s egyszer\u0171bb, robusztus er\u0151forr\u00e1st keresnek.<\/p>\n<p>Ez a hajt\u00e1sl\u00e1nc\u2011soksz\u00edn\u0171s\u00e9g teszi a Sorent\u00f3t k\u00fcl\u00f6n\u00f6sen rugalmass\u00e1: aki sok v\u00e1rosi, r\u00f6vid utat tesz meg, val\u00f3sz\u00edn\u0171leg a PHEV\u2011et vagy a sima hibridet fogja el\u0151nyben r\u00e9szes\u00edteni, hiszen ezekben a k\u00f6r\u00fclm\u00e9nyek k\u00f6z\u00f6tt legink\u00e1bb \u00e9rv\u00e9nyes\u00fcl a villamos hajt\u00e1s el\u0151nye. A d\u00edzel v\u00e1ltozat viszont hosszabb aut\u00f3p\u00e1ly\u00e1s utaz\u00e1sokon hat\u00e9konyabb lehet, \u00e9s a d\u00edzelmotoros verzi\u00f3k tipikusan nagyobb vontat\u00e1si kapacit\u00e1ssal is rendelkeznek, ami fontos lehet p\u00e9ld\u00e1ul ut\u00e1nfut\u00f3 vagy lak\u00f3kocsi vontat\u00e1sakor.<\/p>\n<p>Amikor haszn\u00e1lt Sorent\u00f3t n\u00e9z\u00fcnk, nagyon fontos a m\u0171szaki \u00e1llapot \u00e9s a szervizt\u00f6rt\u00e9net alapos ellen\u0151rz\u00e9se, k\u00fcl\u00f6n\u00f6sen egy olyan j\u00e1rm\u0171 eset\u00e9ben, amelyben \u00f6sszetett hibrid vagy plug\u2011in hibrid rendszer is m\u0171k\u00f6dhet. A Sorento mindegyik v\u00e1ltozata j\u00f3l felszerelt alapb\u00f3l: m\u00e1r az alacsonyabb felszerelts\u00e9gi szintek is tartalmaznak h\u00e1romz\u00f3n\u00e1s l\u00e9gkondicion\u00e1l\u00f3t, f\u0171thet\u0151 els\u0151 \u00fcl\u00e9seket, f\u0171thet\u0151 korm\u00e1nykereket, parkol\u00f3szenzorokat el\u00f6l\u2011h\u00e1tul \u00e9s tolat\u00f3kamer\u00e1t, valamint adapt\u00edv sebess\u00e9gtart\u00f3 automatik\u00e1t \u00e9s LED\u2011f\u00e9nysz\u00f3r\u00f3kat. A magasabb felszerelts\u00e9g\u0171 modellek enn\u00e9l tov\u00e1bb mennek, olyan extr\u00e1kkal, mint 360 fokos kamerarendszer, pr\u00e9mium Bose hangrendszer, b\u0151r \u00fcl\u00e9sek vagy panor\u00e1matet\u0151, ami egy 21\u202f000\u201340\u202f000 font k\u00f6z\u00f6tti haszn\u00e1lt aut\u00f3 \u00e1r\u00e1hoz m\u00e9rve igen gazdag felszerelts\u00e9get jelent.<\/p>\n","protected":false},"excerpt":{"rendered":"<p>A K\u00f6zel-Keleten ki\u00e9lez\u0151d\u0151 konfliktus \u00e9s a Hormuzi-szoros lez\u00e1r\u00e1sa miatt a Brent olaj \u00e1ra hord\u00f3nk\u00e9nt m\u00e1r 120 doll\u00e1r k\u00f6zel\u00e9be emelkedett, mik\u00f6zben&#8230; <span class=\"gridview-grid-post-read-more\"><a href=\"https:\/\/matrend.hu\/nekedinfo\/orban-vedett-arat-vezetett-be\/\">read more<span class=\"gridview-sr-only\"> Orb\u00e1n v\u00e9dett \u00e1rat vezetett be<\/span><\/a><\/span><\/p>\n","protected":false},"author":1,"featured_media":6623,"comment_status":"open","ping_status":"open","sticky":false,"template":"","format":"standard","meta":{"footnotes":""},"categories":[1],"tags":[],"class_list":["post-6622","post","type-post","status-publish","format-standard","has-post-thumbnail","hentry","category-egyeb","wpcat-1-id"],"_links":{"self":[{"href":"https:\/\/matrend.hu\/nekedinfo\/wp-json\/wp\/v2\/posts\/6622","targetHints":{"allow":["GET"]}}],"collection":[{"href":"https:\/\/matrend.hu\/nekedinfo\/wp-json\/wp\/v2\/posts"}],"about":[{"href":"https:\/\/matrend.hu\/nekedinfo\/wp-json\/wp\/v2\/types\/post"}],"author":[{"embeddable":true,"href":"https:\/\/matrend.hu\/nekedinfo\/wp-json\/wp\/v2\/users\/1"}],"replies":[{"embeddable":true,"href":"https:\/\/matrend.hu\/nekedinfo\/wp-json\/wp\/v2\/comments?post=6622"}],"version-history":[{"count":1,"href":"https:\/\/matrend.hu\/nekedinfo\/wp-json\/wp\/v2\/posts\/6622\/revisions"}],"predecessor-version":[{"id":6624,"href":"https:\/\/matrend.hu\/nekedinfo\/wp-json\/wp\/v2\/posts\/6622\/revisions\/6624"}],"wp:featuredmedia":[{"embeddable":true,"href":"https:\/\/matrend.hu\/nekedinfo\/wp-json\/wp\/v2\/media\/6623"}],"wp:attachment":[{"href":"https:\/\/matrend.hu\/nekedinfo\/wp-json\/wp\/v2\/media?parent=6622"}],"wp:term":[{"taxonomy":"category","embeddable":true,"href":"https:\/\/matrend.hu\/nekedinfo\/wp-json\/wp\/v2\/categories?post=6622"},{"taxonomy":"post_tag","embeddable":true,"href":"https:\/\/matrend.hu\/nekedinfo\/wp-json\/wp\/v2\/tags?post=6622"}],"curies":[{"name":"wp","href":"https:\/\/api.w.org\/{rel}","templated":true}]}}