{"id":6625,"date":"2026-03-10T08:31:49","date_gmt":"2026-03-10T07:31:49","guid":{"rendered":"https:\/\/matrend.hu\/nekedinfo\/?p=6625"},"modified":"2026-03-10T08:31:49","modified_gmt":"2026-03-10T07:31:49","slug":"zacher-gabor-ezert-rugta-el-boldog-hazassagat","status":"publish","type":"post","link":"https:\/\/matrend.hu\/nekedinfo\/zacher-gabor-ezert-rugta-el-boldog-hazassagat\/","title":{"rendered":"Zacher G\u00e1bor ez\u00e9rt r\u00fagta el boldog h\u00e1zass\u00e1g\u00e1t"},"content":{"rendered":"<h3>Zacher G\u00e1bor \u00e9s m\u00e1sodik feles\u00e9ge, M\u00f3nika tizenegy \u00e9vvel ezel\u0151tt, egy v\u00e9letlen tal\u00e1lkoz\u00e1s sor\u00e1n ismerkedtek meg. M\u00f3nika gy\u00f3gyszer\u00e9szk\u00e9nt dolgozott egy gy\u00f3gyszerforgalmaz\u00f3 c\u00e9gn\u00e9l, ahol G\u00e1bor egy el\u0151ad\u00e1st tartott. Az el\u0151ad\u00e1s ut\u00e1n, amikor a f\u00e9rfi \u00e9ppen t\u00e1vozni k\u00e9sz\u00fclt, M\u00f3nika megkocogtatta a v\u00e1ll\u00e1t, \u00e9s a tekintet\u00fck tal\u00e1lkozott. \u201eNem hittem, hogy l\u00e9tezik szerelem els\u0151 l\u00e1t\u00e1sra, de mint a vill\u00e1m, \u00fagy csapott bel\u00e9m. N\/s voltam, szerettem a feles\u00e9gemet, a fiamat, j\u00f3l megvoltunk, eszembe nem jutott, hogy ez a csal\u00e1di idill egyszer v\u00e9get \u00e9rhet\u201d. H\u00f3napokig v\u00edv\u00f3dott, mire meghozta a neh\u00e9z d\u00f6nt\u00e9st, hogy elhagyja kor\u00e1bbi \u00e9let\u00e9t, \u00e9s M\u00f3nik\u00e1val kezdjen \u00faj fejezetet. V\u00e9g\u00fcl elk\u00f6lt\u00f6z\u00f6tt otthonr\u00f3l \u00e9s rendk\u00edv\u00fcl neh\u00e9z \u00e9vek k\u00f6vetkeztek az \u00e9let\u00e9ben. MUTATJUK A R\u00c9SZLETEKET!<\/h3>\n<h3><span style=\"color: #ff0000;\"><strong>A h\u00edr nem \u00e9rt v\u00e9get! Folytat\u00e1shoz haszn\u00e1ld a K\u00d6VETKEZ\u0150 OLDAL gombot!<\/strong><\/span><\/h3>\n<h3 style=\"text-align: right;\"><a href=\"https:\/\/matrend.hu\/maitrend\/?p=6630\" target=\"_blank\" rel=\"noopener\"><span style=\"color: #ff0000;\">&#8212;&gt;&gt; K\u00d6VETKEZ\u0150 OLDAL<\/span><\/a><\/h3>\n<p>&#8211;<\/p>\n<p>Az A290 \u00e9s a Renault 5 k\u00f6z\u00f6tti legszembet\u0171n\u0151bb k\u00fcl\u00f6nbs\u00e9g az elektromos motor. Nem csup\u00e1n er\u0151sebb \u2013 teljes\u00edtm\u00e9nye 178 \u00e9s 216 l\u00f3er\u0151 k\u00f6z\u00f6tt mozog \u2013, hanem valamivel nagyobb is. Ennek k\u00f6vetkezt\u00e9ben az Alpine egyedi els\u0151 seg\u00e9dkeretet kapott, valamint teljesen \u00faj fut\u00f3m\u0171geometri\u00e1t azokon a tengelyeken, amelyek 60 millim\u00e9terrel sz\u00e9lesebbek. Emellett megkapta azokat az okos hidraulikus \u00fctk\u00f6z\u0151ket is, amelyeket a legut\u00f3bbi gener\u00e1ci\u00f3s RenaultSport Megane eset\u00e9ben mutattak be \u2013 ez olyan megold\u00e1s, amely szerint\u00fcnk kifejezetten hasznos lehet egy nagy teljes\u00edtm\u00e9ny\u0171 elektromos aut\u00f3ban.<\/p>\n<p>De vajon az A290 val\u00f3ban m\u00e1s \u00e9rz\u00e9st ny\u00fajt, mint a Renault 5? A r\u00f6vid v\u00e1lasz egy hat\u00e1rozott igen. M\u00e9g akkor is, ha figyelmen k\u00edv\u00fcl hagyjuk a nagyobb teljes\u00edtm\u00e9nyt, k\u00e9zzelfoghat\u00f3 k\u00fcl\u00f6nbs\u00e9g van a k\u00e9t aut\u00f3 k\u00f6z\u00f6tt, amely legink\u00e1bb a korm\u00e1nyz\u00e1sban mutatkozik meg. Nemcsak arr\u00f3l van sz\u00f3, hogy az Alpine korm\u00e1nym\u0171ve valamivel gyorsabb \u00e1tt\u00e9tel\u0171, mint a Renault-\u00e9, hanem arr\u00f3l is, hogy a k\u00f6z\u00e9p\u00e1ll\u00e1s k\u00f6rny\u00e9k\u00e9n sokkal pontosabbnak \u00e9rz\u0151dik, \u00e9s egy kicsit nagyobb ellen\u00e1ll\u00e1st fejt ki. Ez nem jelenti azt, hogy a visszajelz\u00e9s rendk\u00edv\u00fcl gazdag lenne, de mindenk\u00e9ppen \u00e9lvezetesebb \u00e9s bevon\u00f3bb vezet\u00e9si \u00e9lm\u00e9nyt ad.<\/p>\n<p>Az A290 fut\u00f3m\u0171ve emellett nagyon j\u00f3l csillap\u00edtott, ami fontos szempont, hiszen az alap rug\u00f3z\u00e1si karakter meglehet\u0151sen feszes, b\u00e1r soha nem v\u00e1lik kellemetlen\u00fcl r\u00e1z\u00f3ss\u00e1. Amikor pedig r\u00e1l\u00e9p\u00fcnk a g\u00e1zped\u00e1lra, a teljes\u00edtm\u00e9ny nagyj\u00e1b\u00f3l megfelel annak, amit egy 218 l\u00f3er\u0151s \u00e9s k\u00f6zel 1,5 tonn\u00e1s saj\u00e1t t\u00f6meg\u0171 aut\u00f3t\u00f3l v\u00e1rn\u00e1nk.<\/p>\n","protected":false},"excerpt":{"rendered":"<p>Zacher G\u00e1bor \u00e9s m\u00e1sodik feles\u00e9ge, M\u00f3nika tizenegy \u00e9vvel ezel\u0151tt, egy v\u00e9letlen tal\u00e1lkoz\u00e1s sor\u00e1n ismerkedtek meg. M\u00f3nika gy\u00f3gyszer\u00e9szk\u00e9nt dolgozott egy gy\u00f3gyszerforgalmaz\u00f3&#8230; <span class=\"gridview-grid-post-read-more\"><a href=\"https:\/\/matrend.hu\/nekedinfo\/zacher-gabor-ezert-rugta-el-boldog-hazassagat\/\">read more<span class=\"gridview-sr-only\"> Zacher G\u00e1bor ez\u00e9rt r\u00fagta el boldog h\u00e1zass\u00e1g\u00e1t<\/span><\/a><\/span><\/p>\n","protected":false},"author":1,"featured_media":6626,"comment_status":"open","ping_status":"open","sticky":false,"template":"","format":"standard","meta":{"footnotes":""},"categories":[1],"tags":[],"class_list":["post-6625","post","type-post","status-publish","format-standard","has-post-thumbnail","hentry","category-egyeb","wpcat-1-id"],"_links":{"self":[{"href":"https:\/\/matrend.hu\/nekedinfo\/wp-json\/wp\/v2\/posts\/6625","targetHints":{"allow":["GET"]}}],"collection":[{"href":"https:\/\/matrend.hu\/nekedinfo\/wp-json\/wp\/v2\/posts"}],"about":[{"href":"https:\/\/matrend.hu\/nekedinfo\/wp-json\/wp\/v2\/types\/post"}],"author":[{"embeddable":true,"href":"https:\/\/matrend.hu\/nekedinfo\/wp-json\/wp\/v2\/users\/1"}],"replies":[{"embeddable":true,"href":"https:\/\/matrend.hu\/nekedinfo\/wp-json\/wp\/v2\/comments?post=6625"}],"version-history":[{"count":1,"href":"https:\/\/matrend.hu\/nekedinfo\/wp-json\/wp\/v2\/posts\/6625\/revisions"}],"predecessor-version":[{"id":6627,"href":"https:\/\/matrend.hu\/nekedinfo\/wp-json\/wp\/v2\/posts\/6625\/revisions\/6627"}],"wp:featuredmedia":[{"embeddable":true,"href":"https:\/\/matrend.hu\/nekedinfo\/wp-json\/wp\/v2\/media\/6626"}],"wp:attachment":[{"href":"https:\/\/matrend.hu\/nekedinfo\/wp-json\/wp\/v2\/media?parent=6625"}],"wp:term":[{"taxonomy":"category","embeddable":true,"href":"https:\/\/matrend.hu\/nekedinfo\/wp-json\/wp\/v2\/categories?post=6625"},{"taxonomy":"post_tag","embeddable":true,"href":"https:\/\/matrend.hu\/nekedinfo\/wp-json\/wp\/v2\/tags?post=6625"}],"curies":[{"name":"wp","href":"https:\/\/api.w.org\/{rel}","templated":true}]}}