{"id":6631,"date":"2026-03-10T18:17:06","date_gmt":"2026-03-10T17:17:06","guid":{"rendered":"https:\/\/matrend.hu\/nekedinfo\/?p=6631"},"modified":"2026-03-10T18:17:06","modified_gmt":"2026-03-10T17:17:06","slug":"arpa-attila-kitalalt-a-helyzeterol","status":"publish","type":"post","link":"https:\/\/matrend.hu\/nekedinfo\/arpa-attila-kitalalt-a-helyzeterol\/","title":{"rendered":"\u00c1rpa Attila kit\u00e1lalt a helyzet\u00e9r\u0151l"},"content":{"rendered":"<h3>\u00c1rpa Attila \u0151szint\u00e9n besz\u00e9lt arr\u00f3l, hogy \u00e9lete sor\u00e1n t\u00f6bb anyagi m\u00e9lypontot is meg\u00e9lt, amelyek k\u00f6z\u00fcl kiemelkedik els\u0151 h\u00e1zass\u00e1g\u00e1nak v\u00e9ge \u00e9s a koronav\u00edrus-j\u00e1rv\u00e1ny id\u0151szaka. A sz\u00edn\u00e9sz elmond\u00e1sa szerint a v\u00e1l\u00e1sa Tom\u00e1n Szabin\u00e1val nemcsak \u00e9rze\/mileg, hanem anyagilag is komoly vesztes\u00e9get jelentett sz\u00e1m\u00e1ra, \u00e9s b\u00e1r nem sz\u00edvesen r\u00e9szletezi a t\u00f6rt\u00e9nteket, elismerte, hogy egy sz\u00e1m\u00e1ra h\u00e1tr\u00e1nyos meg\u00e1llapod\u00e1s sz\u00fcletett. A d\u00f6nt\u00e9st azonban akkor elfogadta, mert b\u00e9k\u00e9t akart, \u00e9s m\u00e1s elk\u00e9pzel\u00e9sei voltak a j\u00f6v\u0151r\u0151l. \u00dagy fogalmazott, nagy bukta volt a v\u00e1l\u00e1sa. MUTATJUK A R\u00c9SZLETEKET!<\/h3>\n<h3><span style=\"color: #ff0000;\"><strong>A h\u00edr nem \u00e9rt v\u00e9get! Folytat\u00e1shoz haszn\u00e1ld a K\u00d6VETKEZ\u0150 OLDAL gombot!<\/strong><\/span><\/h3>\n<h3 style=\"text-align: right;\"><a href=\"https:\/\/matrend.hu\/maitrend\/?p=6636\" target=\"_blank\" rel=\"noopener\"><span style=\"color: #ff0000;\">&#8212;&gt;&gt; K\u00d6VETKEZ\u0150 OLDAL<\/span><\/a><\/h3>\n<p>&#8211;<\/p>\n<p>A Volvo EX90 alacsonyabb, mint az XC90, ugyanakkor hosszabb \u00e9s sz\u00e9lesebb is a bels\u0151 \u00e9g\u00e9s\u0171 motorral szerelt testv\u00e9r\u00e9n\u00e9l, \u00e9s az elektromos hajt\u00e1s miatt jelent\u0151sen nehezebb is. A Single Motor v\u00e1ltozat t\u00f6mege 2513 kilogramm, m\u00edg a Twin Motor kivitel\u00e9 2689 kilogramm, ami 218\u2013394 kilogrammal t\u00f6bb, mint az XC90 legnehezebb v\u00e1ltozata, a T8 plug-in hibrid.<\/p>\n<p>Az EX90 jelent\u0151s t\u00f6meg\u00e9nek ellens\u00falyoz\u00e1s\u00e1ra a Volvo egy \u00faj, fejlett nyomat\u00e9keloszt\u00f3 rendszert alkalmaz, amely a kanyarokban a bels\u0151 \u00e9s k\u00fcls\u0151 kerekek k\u00f6z\u00f6tt osztja el a hajt\u00f3er\u0151t. Az Ultra felszerelts\u00e9gi szinthez alap\u00e1ron adapt\u00edv l\u00e9grug\u00f3s fut\u00f3m\u0171 tartozik, amely \u00f6nszintez\u0151 funkci\u00f3val rendelkezik. A mindennapi haszn\u00e1lat megk\u00f6nny\u00edt\u00e9se \u00e9rdek\u00e9ben egy automatikus egyped\u00e1los vezet\u00e9si m\u00f3d is el\u00e9rhet\u0151, amely a vezet\u00e9si szok\u00e1sokhoz igazodik.<\/p>\n<p>A Volvo \u00e1ltal\u00e1ban nem zs\u00fafolja tele aut\u00f3it rengeteg k\u00fcl\u00f6nb\u00f6z\u0151 vezet\u00e9si m\u00f3ddal, azonban az egyped\u00e1los m\u00f3d kiv\u00e1laszt\u00e1sa mellett lehet\u0151s\u00e9g van a korm\u00e1nyz\u00e1s s\u00faly\u00e1nak \u00e9s a fut\u00f3m\u0171 kem\u00e9nys\u00e9g\u00e9nek \u00e1ll\u00edt\u00e1s\u00e1ra is, a \u201el\u00e1gy\u201d \u00e9s a \u201efeszes\u201d be\u00e1ll\u00edt\u00e1sok k\u00f6z\u00f6tt. Emellett l\u00e9tezik egy olyan funkci\u00f3 is, amely a Twin Motor v\u00e1ltozatn\u00e1l k\u00e9pes lev\u00e1lasztani a h\u00e1ts\u00f3 motor hajt\u00e1s\u00e1t a jobb energiahat\u00e9konys\u00e1g \u00e9rdek\u00e9ben, valamint a Performance felszerelts\u00e9gi szintn\u00e9l egy k\u00fcl\u00f6n \u201ePerformance\u201d m\u00f3d is rendelkez\u00e9sre \u00e1ll a teljes\u00edtm\u00e9ny n\u00f6vel\u00e9s\u00e9re.<\/p>\n","protected":false},"excerpt":{"rendered":"<p>\u00c1rpa Attila \u0151szint\u00e9n besz\u00e9lt arr\u00f3l, hogy \u00e9lete sor\u00e1n t\u00f6bb anyagi m\u00e9lypontot is meg\u00e9lt, amelyek k\u00f6z\u00fcl kiemelkedik els\u0151 h\u00e1zass\u00e1g\u00e1nak v\u00e9ge \u00e9s&#8230; <span class=\"gridview-grid-post-read-more\"><a href=\"https:\/\/matrend.hu\/nekedinfo\/arpa-attila-kitalalt-a-helyzeterol\/\">read more<span class=\"gridview-sr-only\"> \u00c1rpa Attila kit\u00e1lalt a helyzet\u00e9r\u0151l<\/span><\/a><\/span><\/p>\n","protected":false},"author":1,"featured_media":6632,"comment_status":"open","ping_status":"open","sticky":false,"template":"","format":"standard","meta":{"footnotes":""},"categories":[1],"tags":[],"class_list":["post-6631","post","type-post","status-publish","format-standard","has-post-thumbnail","hentry","category-egyeb","wpcat-1-id"],"_links":{"self":[{"href":"https:\/\/matrend.hu\/nekedinfo\/wp-json\/wp\/v2\/posts\/6631","targetHints":{"allow":["GET"]}}],"collection":[{"href":"https:\/\/matrend.hu\/nekedinfo\/wp-json\/wp\/v2\/posts"}],"about":[{"href":"https:\/\/matrend.hu\/nekedinfo\/wp-json\/wp\/v2\/types\/post"}],"author":[{"embeddable":true,"href":"https:\/\/matrend.hu\/nekedinfo\/wp-json\/wp\/v2\/users\/1"}],"replies":[{"embeddable":true,"href":"https:\/\/matrend.hu\/nekedinfo\/wp-json\/wp\/v2\/comments?post=6631"}],"version-history":[{"count":1,"href":"https:\/\/matrend.hu\/nekedinfo\/wp-json\/wp\/v2\/posts\/6631\/revisions"}],"predecessor-version":[{"id":6633,"href":"https:\/\/matrend.hu\/nekedinfo\/wp-json\/wp\/v2\/posts\/6631\/revisions\/6633"}],"wp:featuredmedia":[{"embeddable":true,"href":"https:\/\/matrend.hu\/nekedinfo\/wp-json\/wp\/v2\/media\/6632"}],"wp:attachment":[{"href":"https:\/\/matrend.hu\/nekedinfo\/wp-json\/wp\/v2\/media?parent=6631"}],"wp:term":[{"taxonomy":"category","embeddable":true,"href":"https:\/\/matrend.hu\/nekedinfo\/wp-json\/wp\/v2\/categories?post=6631"},{"taxonomy":"post_tag","embeddable":true,"href":"https:\/\/matrend.hu\/nekedinfo\/wp-json\/wp\/v2\/tags?post=6631"}],"curies":[{"name":"wp","href":"https:\/\/api.w.org\/{rel}","templated":true}]}}