{"id":6634,"date":"2026-03-10T19:15:44","date_gmt":"2026-03-10T18:15:44","guid":{"rendered":"https:\/\/matrend.hu\/nekedinfo\/?p=6634"},"modified":"2026-03-10T19:15:44","modified_gmt":"2026-03-10T18:15:44","slug":"porig-alazta-toth-gabi-krausz-gabort","status":"publish","type":"post","link":"https:\/\/matrend.hu\/nekedinfo\/porig-alazta-toth-gabi-krausz-gabort\/","title":{"rendered":"Porig al\u00e1zta T\u00f3th Gabi Krausz G\u00e1bort"},"content":{"rendered":"<h3>A besz\u00e9lget\u00e9s sor\u00e1n az \u00e9nekesn\u0151 egyre \u0151szint\u00e9bben besz\u00e9lt a m\u00faltj\u00e1r\u00f3l, \u00e9s arr\u00f3l, milyen terheket cipelt a kor\u00e1bbi kapcsolataiban. Elmond\u00e1sa szerint hossz\u00fa \u00e9veken \u00e1t \u0151 volt az, aki a nagyobb anyagi felel\u0151ss\u00e9get viselte \u2013 m\u00e9g a h\u00e1zass\u00e1ga idej\u00e9n is. \u201e\u00c9n vittem a nagyobb anyagi terheket\u201d \u2013 mondta ki kertel\u00e9s n\u00e9lk\u00fcl. Ez a kijelent\u00e9s k\u00fcl\u00f6n\u00f6sen \u00e9lesen hathat Krausz G\u00e1bor fel\u00e9, hiszen a szt\u00e1rs\u00e9f karrierje \u00e9ppen a k\u00f6z\u00f6s \u00e9veik alatt er\u0151s\u00f6d\u00f6tt meg igaz\u00e1n.<br \/>\nA fesz\u00fclts\u00e9g azonban itt m\u00e9g nem \u00e9rt v\u00e9get. EZZEL VERTE KI A BIZTOS\u00cdT\u00c9KOT! MUTATJUK!<\/h3>\n<h3><span style=\"color: #ff0000;\"><strong>A h\u00edr nem \u00e9rt v\u00e9get! Folytat\u00e1shoz haszn\u00e1ld a K\u00d6VETKEZ\u0150 OLDAL gombot!<\/strong><\/span><\/h3>\n<h3 style=\"text-align: right;\"><a href=\"https:\/\/matrend.hu\/maitrend\/?p=6639\" target=\"_blank\" rel=\"noopener\"><span style=\"color: #ff0000;\">&#8212;&gt;&gt; K\u00d6VETKEZ\u0150 OLDAL<\/span><\/a><\/h3>\n<p>Term\u00e9szetesen egy ilyen teljes\u00edtm\u00e9nyn\u00f6veked\u00e9s nem jelentheti azt, hogy az aut\u00f3 t\u00f6bbi r\u00e9sze v\u00e1ltozatlan marad. A m\u00e9rn\u00f6k\u00f6k ez\u00e9rt gyakorlatilag minden alkatr\u00e9szt \u00e1tvizsg\u00e1lnak \u00e9s sz\u00fcks\u00e9g eset\u00e9n m\u00f3dos\u00edtanak. Az er\u0151sebb hajt\u00e1sl\u00e1nc mellett \u00faj, meger\u0151s\u00edtett \u00f6sszker\u00e9khajt\u00e1si rendszer ker\u00fcl az aut\u00f3ba, a fut\u00f3m\u0171vet Bilstein terepg\u00e1tl\u00f3k seg\u00edtik, a f\u00e9kek pedig n\u00e9gydugatty\u00fas Alcon nyergeket kapnak. M\u00e9g az alv\u00e1zat is \u00fajragy\u00e1rtj\u00e1k, b\u00e1r a j\u00e1rm\u0171 meg\u0151rzi az eredeti alv\u00e1zsz\u00e1m\u00e1t, hogy hivatalosan tov\u00e1bbra is a donoraut\u00f3k\u00e9nt azonos\u00edthat\u00f3 legyen.<\/p>\n<p>A restaur\u00e1l\u00e1s sor\u00e1n olyan apr\u00f3 r\u00e9szletekre is figyelnek, amelyek els\u0151re jelent\u00e9ktelennek t\u0171nnek, m\u00e9gis fontosak az autentikus \u00e9lm\u00e9ny szempontj\u00e1b\u00f3l. A fejleszt\u0151k p\u00e9ld\u00e1ul arr\u00f3l is besz\u00e1moltak, hogy egy speci\u00e1lis biztons\u00e1gi\u00f6v-csavar beszerz\u00e9se volt az egyik legnehezebb feladat, mert olyan egyedi m\u00e9ret\u0171 alkatr\u00e9szr\u0151l van sz\u00f3, amelyet m\u00e1r \u00e9vtizedekkel ezel\u0151tt terveztek. A klasszikus r\u00e9szleg ez\u00e9rt hatalmas arch\u00edvumot haszn\u00e1l, amelyben t\u00f6bb mint egymilli\u00f3 dokumentum tal\u00e1lhat\u00f3, \u00edgy k\u00e9pesek az eredeti specifik\u00e1ci\u00f3k szerint \u00fajragy\u00e1rtani a sz\u00fcks\u00e9ges elemeket.<\/p>\n<p>Az aut\u00f3 bels\u0151 tere k\u00fcl\u00f6nleges kompromisszumot k\u00e9pvisel a m\u00falt \u00e9s a jelen k\u00f6z\u00f6tt. A kabin alapvet\u0151en meg\u0151rzi a klasszikus Defender egyszer\u0171, funkcion\u00e1lis hangulat\u00e1t, \u00edgy aki valaha vezetett ilyen modellt, az azonnal otthon \u00e9rezheti mag\u00e1t benne. Ugyanakkor a luxus sem hi\u00e1nyzik: a fel\u00fcletek jelent\u0151s r\u00e9sz\u00e9t b\u0151r bor\u00edtja, \u00e9s ak\u00e1r sportos Recaro \u00fcl\u00e9sek is rendelhet\u0151k. A klasszikus megjelen\u00e9s\u0171 k\u00f6zponti egys\u00e9g modern funkci\u00f3kat k\u00edn\u00e1l, p\u00e9ld\u00e1ul \u00e9rint\u0151k\u00e9perny\u0151t, navig\u00e1ci\u00f3t, digit\u00e1lis r\u00e1di\u00f3t \u00e9s Bluetooth kapcsolatot, b\u00e1r n\u00e9h\u00e1ny mai extr\u00e1t \u2013 p\u00e9ld\u00e1ul az okostelefonos integr\u00e1ci\u00f3t \u2013 meglep\u0151 m\u00f3don nem tartalmazza.<\/p>\n","protected":false},"excerpt":{"rendered":"<p>A besz\u00e9lget\u00e9s sor\u00e1n az \u00e9nekesn\u0151 egyre \u0151szint\u00e9bben besz\u00e9lt a m\u00faltj\u00e1r\u00f3l, \u00e9s arr\u00f3l, milyen terheket cipelt a kor\u00e1bbi kapcsolataiban. Elmond\u00e1sa szerint&#8230; <span class=\"gridview-grid-post-read-more\"><a href=\"https:\/\/matrend.hu\/nekedinfo\/porig-alazta-toth-gabi-krausz-gabort\/\">read more<span class=\"gridview-sr-only\"> Porig al\u00e1zta T\u00f3th Gabi Krausz G\u00e1bort<\/span><\/a><\/span><\/p>\n","protected":false},"author":1,"featured_media":6635,"comment_status":"open","ping_status":"open","sticky":false,"template":"","format":"standard","meta":{"footnotes":""},"categories":[1],"tags":[],"class_list":["post-6634","post","type-post","status-publish","format-standard","has-post-thumbnail","hentry","category-egyeb","wpcat-1-id"],"_links":{"self":[{"href":"https:\/\/matrend.hu\/nekedinfo\/wp-json\/wp\/v2\/posts\/6634","targetHints":{"allow":["GET"]}}],"collection":[{"href":"https:\/\/matrend.hu\/nekedinfo\/wp-json\/wp\/v2\/posts"}],"about":[{"href":"https:\/\/matrend.hu\/nekedinfo\/wp-json\/wp\/v2\/types\/post"}],"author":[{"embeddable":true,"href":"https:\/\/matrend.hu\/nekedinfo\/wp-json\/wp\/v2\/users\/1"}],"replies":[{"embeddable":true,"href":"https:\/\/matrend.hu\/nekedinfo\/wp-json\/wp\/v2\/comments?post=6634"}],"version-history":[{"count":1,"href":"https:\/\/matrend.hu\/nekedinfo\/wp-json\/wp\/v2\/posts\/6634\/revisions"}],"predecessor-version":[{"id":6636,"href":"https:\/\/matrend.hu\/nekedinfo\/wp-json\/wp\/v2\/posts\/6634\/revisions\/6636"}],"wp:featuredmedia":[{"embeddable":true,"href":"https:\/\/matrend.hu\/nekedinfo\/wp-json\/wp\/v2\/media\/6635"}],"wp:attachment":[{"href":"https:\/\/matrend.hu\/nekedinfo\/wp-json\/wp\/v2\/media?parent=6634"}],"wp:term":[{"taxonomy":"category","embeddable":true,"href":"https:\/\/matrend.hu\/nekedinfo\/wp-json\/wp\/v2\/categories?post=6634"},{"taxonomy":"post_tag","embeddable":true,"href":"https:\/\/matrend.hu\/nekedinfo\/wp-json\/wp\/v2\/tags?post=6634"}],"curies":[{"name":"wp","href":"https:\/\/api.w.org\/{rel}","templated":true}]}}