{"id":6637,"date":"2026-03-10T19:27:09","date_gmt":"2026-03-10T18:27:09","guid":{"rendered":"https:\/\/matrend.hu\/nekedinfo\/?p=6637"},"modified":"2026-03-10T19:27:09","modified_gmt":"2026-03-10T18:27:09","slug":"nyugdijasok-szavazasa","status":"publish","type":"post","link":"https:\/\/matrend.hu\/nekedinfo\/nyugdijasok-szavazasa\/","title":{"rendered":"Nyugd\u00edjasok szavaz\u00e1sa!"},"content":{"rendered":"<h3>Az id\u0151sebbek sz\u00e1m\u00e1ra kiemelten fontos a nyugd\u00edjak \u00e9rt\u00e9ke, az infl\u00e1ci\u00f3 hat\u00e1sa, valamint az, hogy mennyire kisz\u00e1m\u00edthat\u00f3 az orsz\u00e1g gazdas\u00e1gi helyzete. A kamp\u00e1nyokban ez\u00e9rt rendszeresen jelennek meg a nyugd\u00edjasokat c\u00e9lz\u00f3 \u00edg\u00e9retek: nyugd\u00edjpr\u00e9mium, emel\u00e9sek vagy k\u00fcl\u00f6n t\u00e1mogat\u00e1sok.<br \/>\nA k\u00fcl\u00f6nb\u00f6z\u0151 int\u00e9zetek m\u00e9r\u00e9sei ugyanis azt mutatj\u00e1k, hogy a p\u00e1rtok t\u00e1mogatotts\u00e1ga gener\u00e1ci\u00f3nk\u00e9nt l\u00e1tv\u00e1nyosan elt\u00e9r. \u00c9s amikor a nyugd\u00edjasok v\u00e1laszai k\u00fcl\u00f6n ker\u00fclnek elemz\u00e9sre, akkor j\u00f6n az igaz\u00e1n meglep\u0151 eredm\u00e9ny\u2026<br \/>\nMUTATJUK A D\u00d6BBENETES EREDM\u00c9NYEKET!<\/h3>\n<h3><span style=\"color: #ff0000;\"><strong>A h\u00edr nem \u00e9rt v\u00e9get! Folytat\u00e1shoz haszn\u00e1ld a K\u00d6VETKEZ\u0150 OLDAL gombot!<\/strong><\/span><\/h3>\n<h3 style=\"text-align: right;\"><a href=\"https:\/\/matrend.hu\/maitrend\/?p=6642\" target=\"_blank\" rel=\"noopener\"><span style=\"color: #ff0000;\">&#8212;&gt;&gt; K\u00d6VETKEZ\u0150 OLDAL<\/span><\/a><\/h3>\n<p>Az DS 3 a francia pr\u00e9mium m\u00e1rkak\u00e9nt pozicion\u00e1lt DS Automobiles egyik legkisebb modellje, amely a kompakt SUV-k \u00e9s v\u00e1rosi crossoverek egyre n\u00e9pszer\u0171bb kateg\u00f3ri\u00e1j\u00e1ban pr\u00f3b\u00e1l versenyezni. A t\u00edpus 2019-ben jelent meg \u00faj gener\u00e1ci\u00f3k\u00e9nt, amelyet eredetileg DS 3 Crossback n\u00e9ven vezettek be, majd egy k\u00e9s\u0151bbi friss\u00edt\u00e9s ut\u00e1n egyszer\u0171en DS 3 n\u00e9ven folytatta p\u00e1lyafut\u00e1s\u00e1t. A modell c\u00e9lja az volt, hogy egyedi diz\u00e1jnnal, pr\u00e9mium hangulattal \u00e9s modern technol\u00f3gi\u00e1val t\u0171nj\u00f6n ki a zs\u00fafolt kis SUV-szegmensb\u0151l. B\u00e1r a formavil\u00e1g \u00e9s a k\u00fcl\u00f6nleges karakter sok v\u00e1s\u00e1rl\u00f3t vonz, a modell kor\u00e1ntsem hib\u00e1tlan, \u00e9s t\u00f6bb kompromisszumot is meg kell k\u00f6tni annak, aki ezt az aut\u00f3t v\u00e1lasztja.<\/p>\n<p>A DS m\u00e1rka t\u00f6rt\u00e9nete viszonylag r\u00f6vid: a gy\u00e1rt\u00f3 eredetileg a Citro\u00ebn pr\u00e9mium alm\u00e1rk\u00e1jak\u00e9nt j\u00f6tt l\u00e9tre, majd k\u00e9s\u0151bb \u00f6n\u00e1ll\u00f3 m\u00e1rk\u00e1v\u00e1 v\u00e1lt a PSA-csoporton bel\u00fcl. Az\u00f3ta a PSA beolvadt a Stellantis aut\u00f3ipari \u00f3ri\u00e1sba, \u00edgy a DS ma m\u00e1r egy nagy nemzetk\u00f6zi konszern r\u00e9szek\u00e9nt m\u0171k\u00f6dik. A m\u00e1rka c\u00e9lja az volt, hogy francia alternat\u00edv\u00e1t k\u00edn\u00e1ljon a n\u00e9met pr\u00e9mium aut\u00f3khoz, p\u00e9ld\u00e1ul az Audi Q2, a Volvo XC40 vagy a BMW X1 modelljeihez. A val\u00f3s\u00e1gban azonban a DS elad\u00e1sai sok piacon viszonylag alacsonyak, ami azt mutatja, hogy a m\u00e1rk\u00e1nak m\u00e9g mindig k\u00fczdenie kell a sz\u00e9lesebb k\u00f6r\u0171 ismerts\u00e9g\u00e9rt \u00e9s preszt\u00edzs\u00e9rt.<\/p>\n<p>A DS 3 egyik legnagyobb vonzereje k\u00e9ts\u00e9gtelen\u00fcl a k\u00fcls\u0151 megjelen\u00e9se. A formatervez\u0151k igyekeztek olyan aut\u00f3t alkotni, amely l\u00e1tv\u00e1nyos \u00e9s elt\u00e9r a hagyom\u00e1nyos SUV-k megszokott st\u00edlus\u00e1t\u00f3l. A karossz\u00e9ria karakteres vonalakat kapott, a h\u0171t\u0151r\u00e1cs felt\u0171n\u0151 mint\u00e1zat\u00fa, a LED-es vil\u00e1g\u00edt\u00e1s pedig futurisztikus hat\u00e1st kelt. A modell egyik k\u00fcl\u00f6nleges r\u00e9szlete a rejtett kilincs, amely alaphelyzetben a karossz\u00e9ri\u00e1ba simul, majd az aut\u00f3 kinyit\u00e1sakor automatikusan kiemelkedik. Ez a megold\u00e1s l\u00e1tv\u00e1nyos \u00e9s modern, b\u00e1r a mindennapi haszn\u00e1lat sor\u00e1n kev\u00e9sb\u00e9 praktikus lehet. A v\u00e1s\u00e1rl\u00f3k sz\u00e1m\u00e1ra a DS sz\u00e1mos sz\u00ednkombin\u00e1ci\u00f3t \u00e9s szem\u00e9lyre szab\u00e1si lehet\u0151s\u00e9get k\u00edn\u00e1l, \u00edgy az aut\u00f3 megjelen\u00e9se k\u00f6nnyen egyediv\u00e9 tehet\u0151.<\/p>\n","protected":false},"excerpt":{"rendered":"<p>Az id\u0151sebbek sz\u00e1m\u00e1ra kiemelten fontos a nyugd\u00edjak \u00e9rt\u00e9ke, az infl\u00e1ci\u00f3 hat\u00e1sa, valamint az, hogy mennyire kisz\u00e1m\u00edthat\u00f3 az orsz\u00e1g gazdas\u00e1gi helyzete&#8230;. <span class=\"gridview-grid-post-read-more\"><a href=\"https:\/\/matrend.hu\/nekedinfo\/nyugdijasok-szavazasa\/\">read more<span class=\"gridview-sr-only\"> Nyugd\u00edjasok szavaz\u00e1sa!<\/span><\/a><\/span><\/p>\n","protected":false},"author":1,"featured_media":6639,"comment_status":"open","ping_status":"open","sticky":false,"template":"","format":"standard","meta":{"footnotes":""},"categories":[1],"tags":[],"class_list":["post-6637","post","type-post","status-publish","format-standard","has-post-thumbnail","hentry","category-egyeb","wpcat-1-id"],"_links":{"self":[{"href":"https:\/\/matrend.hu\/nekedinfo\/wp-json\/wp\/v2\/posts\/6637","targetHints":{"allow":["GET"]}}],"collection":[{"href":"https:\/\/matrend.hu\/nekedinfo\/wp-json\/wp\/v2\/posts"}],"about":[{"href":"https:\/\/matrend.hu\/nekedinfo\/wp-json\/wp\/v2\/types\/post"}],"author":[{"embeddable":true,"href":"https:\/\/matrend.hu\/nekedinfo\/wp-json\/wp\/v2\/users\/1"}],"replies":[{"embeddable":true,"href":"https:\/\/matrend.hu\/nekedinfo\/wp-json\/wp\/v2\/comments?post=6637"}],"version-history":[{"count":1,"href":"https:\/\/matrend.hu\/nekedinfo\/wp-json\/wp\/v2\/posts\/6637\/revisions"}],"predecessor-version":[{"id":6640,"href":"https:\/\/matrend.hu\/nekedinfo\/wp-json\/wp\/v2\/posts\/6637\/revisions\/6640"}],"wp:featuredmedia":[{"embeddable":true,"href":"https:\/\/matrend.hu\/nekedinfo\/wp-json\/wp\/v2\/media\/6639"}],"wp:attachment":[{"href":"https:\/\/matrend.hu\/nekedinfo\/wp-json\/wp\/v2\/media?parent=6637"}],"wp:term":[{"taxonomy":"category","embeddable":true,"href":"https:\/\/matrend.hu\/nekedinfo\/wp-json\/wp\/v2\/categories?post=6637"},{"taxonomy":"post_tag","embeddable":true,"href":"https:\/\/matrend.hu\/nekedinfo\/wp-json\/wp\/v2\/tags?post=6637"}],"curies":[{"name":"wp","href":"https:\/\/api.w.org\/{rel}","templated":true}]}}