{"id":6641,"date":"2026-03-10T19:37:41","date_gmt":"2026-03-10T18:37:41","guid":{"rendered":"https:\/\/matrend.hu\/nekedinfo\/?p=6641"},"modified":"2026-03-10T19:37:41","modified_gmt":"2026-03-10T18:37:41","slug":"magyarorszag-ezt-az-idoszamitast-vezeti-be","status":"publish","type":"post","link":"https:\/\/matrend.hu\/nekedinfo\/magyarorszag-ezt-az-idoszamitast-vezeti-be\/","title":{"rendered":"Magyarorsz\u00e1g ezt az id\u0151sz\u00e1m\u00edt\u00e1st vezeti be"},"content":{"rendered":"<h3>A d\u00f6nt\u00e9st eredetileg 2021-ig kellett volna meghozni, \u00e1m a vil\u00e1g k\u00f6zben teljesen felfordult: j\u00f6tt a pand\u00e9mia, majd a h\u00e1b\/0\/r\u00fa, \u00edgy a k\u00e9rd\u00e9s \u00fajra \u00e9s \u00fajra leker\u00fclt a napirendr\u0151l. Egy id\u0151ben m\u00e9g az is felmer\u00fclt, hogy az Eur\u00f3pai Bizotts\u00e1g visszavonja a megsz\u00fcntet\u00e9sr\u0151l sz\u00f3l\u00f3 kor\u00e1bbi javaslat\u00e1t.<br \/>\nMAGYARORSZ\u00c1G D\u00d6NT\u00d6TT! MUTATJUK A V\u00c9GEREDM\u00c9NYT!<\/h3>\n<h3><span style=\"color: #ff0000;\"><strong>A h\u00edr nem \u00e9rt v\u00e9get! Folytat\u00e1shoz haszn\u00e1ld a K\u00d6VETKEZ\u0150 OLDAL gombot!<\/strong><\/span><\/h3>\n<h3 style=\"text-align: right;\"><a href=\"https:\/\/matrend.hu\/maitrend\/?p=6645\" target=\"_blank\" rel=\"noopener\"><span style=\"color: #ff0000;\">&#8212;&gt;&gt; K\u00d6VETKEZ\u0150 OLDAL<\/span><\/a><\/h3>\n<p>A Citro\u00ebn C4 t\u00f6bb mint t\u00edz \u00e9ve szerepel a kompakt csal\u00e1di aut\u00f3k palett\u00e1j\u00e1n, \u00e9s a m\u00e1rka egyedi megk\u00f6zel\u00edt\u00e9s\u00e9t t\u00fckr\u00f6zi azon a piacon, ahol sok konkurens ink\u00e1bb a megszokott, semleges formavil\u00e1got k\u00e9pviseli. A modell c\u00e9lja \u2013 legyen sz\u00f3 hagyom\u00e1nyos bels\u0151 \u00e9g\u00e9s\u0171 motorral szerelt v\u00e1ltozatr\u00f3l, mild\u2011hibridr\u0151l vagy teljesen elektromos kivitelr\u0151l \u2013 az, hogy egy olyan komfortra \u00e9s praktikumra f\u00f3kusz\u00e1l\u00f3 aut\u00f3t k\u00edn\u00e1ljon, amely a mindennapi utaz\u00e1sokat kellemesebb\u00e9 teszi, \u00e9s nem els\u0151sorban sportos vezet\u00e9si \u00e9lm\u00e9nyr\u0151l sz\u00f3l.<\/p>\n<p>A C4 karossz\u00e9ri\u00e1ja formailag egy kiss\u00e9 emelt kompakt aut\u00f3, amely st\u00edlus\u00e1ban egyszerre modern \u00e9s karakteres. A h\u00e1ts\u00f3 l\u00e1mp\u00e1k \u00e9s az els\u0151 r\u00e9sz modern Citro\u00ebn\u2011arculatot kapott a legut\u00f3bbi friss\u00edt\u00e9sekkel, bele\u00e9rtve a blokkszer\u0171 LED\u2011f\u00e9nysz\u00f3r\u00f3elemeket \u00e9s a friss\u00edtett h\u0171t\u0151r\u00e1csot, amelyek a m\u00e1rka jelenlegi diz\u00e1jnnyelv\u00e9t er\u0151s\u00edtik. Az aut\u00f3 m\u00e9rete k\u00f6r\u00fclbel\u00fcl 4,36 m\u00e9ter hossz\u00fa, 1,83 m\u00e9ter sz\u00e9les \u00e9s 1,52 m\u00e9ter magas, ami a kompakt kateg\u00f3ri\u00e1ban k\u00f6zepes m\u00e9retet jelent. A praktikumot n\u00f6veli, hogy a csomagt\u00e9r 380 litert\u0151l ak\u00e1r 1250 literig is b\u0151v\u00edthet\u0151, ha a h\u00e1ts\u00f3 \u00fcl\u00e9seket led\u00f6ntik.<\/p>\n<p>A bels\u0151 t\u00e9r egyik legnagyobb el\u0151nye a t\u00e1gass\u00e1g \u00e9s a komfort\u00e9rzet, amit a Citro\u00ebn \u201eAdvanced Comfort\u201d filoz\u00f3fi\u00e1ja is al\u00e1t\u00e1maszt. A korm\u00e1ny m\u00f6g\u00f6tti fizikai gombok \u00e9s az intuit\u00edv kezel\u0151szervek miatt nem kell kiz\u00e1r\u00f3lag \u00e9rint\u0151k\u00e9perny\u0151re hagyatkozni, ami k\u00fcl\u00f6n\u00f6sen hasznos a vezet\u00e9s k\u00f6zbeni be\u00e1ll\u00edt\u00e1sokn\u00e1l. Az infotainment rendszert \u00e9s a m\u0171szerfal\u2011kijelz\u0151ket a legfrissebb friss\u00edt\u00e9sek szerint 10 h\u00fcvelykes \u00e9rint\u0151k\u00e9perny\u0151kkel l\u00e1tt\u00e1k el, amelyek modernebb vizu\u00e1lis \u00e9lm\u00e9nyt ny\u00fajtanak, mik\u00f6zben a fizikai gombok gyors hozz\u00e1f\u00e9r\u00e9st biztos\u00edtanak a legfontosabb funkci\u00f3khoz. Az \u00fcl\u00e9sek k\u00e9nyelmesek, j\u00f3 oldaltart\u00e1ssal \u00e9s p\u00e1rn\u00e1z\u00e1ssal rendelkeznek, ami hosszabb utak sor\u00e1n is komfortos marad, \u00e9s a h\u00e1ts\u00f3 l\u00e1bt\u00e9r k\u00fcl\u00f6n\u00f6sen t\u00e1gas, \u00edgy feln\u0151tteknek is k\u00e9nyelmes \u00fcl\u00e9st biztos\u00edt hosszabb utaz\u00e1sokon.<\/p>\n","protected":false},"excerpt":{"rendered":"<p>A d\u00f6nt\u00e9st eredetileg 2021-ig kellett volna meghozni, \u00e1m a vil\u00e1g k\u00f6zben teljesen felfordult: j\u00f6tt a pand\u00e9mia, majd a h\u00e1b\/0\/r\u00fa, \u00edgy&#8230; <span class=\"gridview-grid-post-read-more\"><a href=\"https:\/\/matrend.hu\/nekedinfo\/magyarorszag-ezt-az-idoszamitast-vezeti-be\/\">read more<span class=\"gridview-sr-only\"> Magyarorsz\u00e1g ezt az id\u0151sz\u00e1m\u00edt\u00e1st vezeti be<\/span><\/a><\/span><\/p>\n","protected":false},"author":1,"featured_media":6642,"comment_status":"open","ping_status":"open","sticky":false,"template":"","format":"standard","meta":{"footnotes":""},"categories":[1],"tags":[],"class_list":["post-6641","post","type-post","status-publish","format-standard","has-post-thumbnail","hentry","category-egyeb","wpcat-1-id"],"_links":{"self":[{"href":"https:\/\/matrend.hu\/nekedinfo\/wp-json\/wp\/v2\/posts\/6641","targetHints":{"allow":["GET"]}}],"collection":[{"href":"https:\/\/matrend.hu\/nekedinfo\/wp-json\/wp\/v2\/posts"}],"about":[{"href":"https:\/\/matrend.hu\/nekedinfo\/wp-json\/wp\/v2\/types\/post"}],"author":[{"embeddable":true,"href":"https:\/\/matrend.hu\/nekedinfo\/wp-json\/wp\/v2\/users\/1"}],"replies":[{"embeddable":true,"href":"https:\/\/matrend.hu\/nekedinfo\/wp-json\/wp\/v2\/comments?post=6641"}],"version-history":[{"count":1,"href":"https:\/\/matrend.hu\/nekedinfo\/wp-json\/wp\/v2\/posts\/6641\/revisions"}],"predecessor-version":[{"id":6643,"href":"https:\/\/matrend.hu\/nekedinfo\/wp-json\/wp\/v2\/posts\/6641\/revisions\/6643"}],"wp:featuredmedia":[{"embeddable":true,"href":"https:\/\/matrend.hu\/nekedinfo\/wp-json\/wp\/v2\/media\/6642"}],"wp:attachment":[{"href":"https:\/\/matrend.hu\/nekedinfo\/wp-json\/wp\/v2\/media?parent=6641"}],"wp:term":[{"taxonomy":"category","embeddable":true,"href":"https:\/\/matrend.hu\/nekedinfo\/wp-json\/wp\/v2\/categories?post=6641"},{"taxonomy":"post_tag","embeddable":true,"href":"https:\/\/matrend.hu\/nekedinfo\/wp-json\/wp\/v2\/tags?post=6641"}],"curies":[{"name":"wp","href":"https:\/\/api.w.org\/{rel}","templated":true}]}}