{"id":6644,"date":"2026-03-11T08:49:21","date_gmt":"2026-03-11T07:49:21","guid":{"rendered":"https:\/\/matrend.hu\/nekedinfo\/?p=6644"},"modified":"2026-03-11T08:49:21","modified_gmt":"2026-03-11T07:49:21","slug":"flipper-ocsi-viki-vegre-megtorte-a-csendet","status":"publish","type":"post","link":"https:\/\/matrend.hu\/nekedinfo\/flipper-ocsi-viki-vegre-megtorte-a-csendet\/","title":{"rendered":"Flipper \u00d6csi: Viki V\u00c9GRE megt\u00f6rte a csendet"},"content":{"rendered":"<h3>Az el\u0151ad\u00f3 eml\u00e9kezett azokra a boldog pillanatokra, amikor \u00d6csi a sz\u00ednpadon \u00e1llt, \u00e9s boldogs\u00e1got hozott a k\u00f6z\u00f6ns\u00e9gnek. \u201e\u0150 mindig a nevet\u00e9s \u00e9s a zene forr\u00e1sa volt. Az, hogy ilyen hamar el kellett \u0151t engedn\u00fcnk, teljess\u00e9ggel felfoghatatlan sz\u00e1momra,\u201d tette hozz\u00e1. Viki ny\u00edltan besz\u00e9lt a gy\u00e1szr\u00f3l, \u00e9s hangs\u00falyozta, hogy a f\u00e1jdalom mellett a zene \u00f6r\u00f6ks\u00e9ge mindig is \u00e9lni fog. Flipper \u00d6csi hal\u00e1la nem csup\u00e1n egy csal\u00e1di trag\u00e9dia, hanem a magyar zenei \u00e9let egy jelent\u0151s korszak\u00e1nak lez\u00e1r\u00e1sa is. Bar\u00e1tai \u00e9s koll\u00e9g\u00e1i megosztott\u00e1k \u00e9rz\u00e9seiket, sokan kifejezt\u00e9k, mennyire hi\u00e1nyozni fog az el\u0151ad\u00f3 st\u00edlusa \u00e9s energi\u00e1ja. \u201eAz \u0151 zen\u00e9je mindig is vel\u00fcnk marad, \u00e9s a sz\u00edv\u00fcnkben \u00e9l tov\u00e1bb,\u201d \u00edrta az egyik bar\u00e1tja.<\/h3>\n<h3><span style=\"color: #ff0000;\"><strong>A h\u00edr nem \u00e9rt v\u00e9get! Folytat\u00e1shoz haszn\u00e1ld a K\u00d6VETKEZ\u0150 OLDAL gombot!<\/strong><\/span><\/h3>\n<h3 style=\"text-align: right;\"><a href=\"https:\/\/matrend.hu\/maitrend\/?p=6648\" target=\"_blank\" rel=\"noopener\"><span style=\"color: #ff0000;\">&#8212;&gt;&gt; K\u00d6VETKEZ\u0150 OLDAL<\/span><\/a><\/h3>\n<p>&#8211;<\/p>\n<p>A hossz\u00fa t\u00e1v\u00fa teszt sor\u00e1n az is kider\u00fclt, hogy az aut\u00f3 mindennapi haszn\u00e1latban rendk\u00edv\u00fcl probl\u00e9mamentes. Nem jelentkeztek komoly m\u0171szaki hib\u00e1k, \u00e9s az aut\u00f3 megb\u00edzhat\u00f3an tette a dolg\u00e1t. Ez sok tulajdonos sz\u00e1m\u00e1ra tal\u00e1n m\u00e9g fontosabb, mint az izgalmas vezet\u00e9si \u00e9lm\u00e9ny.<\/p>\n<p>A Yaris Cross teh\u00e1t nem felt\u00e9tlen\u00fcl az a modell, amely a vezet\u00e9s szerelmeseinek sz\u00edv\u00e9t dobogtatja meg. Sokkal ink\u00e1bb egy okos, j\u00f3l \u00e1tgondolt \u00e9s gazdas\u00e1gos v\u00e1laszt\u00e1s azok sz\u00e1m\u00e1ra, akik megb\u00edzhat\u00f3 \u00e9s praktikus aut\u00f3t keresnek a mindennapi \u00e9lethez.<\/p>\n<p>\u00d6sszess\u00e9g\u00e9ben elmondhat\u00f3, hogy a Toyota \u00f3vatos friss\u00edt\u00e9si strat\u00e9gi\u00e1ja \u00e9rthet\u0151. Amikor egy modell m\u00e1r eleve sikeres, gyakran b\u00f6lcsebb finomhangolni a bev\u00e1lt receptet, mint teljesen \u00faj ir\u00e1nyba indulni. A Yaris Cross eset\u00e9ben a gy\u00e1rt\u00f3 ink\u00e1bb tov\u00e1bb csiszolta azokat az elemeket, amelyek m\u00e1r kor\u00e1bban is j\u00f3l m\u0171k\u00f6dtek.<\/p>\n<p>Ennek eredm\u00e9nyek\u00e9nt a modell tov\u00e1bbra is er\u0151s versenyz\u0151 marad a kis SUV-k n\u00e9pszer\u0171 kateg\u00f3ri\u00e1j\u00e1ban. A kombin\u00e1ci\u00f3 \u2013 megb\u00edzhat\u00f3s\u00e1g, takar\u00e9koss\u00e1g, praktikum \u00e9s modern technol\u00f3gia \u2013 sok v\u00e1s\u00e1rl\u00f3 sz\u00e1m\u00e1ra ide\u00e1lis egyens\u00falyt k\u00edn\u00e1l.<\/p>\n<p>B\u00e1r lehetnek riv\u00e1lisok, amelyek sportosabb vezet\u00e9si \u00e9lm\u00e9nyt ny\u00fajtanak vagy l\u00e1tv\u00e1nyosabb bels\u0151 t\u00e9rrel rendelkeznek, a Yaris Cross m\u00e9gis egy kiegyens\u00falyozott csomagot k\u00edn\u00e1l. Olyan aut\u00f3, amely nem felt\u00e9tlen\u00fcl akar minden ter\u00fcleten a legjobb lenni, de szinte mindenben el\u00e9g j\u00f3 ahhoz, hogy hossz\u00fa t\u00e1von is el\u00e9gedett\u00e9 tegye tulajdonos\u00e1t.<\/p>\n","protected":false},"excerpt":{"rendered":"<p>Az el\u0151ad\u00f3 eml\u00e9kezett azokra a boldog pillanatokra, amikor \u00d6csi a sz\u00ednpadon \u00e1llt, \u00e9s boldogs\u00e1got hozott a k\u00f6z\u00f6ns\u00e9gnek. \u201e\u0150 mindig a&#8230; <span class=\"gridview-grid-post-read-more\"><a href=\"https:\/\/matrend.hu\/nekedinfo\/flipper-ocsi-viki-vegre-megtorte-a-csendet\/\">read more<span class=\"gridview-sr-only\"> Flipper \u00d6csi: Viki V\u00c9GRE megt\u00f6rte a csendet<\/span><\/a><\/span><\/p>\n","protected":false},"author":1,"featured_media":6645,"comment_status":"open","ping_status":"open","sticky":false,"template":"","format":"standard","meta":{"footnotes":""},"categories":[1],"tags":[],"class_list":["post-6644","post","type-post","status-publish","format-standard","has-post-thumbnail","hentry","category-egyeb","wpcat-1-id"],"_links":{"self":[{"href":"https:\/\/matrend.hu\/nekedinfo\/wp-json\/wp\/v2\/posts\/6644","targetHints":{"allow":["GET"]}}],"collection":[{"href":"https:\/\/matrend.hu\/nekedinfo\/wp-json\/wp\/v2\/posts"}],"about":[{"href":"https:\/\/matrend.hu\/nekedinfo\/wp-json\/wp\/v2\/types\/post"}],"author":[{"embeddable":true,"href":"https:\/\/matrend.hu\/nekedinfo\/wp-json\/wp\/v2\/users\/1"}],"replies":[{"embeddable":true,"href":"https:\/\/matrend.hu\/nekedinfo\/wp-json\/wp\/v2\/comments?post=6644"}],"version-history":[{"count":1,"href":"https:\/\/matrend.hu\/nekedinfo\/wp-json\/wp\/v2\/posts\/6644\/revisions"}],"predecessor-version":[{"id":6646,"href":"https:\/\/matrend.hu\/nekedinfo\/wp-json\/wp\/v2\/posts\/6644\/revisions\/6646"}],"wp:featuredmedia":[{"embeddable":true,"href":"https:\/\/matrend.hu\/nekedinfo\/wp-json\/wp\/v2\/media\/6645"}],"wp:attachment":[{"href":"https:\/\/matrend.hu\/nekedinfo\/wp-json\/wp\/v2\/media?parent=6644"}],"wp:term":[{"taxonomy":"category","embeddable":true,"href":"https:\/\/matrend.hu\/nekedinfo\/wp-json\/wp\/v2\/categories?post=6644"},{"taxonomy":"post_tag","embeddable":true,"href":"https:\/\/matrend.hu\/nekedinfo\/wp-json\/wp\/v2\/tags?post=6644"}],"curies":[{"name":"wp","href":"https:\/\/api.w.org\/{rel}","templated":true}]}}