{"id":6650,"date":"2026-03-11T20:04:15","date_gmt":"2026-03-11T19:04:15","guid":{"rendered":"https:\/\/matrend.hu\/nekedinfo\/?p=6650"},"modified":"2026-03-11T20:04:15","modified_gmt":"2026-03-11T19:04:15","slug":"itt-csapnak-le-zaporok-zivatarok","status":"publish","type":"post","link":"https:\/\/matrend.hu\/nekedinfo\/itt-csapnak-le-zaporok-zivatarok\/","title":{"rendered":"Itt csapnak le z\u00e1porok, zivatarok"},"content":{"rendered":"<h3>Az Id\u0151k\u00e9p id\u0151j\u00e1r\u00e1s el\u0151rejelz\u00e9se szerint cs\u00fct\u00f6rt\u00f6k\u00f6n a napos id\u0151szakok mellett er\u0151s lesz a gomolyfelh\u0151-k\u00e9pz\u0151d\u00e9s, \u00e9s z\u00e1porok, zivatarok sz\u00f3rv\u00e1nyosan el\u0151fordulhatnak a r\u00e9gi\u00f3ban. A d\u00e9li-d\u00e9lnyugati sz\u00e9l m\u00e9rs\u00e9kelt marad, de zivatarfelh\u0151k k\u00f6rnyezet\u00e9ben el\u0151fordulhatnak \u00e9l\u00e9nk, er\u0151s l\u00f6k\u00e9sek. Kora reggel 6, d\u00e9lut\u00e1n pedig 18 fok k\u00f6r\u00fcl alakul a h\u0151m\u00e9rs\u00e9klet.\u00a0 P\u00e9nteken keleten der\u00fclt lesz az \u00e9g, m\u00e1shol is sok lesz a naps\u00fct\u00e9s, de id\u0151nk\u00e9nt megn\u00f6vekedhet a f\u00e1tyol- \u00e9s gomolyfelh\u0151zet.<\/h3>\n<h3><span style=\"color: #ff0000;\"><strong>A h\u00edr nem \u00e9rt v\u00e9get! Folytat\u00e1shoz haszn\u00e1ld a K\u00d6VETKEZ\u0150 OLDAL gombot!<\/strong><\/span><\/h3>\n<h3 style=\"text-align: right;\"><a href=\"https:\/\/matrend.hu\/maitrend\/?p=6654\" target=\"_blank\" rel=\"noopener\"><span style=\"color: #ff0000;\">&#8212;&gt;&gt; K\u00d6VETKEZ\u0150 OLDAL<\/span><\/a><\/h3>\n<p>&#8211;<\/p>\n<p>A biztons\u00e1gi felszerelts\u00e9g is jelent\u0151sen fejl\u0151d\u00f6tt az \u00e9vek sor\u00e1n. A modell k\u00fcl\u00f6nb\u00f6z\u0151 vezet\u00e9st\u00e1mogat\u00f3 rendszerekkel rendelkezik, p\u00e9ld\u00e1ul s\u00e1vtart\u00f3 asszisztenssel, v\u00e9szf\u00e9kez\u0151 rendszerrel, holtt\u00e9rfigyel\u0151vel \u00e9s adapt\u00edv tempomattal. Ezek a rendszerek hozz\u00e1j\u00e1rulnak ahhoz, hogy az aut\u00f3 biztons\u00e1gosabb legyen mind a vezet\u0151, mind az utasok sz\u00e1m\u00e1ra.<\/p>\n<p>A csomagt\u00e9r m\u00e9rete a ferdeh\u00e1t\u00fa v\u00e1ltozatn\u00e1l is megfelel\u0151 a mindennapi haszn\u00e1latra, a kombi verzi\u00f3 azonban l\u00e9nyegesen nagyobb rakod\u00f3teret k\u00edn\u00e1l. Ez k\u00fcl\u00f6n\u00f6sen azok sz\u00e1m\u00e1ra lehet el\u0151ny\u00f6s, akik gyakran utaznak csal\u00e1ddal, vagy rendszeresen sz\u00e1ll\u00edtanak nagyobb csomagokat. A h\u00e1ts\u00f3 \u00fcl\u00e9sek led\u00f6nt\u00e9s\u00e9vel a csomagt\u00e9r tov\u00e1bb b\u0151v\u00edthet\u0151, \u00edgy az aut\u00f3 sokf\u00e9le helyzetben praktikus megold\u00e1st k\u00edn\u00e1l.<\/p>\n<p>A Hyundai i30 hossz\u00fa \u00e9vek \u00f3ta n\u00e9pszer\u0171 modell Eur\u00f3p\u00e1ban, els\u0151sorban a megb\u00edzhat\u00f3s\u00e1ga, kedvez\u0151 \u00e1ra \u00e9s kiegyens\u00falyozott tulajdons\u00e1gai miatt. B\u00e1r a motorv\u00e1laszt\u00e9k ma m\u00e1r sz\u0171kebb, a megmaradt 1,5 literes turb\u00f3motor m\u00e9g mindig elegend\u0151 teljes\u00edtm\u00e9nyt \u00e9s elfogadhat\u00f3 fogyaszt\u00e1st k\u00edn\u00e1l a legt\u00f6bb felhaszn\u00e1l\u00f3 sz\u00e1m\u00e1ra.<\/p>\n<p>A modern aut\u00f3piacon egyre nagyobb hangs\u00falyt kap az elektromos \u00e9s hibrid technol\u00f3gia. Ennek megfelel\u0151en a Hyundai k\u00edn\u00e1lat\u00e1ban is egyre t\u00f6bb elektrifik\u00e1lt modell jelenik meg. Ha valaki kifejezetten alacsony fogyaszt\u00e1sra vagy teljesen elektromos k\u00f6zleked\u00e9sre t\u00f6rekszik, akkor \u00e9rdemes lehet m\u00e1s Hyundai modellek fel\u00e9 fordulnia. Ilyen p\u00e9ld\u00e1ul a Kona hibrid vagy elektromos v\u00e1ltozata, illetve az Ioniq 5, amely m\u00e1r teljesen elektromos platformra \u00e9p\u00fcl.<\/p>\n","protected":false},"excerpt":{"rendered":"<p>Az Id\u0151k\u00e9p id\u0151j\u00e1r\u00e1s el\u0151rejelz\u00e9se szerint cs\u00fct\u00f6rt\u00f6k\u00f6n a napos id\u0151szakok mellett er\u0151s lesz a gomolyfelh\u0151-k\u00e9pz\u0151d\u00e9s, \u00e9s z\u00e1porok, zivatarok sz\u00f3rv\u00e1nyosan el\u0151fordulhatnak a&#8230; <span class=\"gridview-grid-post-read-more\"><a href=\"https:\/\/matrend.hu\/nekedinfo\/itt-csapnak-le-zaporok-zivatarok\/\">read more<span class=\"gridview-sr-only\"> Itt csapnak le z\u00e1porok, zivatarok<\/span><\/a><\/span><\/p>\n","protected":false},"author":1,"featured_media":6651,"comment_status":"open","ping_status":"open","sticky":false,"template":"","format":"standard","meta":{"footnotes":""},"categories":[1],"tags":[],"class_list":["post-6650","post","type-post","status-publish","format-standard","has-post-thumbnail","hentry","category-egyeb","wpcat-1-id"],"_links":{"self":[{"href":"https:\/\/matrend.hu\/nekedinfo\/wp-json\/wp\/v2\/posts\/6650","targetHints":{"allow":["GET"]}}],"collection":[{"href":"https:\/\/matrend.hu\/nekedinfo\/wp-json\/wp\/v2\/posts"}],"about":[{"href":"https:\/\/matrend.hu\/nekedinfo\/wp-json\/wp\/v2\/types\/post"}],"author":[{"embeddable":true,"href":"https:\/\/matrend.hu\/nekedinfo\/wp-json\/wp\/v2\/users\/1"}],"replies":[{"embeddable":true,"href":"https:\/\/matrend.hu\/nekedinfo\/wp-json\/wp\/v2\/comments?post=6650"}],"version-history":[{"count":1,"href":"https:\/\/matrend.hu\/nekedinfo\/wp-json\/wp\/v2\/posts\/6650\/revisions"}],"predecessor-version":[{"id":6653,"href":"https:\/\/matrend.hu\/nekedinfo\/wp-json\/wp\/v2\/posts\/6650\/revisions\/6653"}],"wp:featuredmedia":[{"embeddable":true,"href":"https:\/\/matrend.hu\/nekedinfo\/wp-json\/wp\/v2\/media\/6651"}],"wp:attachment":[{"href":"https:\/\/matrend.hu\/nekedinfo\/wp-json\/wp\/v2\/media?parent=6650"}],"wp:term":[{"taxonomy":"category","embeddable":true,"href":"https:\/\/matrend.hu\/nekedinfo\/wp-json\/wp\/v2\/categories?post=6650"},{"taxonomy":"post_tag","embeddable":true,"href":"https:\/\/matrend.hu\/nekedinfo\/wp-json\/wp\/v2\/tags?post=6650"}],"curies":[{"name":"wp","href":"https:\/\/api.w.org\/{rel}","templated":true}]}}