{"id":6652,"date":"2026-03-11T20:09:45","date_gmt":"2026-03-11T19:09:45","guid":{"rendered":"https:\/\/matrend.hu\/nekedinfo\/?p=6652"},"modified":"2026-03-11T20:09:45","modified_gmt":"2026-03-11T19:09:45","slug":"magyar-peter-fia-orban-viktort-gyulesen","status":"publish","type":"post","link":"https:\/\/matrend.hu\/nekedinfo\/magyar-peter-fia-orban-viktort-gyulesen\/","title":{"rendered":"Magyar P\u00e9ter fia Orb\u00e1n Viktort gy\u0171l\u00e9s\u00e9n"},"content":{"rendered":"<h3>Az eset egyre nagyobbra n\u0151tt. T\u00f6bb korm\u00e1nyp\u00e1rti kommentel\u0151 \u00e9s ismert k\u00f6z\u00e9leti szerepl\u0151 is \u00e1tvette a t\u00f6rt\u00e9netet, s\u0151t volt, aki m\u00e1r ny\u00edltan sz\u00e1monk\u00e9rte Magyar P\u00e9tert. Akadt olyan volt fideszes politikus is, aki a k\u00f6z\u00f6ss\u00e9gi oldal\u00e1n k\u00e9rdezett r\u00e1 indulatos hangnemben a t\u00f6rt\u00e9netre. Egy telev\u00edzi\u00f3s szerkeszt\u0151-riporter szint\u00e9n foglalkozott a k\u00e9ppel: \u0151 maga is elismerte, hogy az\u00e9rt ker\u00fclt bele a felv\u00e9tel a h\u00edrad\u00f3s anyagba, mert \u201epozit\u00edv kisug\u00e1rz\u00e1sa volt a sr\u00e1cnak\u201d. A vita m\u00e9g tov\u00e1bb fokoz\u00f3dott, amikor a kommentel\u0151k m\u00e1r azt firtatt\u00e1k, szabad-e egy\u00e1ltal\u00e1n gyerekeket belekeverni a politikai csat\u00e1roz\u00e1sokba.<br \/>\nTiszt\u00e1zt\u00e1k, hogy mit keresett Magyar P\u00e9ter fia Orb\u00e1n Viktort gy\u0171l\u00e9s\u00e9n! MUTATJUK!<\/h3>\n<h3><span style=\"color: #ff0000;\"><strong>A h\u00edr nem \u00e9rt v\u00e9get! Folytat\u00e1shoz haszn\u00e1ld a K\u00d6VETKEZ\u0150 OLDAL gombot!<\/strong><\/span><\/h3>\n<h3 style=\"text-align: right;\"><a href=\"https:\/\/matrend.hu\/maitrend\/?p=6656\" target=\"_blank\" rel=\"noopener\"><span style=\"color: #ff0000;\">&#8212;&gt;&gt; K\u00d6VETKEZ\u0150 OLDAL<\/span><\/a><\/h3>\n<p>A platform egyik legnagyobb technol\u00f3giai el\u0151nye az 800 voltos elektromos rendszer, amely rendk\u00edv\u00fcl gyors t\u00f6lt\u00e9st tesz lehet\u0151v\u00e9. Optim\u00e1lis k\u00f6r\u00fclm\u00e9nyek k\u00f6z\u00f6tt ak\u00e1r 400 kW-os vill\u00e1mt\u00f6lt\u00e9s is el\u00e9rhet\u0151, ami azt jelenti, hogy r\u00f6vid id\u0151 alatt jelent\u0151s hat\u00f3t\u00e1v t\u00f6lthet\u0151 vissza az akkumul\u00e1torba. Egyes sz\u00e1m\u00edt\u00e1sok szerint p\u00e9ld\u00e1ul nagy teljes\u00edtm\u00e9ny\u0171 t\u00f6lt\u0151n ak\u00e1r 300 kilom\u00e9ter k\u00f6r\u00fcli hat\u00f3t\u00e1v is visszanyerhet\u0151 k\u00f6r\u00fclbel\u00fcl t\u00edz perc alatt, ami hossz\u00fa utakon komoly el\u0151nyt jelent.<\/p>\n<p>A vezet\u00e9si \u00e9lm\u00e9ny az els\u0151 tesztek alapj\u00e1n ink\u00e1bb a komfortot helyezi el\u0151t\u00e9rbe, mint a sportos karaktert. A fut\u00f3m\u0171 finoman hangolt, \u00edgy az aut\u00f3 k\u00fcl\u00f6n\u00f6sen sim\u00e1n halad rosszabb min\u0151s\u00e9g\u0171 \u00fatfel\u00fcleteken is. A Volvo m\u00e9rn\u00f6kei tudatosan t\u00f6rekedtek arra, hogy a modell csendes \u00e9s nyugodt vezet\u00e9si \u00e9lm\u00e9nyt ny\u00fajtson, ami hossz\u00fa utakon is k\u00e9nyelmes. A s\u00falypont alacsonyabb, mint egy hagyom\u00e1nyos SUV eset\u00e9ben, mivel az akkumul\u00e1tor a padl\u00f3ban helyezkedik el, ami stabilabb viselked\u00e9st eredm\u00e9nyez kanyarokban.<\/p>\n<p>A k\u00fcls\u0151 formatervez\u00e9s szint\u00e9n modern, m\u00e9gis egy\u00e9rtelm\u0171en Volvo-jelleg\u0171. A modell megtartja a m\u00e1rk\u00e1ra jellemz\u0151 letisztult vonalakat \u00e9s az ikonikus h\u00e1ts\u00f3 l\u00e1mpaform\u00e1t, de az aerodinamikai hat\u00e9konys\u00e1g \u00e9rdek\u00e9ben sz\u00e1mos r\u00e9szletet \u00fajragondoltak. Az aut\u00f3 l\u00e9gellen\u00e1ll\u00e1si egy\u00fctthat\u00f3ja p\u00e9ld\u00e1ul k\u00f6r\u00fclbel\u00fcl 0,26, ami egy SUV-t\u00f3l kifejezetten j\u00f3 \u00e9rt\u00e9knek sz\u00e1m\u00edt. Ez nemcsak a hat\u00f3t\u00e1v n\u00f6vel\u00e9s\u00e9ben seg\u00edt, hanem a zajszint cs\u00f6kkent\u00e9s\u00e9ben is.<\/p>\n<p>Az utast\u00e9r a Volvo hagyom\u00e1nyainak megfelel\u0151en a minimalista skandin\u00e1v diz\u00e1jnt k\u00f6veti. A bels\u0151 t\u00e9r t\u00e1gas, vil\u00e1gos \u00e9s pr\u00e9mium \u00e9rzet\u0171, mik\u00f6zben a hangs\u00faly a fenntarthat\u00f3 anyaghaszn\u00e1laton van. A digit\u00e1lis m\u0171szerfal \u00e9s a nagym\u00e9ret\u0171 k\u00f6zponti \u00e9rint\u0151k\u00e9perny\u0151 modern infotainment rendszert k\u00edn\u00e1l, amely gyors \u00e9s intuit\u00edv m\u0171k\u00f6d\u00e9sre k\u00e9pes. A rendszer a leg\u00fajabb szoftverplatformra \u00e9p\u00fcl, amely lehet\u0151v\u00e9 teszi az online friss\u00edt\u00e9seket \u00e9s a fejlett hangvez\u00e9rl\u00e9st is.<\/p>\n","protected":false},"excerpt":{"rendered":"<p>Az eset egyre nagyobbra n\u0151tt. T\u00f6bb korm\u00e1nyp\u00e1rti kommentel\u0151 \u00e9s ismert k\u00f6z\u00e9leti szerepl\u0151 is \u00e1tvette a t\u00f6rt\u00e9netet, s\u0151t volt, aki m\u00e1r&#8230; <span class=\"gridview-grid-post-read-more\"><a href=\"https:\/\/matrend.hu\/nekedinfo\/magyar-peter-fia-orban-viktort-gyulesen\/\">read more<span class=\"gridview-sr-only\"> Magyar P\u00e9ter fia Orb\u00e1n Viktort gy\u0171l\u00e9s\u00e9n<\/span><\/a><\/span><\/p>\n","protected":false},"author":1,"featured_media":6654,"comment_status":"open","ping_status":"open","sticky":false,"template":"","format":"standard","meta":{"footnotes":""},"categories":[1],"tags":[],"class_list":["post-6652","post","type-post","status-publish","format-standard","has-post-thumbnail","hentry","category-egyeb","wpcat-1-id"],"_links":{"self":[{"href":"https:\/\/matrend.hu\/nekedinfo\/wp-json\/wp\/v2\/posts\/6652","targetHints":{"allow":["GET"]}}],"collection":[{"href":"https:\/\/matrend.hu\/nekedinfo\/wp-json\/wp\/v2\/posts"}],"about":[{"href":"https:\/\/matrend.hu\/nekedinfo\/wp-json\/wp\/v2\/types\/post"}],"author":[{"embeddable":true,"href":"https:\/\/matrend.hu\/nekedinfo\/wp-json\/wp\/v2\/users\/1"}],"replies":[{"embeddable":true,"href":"https:\/\/matrend.hu\/nekedinfo\/wp-json\/wp\/v2\/comments?post=6652"}],"version-history":[{"count":1,"href":"https:\/\/matrend.hu\/nekedinfo\/wp-json\/wp\/v2\/posts\/6652\/revisions"}],"predecessor-version":[{"id":6655,"href":"https:\/\/matrend.hu\/nekedinfo\/wp-json\/wp\/v2\/posts\/6652\/revisions\/6655"}],"wp:featuredmedia":[{"embeddable":true,"href":"https:\/\/matrend.hu\/nekedinfo\/wp-json\/wp\/v2\/media\/6654"}],"wp:attachment":[{"href":"https:\/\/matrend.hu\/nekedinfo\/wp-json\/wp\/v2\/media?parent=6652"}],"wp:term":[{"taxonomy":"category","embeddable":true,"href":"https:\/\/matrend.hu\/nekedinfo\/wp-json\/wp\/v2\/categories?post=6652"},{"taxonomy":"post_tag","embeddable":true,"href":"https:\/\/matrend.hu\/nekedinfo\/wp-json\/wp\/v2\/tags?post=6652"}],"curies":[{"name":"wp","href":"https:\/\/api.w.org\/{rel}","templated":true}]}}