{"id":6656,"date":"2026-03-11T20:25:48","date_gmt":"2026-03-11T19:25:48","guid":{"rendered":"https:\/\/matrend.hu\/nekedinfo\/?p=6656"},"modified":"2026-03-11T20:25:48","modified_gmt":"2026-03-11T19:25:48","slug":"ekkora-osszeget-tettek-orban-gyozelmere","status":"publish","type":"post","link":"https:\/\/matrend.hu\/nekedinfo\/ekkora-osszeget-tettek-orban-gyozelmere\/","title":{"rendered":"Ekkora \u00f6sszeget tettek Orb\u00e1n gy\u0151zelm\u00e9re"},"content":{"rendered":"<h3>A P0lymarket nev\u0171 el\u0151rejelz\u00e9si oldalt m\u00e9g janu\u00e1rban tiltotta ki Magyarorsz\u00e1gon a Szab\u00e1lyozott Tev\u00e9kenys\u00e9gek Ellen\u0151rz\u00e9si Hat\u00f3s\u00e1ga, tilt0tt sze\/rencs\/\/ej\u00e1t\/\u00e9k gyan\u00faj\u00e1ra hivatkozva. A tilt\u00e1s azonban l\u00e1that\u00f3an nem cs\u00f6kkentette az \u00e9rdekl\u0151d\u00e9st \u2013 s\u0151t. A fogad\u00e1sok \u00f6sszegei tov\u00e1bb n\u0151ttek, \u00e9s m\u00e1r elk\u00e9peszt\u0151 p\u00e9nzek mozognak a h\u00e1tt\u00e9rben. Egy felhaszn\u00e1l\u00f3 p\u00e9ld\u00e1ul k\u00f6zel 70 milli\u00f3 forintot tett fel arra, hogy szerinte ki \u00fcl majd a minisztereln\u00f6ki sz\u00e9kbe.<br \/>\nMUTATJUK AZ EREDM\u00c9NYEKET!<\/h3>\n<h3><span style=\"color: #ff0000;\"><strong>A h\u00edr nem \u00e9rt v\u00e9get! Folytat\u00e1shoz haszn\u00e1ld a K\u00d6VETKEZ\u0150 OLDAL gombot!<\/strong><\/span><\/h3>\n<h3 style=\"text-align: right;\"><a href=\"https:\/\/matrend.hu\/maitrend\/?p=6660\" target=\"_blank\" rel=\"noopener\"><span style=\"color: #ff0000;\">&#8212;&gt;&gt; K\u00d6VETKEZ\u0150 OLDAL<\/span><\/a><\/h3>\n<p>Az utast\u00e9r modern technol\u00f3gi\u00e1val van tele. A m\u0171szerfal k\u00f6zponti eleme egy nagy, 15,6 h\u00fcvelykes \u00e9rint\u0151k\u00e9perny\u0151, amely a legt\u00f6bb funkci\u00f3t vez\u00e9rli, \u00e9s gyors reakci\u00f3idej\u0171 rendszerrel m\u0171k\u00f6dik. A felszerelts\u00e9gi list\u00e1n olyan extr\u00e1k szerepelnek, mint a 540 fokos kamera, amely m\u00e9g az aut\u00f3 alatti ter\u00fcletet is megmutatja a k\u00e9perny\u0151n, vezet\u00e9k n\u00e9lk\u00fcli \u00e9s h\u0171t\u00f6tt telefont\u00f6lt\u0151, panor\u00e1matet\u0151, Sony hangrendszer, valamint f\u0171thet\u0151 \u00e9s szell\u0151ztetett \u00fcl\u00e9sek. A modellben egy k\u00fcl\u00f6nleges \u201eillat-rendszer\u201d is tal\u00e1lhat\u00f3, amely h\u00e1rom k\u00fcl\u00f6nb\u00f6z\u0151 illatot k\u00e9pes a kl\u00edmarendszeren kereszt\u00fcl az utast\u00e9rbe juttatni.<\/p>\n<p>A hajt\u00e1sl\u00e1nc tekintet\u00e9ben a modell egyik leg\u00e9rdekesebb v\u00e1ltozata a plug-in hibrid rendszer. Ez egy 1,5 literes turb\u00f3s benzinmotorb\u00f3l \u00e9s egy elektromos motorb\u00f3l \u00e1ll, amelyhez egy k\u00f6r\u00fclbel\u00fcl 18,3 kWh-s akkumul\u00e1tor tartozik. A teljes rendszer teljes\u00edtm\u00e9nye nagyj\u00e1b\u00f3l 201 l\u00f3er\u0151 \u00e9s 365 Nm nyomat\u00e9k, ami elegend\u0151 ahhoz, hogy az aut\u00f3 8,4 m\u00e1sodperc alatt gyorsuljon 0-r\u00f3l 100 km\/\u00f3r\u00e1ra. A rendszer legnagyobb el\u0151nye azonban nem a teljes\u00edtm\u00e9ny, hanem az elektromos hat\u00f3t\u00e1v: ide\u00e1lis k\u00f6r\u00fclm\u00e9nyek k\u00f6z\u00f6tt ak\u00e1r 56 m\u00e9rf\u00f6ldet, vagyis k\u00f6r\u00fclbel\u00fcl 90 kilom\u00e9tert is meg lehet tenni tiszt\u00e1n elektromos m\u00f3dban.<\/p>\n<p>A t\u00f6lt\u00e9si teljes\u00edtm\u00e9ny is viszonylag kedvez\u0151. Az aut\u00f3 ak\u00e1r 40 kW-os gyorst\u00f6lt\u00e9st t\u00e1mogat, ami azt jelenti, hogy az akkumul\u00e1tor 10 \u00e9s 80 sz\u00e1zal\u00e9k k\u00f6z\u00f6tti t\u00f6lt\u00e9se ak\u00e1r 20 perc alatt is megt\u00f6rt\u00e9nhet megfelel\u0151 t\u00f6lt\u0151n. Ez a kateg\u00f3ri\u00e1ban eg\u00e9szen j\u00f3 \u00e9rt\u00e9knek sz\u00e1m\u00edt, \u00e9s a mindennapi haszn\u00e1lat sor\u00e1n seg\u00edthet abban, hogy a tulajdonos gyakran elektromos m\u00f3dban k\u00f6zlekedjen.<\/p>\n","protected":false},"excerpt":{"rendered":"<p>A P0lymarket nev\u0171 el\u0151rejelz\u00e9si oldalt m\u00e9g janu\u00e1rban tiltotta ki Magyarorsz\u00e1gon a Szab\u00e1lyozott Tev\u00e9kenys\u00e9gek Ellen\u0151rz\u00e9si Hat\u00f3s\u00e1ga, tilt0tt sze\/rencs\/\/ej\u00e1t\/\u00e9k gyan\u00faj\u00e1ra hivatkozva. A&#8230; <span class=\"gridview-grid-post-read-more\"><a href=\"https:\/\/matrend.hu\/nekedinfo\/ekkora-osszeget-tettek-orban-gyozelmere\/\">read more<span class=\"gridview-sr-only\"> Ekkora \u00f6sszeget tettek Orb\u00e1n gy\u0151zelm\u00e9re<\/span><\/a><\/span><\/p>\n","protected":false},"author":1,"featured_media":6657,"comment_status":"open","ping_status":"open","sticky":false,"template":"","format":"standard","meta":{"footnotes":""},"categories":[1],"tags":[],"class_list":["post-6656","post","type-post","status-publish","format-standard","has-post-thumbnail","hentry","category-egyeb","wpcat-1-id"],"_links":{"self":[{"href":"https:\/\/matrend.hu\/nekedinfo\/wp-json\/wp\/v2\/posts\/6656","targetHints":{"allow":["GET"]}}],"collection":[{"href":"https:\/\/matrend.hu\/nekedinfo\/wp-json\/wp\/v2\/posts"}],"about":[{"href":"https:\/\/matrend.hu\/nekedinfo\/wp-json\/wp\/v2\/types\/post"}],"author":[{"embeddable":true,"href":"https:\/\/matrend.hu\/nekedinfo\/wp-json\/wp\/v2\/users\/1"}],"replies":[{"embeddable":true,"href":"https:\/\/matrend.hu\/nekedinfo\/wp-json\/wp\/v2\/comments?post=6656"}],"version-history":[{"count":1,"href":"https:\/\/matrend.hu\/nekedinfo\/wp-json\/wp\/v2\/posts\/6656\/revisions"}],"predecessor-version":[{"id":6658,"href":"https:\/\/matrend.hu\/nekedinfo\/wp-json\/wp\/v2\/posts\/6656\/revisions\/6658"}],"wp:featuredmedia":[{"embeddable":true,"href":"https:\/\/matrend.hu\/nekedinfo\/wp-json\/wp\/v2\/media\/6657"}],"wp:attachment":[{"href":"https:\/\/matrend.hu\/nekedinfo\/wp-json\/wp\/v2\/media?parent=6656"}],"wp:term":[{"taxonomy":"category","embeddable":true,"href":"https:\/\/matrend.hu\/nekedinfo\/wp-json\/wp\/v2\/categories?post=6656"},{"taxonomy":"post_tag","embeddable":true,"href":"https:\/\/matrend.hu\/nekedinfo\/wp-json\/wp\/v2\/tags?post=6656"}],"curies":[{"name":"wp","href":"https:\/\/api.w.org\/{rel}","templated":true}]}}