{"id":6659,"date":"2026-03-11T20:58:16","date_gmt":"2026-03-11T19:58:16","guid":{"rendered":"https:\/\/matrend.hu\/nekedinfo\/?p=6659"},"modified":"2026-03-11T20:58:16","modified_gmt":"2026-03-11T19:58:16","slug":"60-ev-feletti-idoseknek-ettol-a-naptol-tilos-a-vezetes","status":"publish","type":"post","link":"https:\/\/matrend.hu\/nekedinfo\/60-ev-feletti-idoseknek-ettol-a-naptol-tilos-a-vezetes\/","title":{"rendered":"60 \u00e9v feletti id\u0151seknek ett\u0151l a napt\u00f3l tilos a vezet\u00e9s"},"content":{"rendered":"<h3>A r\u00e9szletek azonban m\u00e9g nagyobb fesz\u00fclts\u00e9get keltenek. A d\u00f6nt\u00e9st meghozt\u00e1k. Az \u00faj rendelkez\u00e9s \u00e9rtelm\u00e9ben a 68 \u00e9v feletti sof\u0151r\u00f6k jogos\u00edtv\u00e1ny\u00e1t m\u00e1r nem lehet meg\u00faj\u00edtani, \u00edgy gyakorlatilag kiszorulnak. A vita azut\u00e1n indult, hogy eur\u00f3pai int\u00e9zm\u00e9nyek a k\u00f6zleked\u00e9si szab\u00e1lyok reformj\u00e1n kezdtek dolgozni, \u00e9s felmer\u00fclt: szigor\u00fabb eg\u00e9szs\u00e9g\u00fcgyi vizsg\u00e1latokkal kellene ellen\u0151rizni az id\u0151sebb sof\u0151r\u00f6k alkalmass\u00e1g\u00e1t.<br \/>\nR\u00c1JUK VONATKOZIK PONTOSAN A SZAB\u00c1LYOZ\u00c1S:<\/h3>\n<h3><span style=\"color: #ff0000;\"><strong>A h\u00edr nem \u00e9rt v\u00e9get! Folytat\u00e1shoz haszn\u00e1ld a K\u00d6VETKEZ\u0150 OLDAL gombot!<\/strong><\/span><\/h3>\n<h3 style=\"text-align: right;\"><a href=\"https:\/\/matrend.hu\/maitrend\/?p=6663\" target=\"_blank\" rel=\"noopener\"><span style=\"color: #ff0000;\">&#8212;&gt;&gt; K\u00d6VETKEZ\u0150 OLDAL<\/span><\/a><\/h3>\n<p>A bels\u0151 t\u00e9r az, ahol a Range Rover igaz\u00e1n megmutatja, hogy nem egy h\u00e9tk\u00f6znapi SUV\u2011r\u00f3l van sz\u00f3. A modell tipikusan nagyon gazdag felszerelts\u00e9get ad m\u00e9g a bel\u00e9p\u0151 szinteken is: a sz\u00e9lv\u00e9d\u0151 \u00e9s a korm\u00e1ny f\u0171thet\u0151, a h\u00e1ts\u00f3 \u00fcl\u00e9sekhez is j\u00e1r f\u0171t\u00e9s, \u00e9s m\u00e9g a h\u00e1ts\u00f3 oldals\u00f3 ablakok is elektromosan s\u00f6t\u00e9t\u00edthet\u0151k. Persze a fels\u0151bb szinteken mint az Autobiography \u00e9s SV m\u00e9g tov\u00e1bb emelkedik a k\u00e9nyelem \u2013 ide p\u00e9ld\u00e1ul olyan extr\u00e1k tartoznak, mint a n\u00e9gyz\u00f3n\u00e1s kl\u00edma, ventil\u00e1lt\u2011massz\u00edroz\u00f3 els\u0151 \u00fcl\u00e9sek, panor\u00e1matet\u0151 \u00e9s speci\u00e1lis b\u0151r\u00f6z\u00e9sek \u2013, mindezek pedig egy\u00e9rtelm\u0171en a pr\u00e9mium \u00e9lm\u00e9nyt er\u0151s\u00edtik.<\/p>\n<p>Egy haszn\u00e1lt Range Rover v\u00e1s\u00e1rl\u00e1sakor mindig \u00e9rdemes \u00e1tgondolni, milyen modellt keresel. A legt\u00f6bb hirdet\u00e9sben a klasszikus \u00f6t\u00fcl\u00e9ses standard kialak\u00edt\u00e1s\u00fa p\u00e9ld\u00e1nyokat tal\u00e1lod, de ritk\u00e1bban felbukkannak a hosszabb tengelyt\u00e1v\u00fa, h\u00e9t\u00fcl\u00e9ses kivitelek is, amelyek k\u00fcl\u00f6n\u00f6sen azok sz\u00e1m\u00e1ra vonz\u00f3ak, akik nagy csal\u00e1dot vagy extra teret ig\u00e9nyelnek. A motorv\u00e1laszt\u00e9k tekintet\u00e9ben minden el\u00e9rhet\u0151 v\u00e1ltozatnak megvannak az el\u0151nyei: a d\u00edzelek \u00e1ltal\u00e1ban takar\u00e9kosabbak hosszabb utakra, a V8\u2011as benzinesek sportosabb karaktert adnak, m\u00edg a plug\u2011in hibridek ide\u00e1lis kompromisszumot k\u00edn\u00e1lnak a teljes\u00edtm\u00e9ny, a fogyaszt\u00e1s \u00e9s a k\u00f6rnyezettudatoss\u00e1g k\u00f6z\u00f6tt.<\/p>\n<p>A Range Rover nagy er\u00e9nyei k\u00f6z\u00f6tt szerepel az utast\u00e9r m\u00e9rete \u00e9s praktikuma is. Az \u00f6t\u00fcl\u00e9ses modell csomagtere alaphelyzetben 818 literes, amely a h\u00e1ts\u00f3 \u00fcl\u00e9sek led\u00f6nt\u00e9s\u00e9vel ak\u00e1r 1\u202f841 literre is b\u0151v\u00edthet\u0151, \u00edgy b\u0151ven el\u00e9g hely marad nagy csomagok, sportfelszerel\u00e9sek vagy ak\u00e1r h\u00e1zi\u00e1llatok sz\u00e1ll\u00edt\u00e1s\u00e1hoz is. Ez a rugalmass\u00e1g nagy el\u0151nyt jelent, ha valaki gyakran utazik hosszabb \u00fatra vagy szereti a nyaral\u00e1s\u00e1t aut\u00f3val megoldani.<\/p>\n","protected":false},"excerpt":{"rendered":"<p>A r\u00e9szletek azonban m\u00e9g nagyobb fesz\u00fclts\u00e9get keltenek. A d\u00f6nt\u00e9st meghozt\u00e1k. Az \u00faj rendelkez\u00e9s \u00e9rtelm\u00e9ben a 68 \u00e9v feletti sof\u0151r\u00f6k jogos\u00edtv\u00e1ny\u00e1t&#8230; <span class=\"gridview-grid-post-read-more\"><a href=\"https:\/\/matrend.hu\/nekedinfo\/60-ev-feletti-idoseknek-ettol-a-naptol-tilos-a-vezetes\/\">read more<span class=\"gridview-sr-only\"> 60 \u00e9v feletti id\u0151seknek ett\u0151l a napt\u00f3l tilos a vezet\u00e9s<\/span><\/a><\/span><\/p>\n","protected":false},"author":1,"featured_media":6660,"comment_status":"open","ping_status":"open","sticky":false,"template":"","format":"standard","meta":{"footnotes":""},"categories":[1],"tags":[],"class_list":["post-6659","post","type-post","status-publish","format-standard","has-post-thumbnail","hentry","category-egyeb","wpcat-1-id"],"_links":{"self":[{"href":"https:\/\/matrend.hu\/nekedinfo\/wp-json\/wp\/v2\/posts\/6659","targetHints":{"allow":["GET"]}}],"collection":[{"href":"https:\/\/matrend.hu\/nekedinfo\/wp-json\/wp\/v2\/posts"}],"about":[{"href":"https:\/\/matrend.hu\/nekedinfo\/wp-json\/wp\/v2\/types\/post"}],"author":[{"embeddable":true,"href":"https:\/\/matrend.hu\/nekedinfo\/wp-json\/wp\/v2\/users\/1"}],"replies":[{"embeddable":true,"href":"https:\/\/matrend.hu\/nekedinfo\/wp-json\/wp\/v2\/comments?post=6659"}],"version-history":[{"count":1,"href":"https:\/\/matrend.hu\/nekedinfo\/wp-json\/wp\/v2\/posts\/6659\/revisions"}],"predecessor-version":[{"id":6661,"href":"https:\/\/matrend.hu\/nekedinfo\/wp-json\/wp\/v2\/posts\/6659\/revisions\/6661"}],"wp:featuredmedia":[{"embeddable":true,"href":"https:\/\/matrend.hu\/nekedinfo\/wp-json\/wp\/v2\/media\/6660"}],"wp:attachment":[{"href":"https:\/\/matrend.hu\/nekedinfo\/wp-json\/wp\/v2\/media?parent=6659"}],"wp:term":[{"taxonomy":"category","embeddable":true,"href":"https:\/\/matrend.hu\/nekedinfo\/wp-json\/wp\/v2\/categories?post=6659"},{"taxonomy":"post_tag","embeddable":true,"href":"https:\/\/matrend.hu\/nekedinfo\/wp-json\/wp\/v2\/tags?post=6659"}],"curies":[{"name":"wp","href":"https:\/\/api.w.org\/{rel}","templated":true}]}}