{"id":6662,"date":"2026-03-12T08:57:56","date_gmt":"2026-03-12T07:57:56","guid":{"rendered":"https:\/\/matrend.hu\/nekedinfo\/?p=6662"},"modified":"2026-03-12T08:57:56","modified_gmt":"2026-03-12T07:57:56","slug":"a-diagnozis-utan-galla-miklos","status":"publish","type":"post","link":"https:\/\/matrend.hu\/nekedinfo\/a-diagnozis-utan-galla-miklos\/","title":{"rendered":"A diagn\u00f3zis ut\u00e1n: Galla Mikl\u00f3s"},"content":{"rendered":"<h3>\u201eNem tudom szavakba \u00f6nteni, mennyire f\u00e1j, hogy ezt \u00e1t\u00e9lj\u00fck. Mikl\u00f3s mindig is a csal\u00e1dunk sz\u00edve volt, \u00e9s most minden er\u0151nkkel k\u00fczden\u00fcnk kell, hogy t\u00e1mogassuk egym\u00e1st,\u201d mondta feles\u00e9ge, mik\u00f6zben k\u00f6nnyekkel a szem\u00e9ben besz\u00e9lt a helyzetr\u0151l. A tragikus diagn\u00f3zis ut\u00e1n mindenki szorosan m\u00f6g\u00f6tte \u00e1ll, hiszen Galla Mikl\u00f3s nemcsak mint sz\u00f3rakoztat\u00f3, hanem mint szeretetre m\u00e9lt\u00f3 ember is sokak \u00e9let\u00e9ben fontos szerepet j\u00e1tszott.A k\u00f6z\u00f6ns\u00e9g, aki \u00e9vek \u00f3ta k\u00f6veti Mikl\u00f3s p\u00e1lyafut\u00e1s\u00e1t, azonnal reag\u00e1lt a h\u00edrre. Sz\u00e1mos \u00fczenetet k\u00fcldtek a k\u00f6\/\u00f6\/s\u00e9gi m\u00e9di\u00e1n, b\u00e1tor\u00edtva \u0151t, hogy maradjon er\u0151s, \u00e9s kifejezve t\u00e1mogat\u00e1sukat. \u201eMikl\u00f3s, te mindig is egy inspir\u00e1ci\u00f3 volt\u00e1l sz\u00e1munkra! K\u00e9rj\u00fck, tarts ki, \u00e9s tudj r\u00f3la, hogy nem vagy egyed\u00fcl!\u201d \u00edrt\u00e1k a hozz\u00e1sz\u00f3l\u00e1sok k\u00f6z\u00f6tt. MUTATJUK A R\u00c9SZLETEKET!<\/h3>\n<h3><span style=\"color: #ff0000;\"><strong>A h\u00edr nem \u00e9rt v\u00e9get! Folytat\u00e1shoz haszn\u00e1ld a K\u00d6VETKEZ\u0150 OLDAL gombot!<\/strong><\/span><\/h3>\n<h3 style=\"text-align: right;\"><a href=\"https:\/\/matrend.hu\/maitrend\/?p=6666\" target=\"_blank\" rel=\"noopener\"><span style=\"color: #ff0000;\">&#8212;&gt;&gt; K\u00d6VETKEZ\u0150 OLDAL<\/span><\/a><\/h3>\n<p>&#8211;<\/p>\n<p>A Toyota Corolla m\u00e1r nem vezeti a csal\u00e1di ferdeh\u00e1t\u00fa aut\u00f3k szegmens\u00e9t a praktikum tekintet\u00e9ben, azonban a vil\u00e1g egyik legnagyobb p\u00e9ld\u00e1nysz\u00e1mban \u00e9rt\u00e9kes\u00edtett aut\u00f3ja tov\u00e1bbra is k\u00e9pes felvenni a versenyt az \u00fajabb, modernebb riv\u00e1lisokkal. A kiv\u00e1l\u00f3 finomhangolts\u00e1g, a k\u00e9nyelmes fut\u00e1s, a remek \u00f6sszeszerel\u00e9si min\u0151s\u00e9g \u00e9s a pontos, kontroll\u00e1lt vezethet\u0151s\u00e9g (m\u00e9g ha nem is a vezet\u00e9si \u00e9lm\u00e9ny cs\u00facsa) miatt nagyon kev\u00e9s olyan tulajdons\u00e1ga van, amelyet neh\u00e9z lenne szeretni a Coroll\u00e1ban.<\/p>\n<p>R\u00e1ad\u00e1sul a modellciklus k\u00f6zep\u00e9n v\u00e9grehajtott friss\u00edt\u00e9sek finom, de \u00e9rz\u00e9kelhet\u0151 javul\u00e1st hoztak a Corolla teljes\u00edtm\u00e9ny\u00e9ben, mik\u00f6zben az aut\u00f3 kiemelked\u0151 \u00fczemanyag-hat\u00e9konys\u00e1ga v\u00e1ltozatlan maradt. Az infotainment rendszer \u00e9s a fed\u00e9lzeti technol\u00f3gia is jelent\u0151s friss\u00edt\u00e9st kapott, amely megoldotta a 12. gener\u00e1ci\u00f3s Corolla egyik kor\u00e1bbi kritik\u00e1j\u00e1t. \u00d6sszess\u00e9g\u00e9ben ez a Nagy-Britanni\u00e1ban gy\u00e1rtott ferdeh\u00e1t\u00fa modell tov\u00e1bbra is stabil \u00e9s megb\u00edzhat\u00f3 csal\u00e1di aut\u00f3.<\/p>\n<p>A Honda Civic modellel ellent\u00e9tben a Corolla nemcsak ferdeh\u00e1t\u00fa, hanem kombi v\u00e1ltozatban is el\u00e9rhet\u0151. Ez az ismertet\u0151 els\u0151sorban a Corolla Hatch v\u00e1ltozatra koncentr\u00e1l, de l\u00e9tezik egy k\u00fcl\u00f6n, r\u00e9szletes elemz\u00e9s a Toyota Corolla Touring Sports modellr\u0151l is. A karossz\u00e9riav\u00e1ltozatok \u00e9s a motorok mellett a v\u00e1s\u00e1rl\u00f3k n\u00e9gy felszerelts\u00e9gi szint k\u00f6z\u00fcl v\u00e1laszthatnak: Icon, Design, GR Sport vagy Excel.<\/p>\n<p>Sz\u00e1mos Corolla v\u00e1ltozatot vezett\u00fcnk m\u00e1r, mind hazai, mind k\u00fclf\u00f6ldi k\u00f6r\u00fclm\u00e9nyek k\u00f6z\u00f6tt. A modellt m\u00e9g a Honda Civic \u00e9s a Kia Ceed t\u00edpusokkal is \u00f6sszehasonl\u00edtottuk, hogy kider\u00fclj\u00f6n, melyik a legjobb csal\u00e1di aut\u00f3. A Corolla a Ceed f\u00f6l\u00e9 kerekedett jobb \u00fczemanyag-fogyaszt\u00e1sa \u00e9s kifinomultabb m\u0171k\u00f6d\u00e9se miatt, viszont alulmaradt a Civiccel szemben, mert az a modell j\u00f3val praktikusabb kialak\u00edt\u00e1st k\u00edn\u00e1l.<\/p>\n","protected":false},"excerpt":{"rendered":"<p>\u201eNem tudom szavakba \u00f6nteni, mennyire f\u00e1j, hogy ezt \u00e1t\u00e9lj\u00fck. Mikl\u00f3s mindig is a csal\u00e1dunk sz\u00edve volt, \u00e9s most minden er\u0151nkkel&#8230; <span class=\"gridview-grid-post-read-more\"><a href=\"https:\/\/matrend.hu\/nekedinfo\/a-diagnozis-utan-galla-miklos\/\">read more<span class=\"gridview-sr-only\"> A diagn\u00f3zis ut\u00e1n: Galla Mikl\u00f3s<\/span><\/a><\/span><\/p>\n","protected":false},"author":1,"featured_media":6663,"comment_status":"open","ping_status":"open","sticky":false,"template":"","format":"standard","meta":{"footnotes":""},"categories":[1],"tags":[],"class_list":["post-6662","post","type-post","status-publish","format-standard","has-post-thumbnail","hentry","category-egyeb","wpcat-1-id"],"_links":{"self":[{"href":"https:\/\/matrend.hu\/nekedinfo\/wp-json\/wp\/v2\/posts\/6662","targetHints":{"allow":["GET"]}}],"collection":[{"href":"https:\/\/matrend.hu\/nekedinfo\/wp-json\/wp\/v2\/posts"}],"about":[{"href":"https:\/\/matrend.hu\/nekedinfo\/wp-json\/wp\/v2\/types\/post"}],"author":[{"embeddable":true,"href":"https:\/\/matrend.hu\/nekedinfo\/wp-json\/wp\/v2\/users\/1"}],"replies":[{"embeddable":true,"href":"https:\/\/matrend.hu\/nekedinfo\/wp-json\/wp\/v2\/comments?post=6662"}],"version-history":[{"count":1,"href":"https:\/\/matrend.hu\/nekedinfo\/wp-json\/wp\/v2\/posts\/6662\/revisions"}],"predecessor-version":[{"id":6664,"href":"https:\/\/matrend.hu\/nekedinfo\/wp-json\/wp\/v2\/posts\/6662\/revisions\/6664"}],"wp:featuredmedia":[{"embeddable":true,"href":"https:\/\/matrend.hu\/nekedinfo\/wp-json\/wp\/v2\/media\/6663"}],"wp:attachment":[{"href":"https:\/\/matrend.hu\/nekedinfo\/wp-json\/wp\/v2\/media?parent=6662"}],"wp:term":[{"taxonomy":"category","embeddable":true,"href":"https:\/\/matrend.hu\/nekedinfo\/wp-json\/wp\/v2\/categories?post=6662"},{"taxonomy":"post_tag","embeddable":true,"href":"https:\/\/matrend.hu\/nekedinfo\/wp-json\/wp\/v2\/tags?post=6662"}],"curies":[{"name":"wp","href":"https:\/\/api.w.org\/{rel}","templated":true}]}}