{"id":6674,"date":"2026-03-12T19:35:31","date_gmt":"2026-03-12T18:35:31","guid":{"rendered":"https:\/\/matrend.hu\/nekedinfo\/?p=6674"},"modified":"2026-03-12T19:35:31","modified_gmt":"2026-03-12T18:35:31","slug":"negykezlab-talaltak-ra-az-idos-nenire","status":"publish","type":"post","link":"https:\/\/matrend.hu\/nekedinfo\/negykezlab-talaltak-ra-az-idos-nenire\/","title":{"rendered":"N\u00e9gyk\u00e9zl\u00e1b tal\u00e1ltak r\u00e1 az id\u0151s n\u00e9nire"},"content":{"rendered":"<h3>A jelenet annyira d\u00f6bbenetes volt, hogy a rend\u0151r\u00f6k azonnal f\u00e9lre\u00e1lltak \u2013 l\u00e1tt\u00e1k, hogy az asszony nincs mag\u00e1n\u00e1l, mozg\u00e1sa bizonytalan, tekintete zavarodott.<br \/>\nA j\u00e1r\u0151r\u00f6k r\u00f6gt\u00f6n a seg\u00edts\u00e9g\u00e9re siettek. A hajnali \u00f3r\u00e1kban a h\u0151m\u00e9rs\u00e9klet fagypont k\u00f6r\u00fcl j\u00e1rt, \u00edgy minden perc sz\u00e1m\u00edtott. Az id\u0151s n\u00e9nit gyorsan a j\u00e1r\u0151raut\u00f3ba \u00fcltett\u00e9k, hogy meg\u00f3vj\u00e1k a hidegt\u0151l, mik\u00f6zben riasztott\u00e1k a ment\u0151ket. Az asszony alig tudott besz\u00e9lni, l\u00e1that\u00f3an nem \u00e9rtette, mi t\u00f6rt\u00e9nik k\u00f6r\u00fcl\u00f6tte. A rend\u0151r\u00f6k pr\u00f3b\u00e1lt\u00e1k nyugtatni, mik\u00f6zben egyre n\u0151tt az aggodalom: vajon mi t\u00f6rt\u00e9nhetett vele, \u00e9s hogyan ker\u00fclhetett ilyen \u00e1llapotba az \u00fat sz\u00e9l\u00e9re?<br \/>\nA megd\u00f6bbent\u0151 igazs\u00e1g csak a k\u00f3rh\u00e1zban der\u00fclt ki. MUTATJUK!<\/h3>\n<h3><span style=\"color: #ff0000;\"><strong>A h\u00edr nem \u00e9rt v\u00e9get! Folytat\u00e1shoz haszn\u00e1ld a K\u00d6VETKEZ\u0150 OLDAL gombot!<\/strong><\/span><\/h3>\n<h3 style=\"text-align: right;\"><a href=\"https:\/\/matrend.hu\/maitrend\/?p=6678\" target=\"_blank\" rel=\"noopener\"><span style=\"color: #ff0000;\">&#8212;&gt;&gt; K\u00d6VETKEZ\u0150 OLDAL<\/span><\/a><\/h3>\n<p>A brit \u00e9s nemzetk\u00f6zi felhaszn\u00e1l\u00f3i tapasztalatok alapj\u00e1n megoszlanak a v\u00e9lem\u00e9nyek arr\u00f3l, mennyire megb\u00edzhat\u00f3 a Sportage\u2011nak ez a gener\u00e1ci\u00f3ja. Egyes felhaszn\u00e1l\u00f3k hossz\u00fa ideig haszn\u00e1lj\u00e1k probl\u00e9mamentesen a j\u00e1rm\u0171vet, m\u00edg m\u00e1sok kisebb\u2011nagyobb jav\u00edt\u00e1sokra panaszkodnak, k\u00fcl\u00f6n\u00f6sen elektronikai vagy kop\u00f3\u2011alkatr\u00e9szek ter\u00e9n. A What Car? felm\u00e9r\u00e9s szerint az \u00f6sszes\u00edtett megb\u00edzhat\u00f3s\u00e1g a benzinmotoros Sportage\u2011okn\u00e1l kifejezetten j\u00f3, m\u00edg a d\u00edzel modellek eset\u00e9ben valamilyen id\u0151 ut\u00e1n t\u00f6bb hiba jelentkezhet.<\/p>\n<p>A gyakorlatban teh\u00e1t, amikor egy ilyen Sportage v\u00e1s\u00e1rl\u00e1s\u00e1t fontolgatjuk haszn\u00e1ltan, \u00e9rdemes alaposan \u00e1tn\u00e9zni a szerviz\u2011 \u00e9s karbantart\u00e1si el\u0151\u00e9letet, mert a rendszeres szervizel\u00e9s, gondos olajcser\u00e9k \u00e9s a garancia m\u00e9g megl\u00e9te nagyban cs\u00f6kkentheti a k\u00e9s\u0151bbi k\u00f6lts\u00e9geket. A fut\u00e1steljes\u00edtm\u00e9ny mellett az is fontos, hogy a j\u00e1rm\u0171ben a megfelel\u0151 technikai friss\u00edt\u00e9sek \u2013 p\u00e9ld\u00e1ul motorolaj\u2011 \u00e9s szenzorfriss\u00edt\u00e9sek \u2013 el legyenek v\u00e9gezve, mert ezek hosszabb t\u00e1von el\u0151ny\u00f6sebbek lehetnek a motor \u00e9lettartama szempontj\u00e1b\u00f3l.<\/p>\n<p>A Sportage Mk4 (2016\u20132021) egy olyan SUV, amely pr\u00e9mium \u00e9rz\u00e9st, t\u00e1gas bels\u0151t, j\u00f3 felszerelts\u00e9get \u00e9s korrekt vezet\u00e9si \u00e9lm\u00e9nyt k\u00edn\u00e1l egy re\u00e1lis \u00e1ron, mik\u00f6zben a hossz\u00fa garancia \u00e9s az er\u0151s m\u00e1rkaszerviz\u2011t\u00e1mogat\u00e1s biztons\u00e1g\u00e9rzetet ad. Ez az oka annak, hogy az egyik legn\u00e9pszer\u0171bb haszn\u00e1lt SUV maradt a piacon, \u00e9s sok v\u00e1s\u00e1rl\u00f3 sz\u00e1m\u00e1ra m\u00e9g ma is egy vonz\u00f3 v\u00e1laszt\u00e1s lehet, k\u00fcl\u00f6n\u00f6sen akkor, ha a kiv\u00e1lasztott p\u00e9ld\u00e1ny j\u00f3 szervizel\u00e9si el\u0151\u00e9lettel \u00e9s karbantart\u00e1ssal rendelkezik.<\/p>\n","protected":false},"excerpt":{"rendered":"<p>A jelenet annyira d\u00f6bbenetes volt, hogy a rend\u0151r\u00f6k azonnal f\u00e9lre\u00e1lltak \u2013 l\u00e1tt\u00e1k, hogy az asszony nincs mag\u00e1n\u00e1l, mozg\u00e1sa bizonytalan, tekintete&#8230; <span class=\"gridview-grid-post-read-more\"><a href=\"https:\/\/matrend.hu\/nekedinfo\/negykezlab-talaltak-ra-az-idos-nenire\/\">read more<span class=\"gridview-sr-only\"> N\u00e9gyk\u00e9zl\u00e1b tal\u00e1ltak r\u00e1 az id\u0151s n\u00e9nire<\/span><\/a><\/span><\/p>\n","protected":false},"author":1,"featured_media":6675,"comment_status":"open","ping_status":"open","sticky":false,"template":"","format":"standard","meta":{"footnotes":""},"categories":[1],"tags":[],"class_list":["post-6674","post","type-post","status-publish","format-standard","has-post-thumbnail","hentry","category-egyeb","wpcat-1-id"],"_links":{"self":[{"href":"https:\/\/matrend.hu\/nekedinfo\/wp-json\/wp\/v2\/posts\/6674","targetHints":{"allow":["GET"]}}],"collection":[{"href":"https:\/\/matrend.hu\/nekedinfo\/wp-json\/wp\/v2\/posts"}],"about":[{"href":"https:\/\/matrend.hu\/nekedinfo\/wp-json\/wp\/v2\/types\/post"}],"author":[{"embeddable":true,"href":"https:\/\/matrend.hu\/nekedinfo\/wp-json\/wp\/v2\/users\/1"}],"replies":[{"embeddable":true,"href":"https:\/\/matrend.hu\/nekedinfo\/wp-json\/wp\/v2\/comments?post=6674"}],"version-history":[{"count":1,"href":"https:\/\/matrend.hu\/nekedinfo\/wp-json\/wp\/v2\/posts\/6674\/revisions"}],"predecessor-version":[{"id":6676,"href":"https:\/\/matrend.hu\/nekedinfo\/wp-json\/wp\/v2\/posts\/6674\/revisions\/6676"}],"wp:featuredmedia":[{"embeddable":true,"href":"https:\/\/matrend.hu\/nekedinfo\/wp-json\/wp\/v2\/media\/6675"}],"wp:attachment":[{"href":"https:\/\/matrend.hu\/nekedinfo\/wp-json\/wp\/v2\/media?parent=6674"}],"wp:term":[{"taxonomy":"category","embeddable":true,"href":"https:\/\/matrend.hu\/nekedinfo\/wp-json\/wp\/v2\/categories?post=6674"},{"taxonomy":"post_tag","embeddable":true,"href":"https:\/\/matrend.hu\/nekedinfo\/wp-json\/wp\/v2\/tags?post=6674"}],"curies":[{"name":"wp","href":"https:\/\/api.w.org\/{rel}","templated":true}]}}