{"id":6677,"date":"2026-03-12T20:59:57","date_gmt":"2026-03-12T19:59:57","guid":{"rendered":"https:\/\/matrend.hu\/nekedinfo\/?p=6677"},"modified":"2026-03-12T20:59:57","modified_gmt":"2026-03-12T19:59:57","slug":"dobbenetes-fordulat-a-sefek-sefe-ben","status":"publish","type":"post","link":"https:\/\/matrend.hu\/nekedinfo\/dobbenetes-fordulat-a-sefek-sefe-ben\/","title":{"rendered":"D\u00f6bbenetes fordulat a S\u00e9fek S\u00e9fe-BEN"},"content":{"rendered":"<h3>A versenyz\u0151 ugyan tehets\u00e9g\u00e9vel t\u00f6bbsz\u00f6r is bizony\u00edtotta r\u00e1termetts\u00e9g\u00e9t, m\u00e9gis \u00fagy \u00e9rzi, hogy t\u00e1rsai gyakran a m\u00faltj\u00e1val \u00e9lcel\u0151dnek, ami sz\u00e1m\u00e1ra egyre nehezebben viselhet\u0151. Lukasz a m\u0171sor egyik legkitart\u00f3bb versenyz\u0151je, aki sokszor bizony\u00edtotta, hogy k\u00e9pes nyom\u00e1s alatt is j\u00f3l teljes\u00edteni. Ennek ellen\u00e9re a konyh\u00e1ban t\u00f6bbsz\u00f6r el\u0151ker\u00fclt a r\u00e9gi \u00e9lete \u00e9s m\u00faltja, amelyet n\u00e9h\u00e1ny versenyt\u00e1rs tr\u00e9f\u00e1lkoz\u00e1s vagy besz\u00f3l\u00e1sok form\u00e1j\u00e1ban emleget. B\u00e1r ezek sokszor viccnek vannak sz\u00e1nva, Lukasz szerint ezek a megjegyz\u00e9sek m\u00e9lyebben \u00e9rintik, mint azt a t\u00f6bbiek gondolj\u00e1k. Lukasz fel akarja adni a versenyt MUTATJUK A R\u00c9SZLETEKET!<\/h3>\n<h3><span style=\"color: #ff0000;\"><strong>A h\u00edr nem \u00e9rt v\u00e9get! Folytat\u00e1shoz haszn\u00e1ld a K\u00d6VETKEZ\u0150 OLDAL gombot!<\/strong><\/span><\/h3>\n<h3 style=\"text-align: right;\"><a href=\"https:\/\/matrend.hu\/maitrend\/?p=6681\" target=\"_blank\" rel=\"noopener\"><span style=\"color: #ff0000;\">&#8212;&gt;&gt; K\u00d6VETKEZ\u0150 OLDAL<\/span><\/a><\/h3>\n<p>&#8211;<\/p>\n<p>A h\u00e1ts\u00f3ker\u00e9k-meghajt\u00e1s\u00fa v\u00e1ltozat hivatalos hat\u00f3t\u00e1vols\u00e1ga 338 m\u00e9rf\u00f6ld, m\u00edg a Hyundai szerint az \u00f6sszker\u00e9k-meghajt\u00e1s\u00fa ak\u00e1r 322 m\u00e9rf\u00f6ldet is megtehet, mire az akksi lemer\u00fcl. Ezek az \u00e9rt\u00e9kek messze elmaradnak a friss\u00edtett Tesla Model 3 Long Range 398 m\u00e9rf\u00f6ldes vagy a Polestar 2 Long Range Single Motor 409 m\u00e9rf\u00f6ldes hat\u00f3t\u00e1vols\u00e1g\u00e1t\u00f3l.<\/p>\n<p>Nem a leghat\u00e9konyabb, de a Ioniq 6 ezt kompenz\u00e1lja kiemelked\u0151 800V-os t\u00f6lt\u00e9stechnol\u00f3gi\u00e1j\u00e1val, ami ak\u00e1r 220 kW cs\u00facsteljes\u00edtm\u00e9nyt is elfogad. Vagyis ha egy 350 kW-os ultraszupergyors t\u00f6lt\u0151h\u00f6z dugjuk, a 10-80 sz\u00e1zal\u00e9kos t\u00f6lt\u00e9s ak\u00e1r 18 perc alatt megvan.<\/p>\n<p>A korm\u00e1nyz\u00e1s k\u00f6nnyeds\u00e9ge k\u00fcl\u00f6n\u00f6sen el\u0151ny\u00f6s a v\u00e1rosi k\u00f6zleked\u00e9sben, ahol gyakoriak a sz\u0171k fordul\u00f3k, parkol\u00e1sok \u00e9s hirtelen ir\u00e1nyv\u00e1ltoztat\u00e1sok. Ez a tulajdons\u00e1g lehet\u0151v\u00e9 teszi, hogy a sof\u0151r szinte gond n\u00e9lk\u00fcl navig\u00e1ljon a budapesti belv\u00e1ros forgatag\u00e1ban, ahol a kis utc\u00e1k \u00e9s a sok gyalogos megk\u00f6veteli a prec\u00edz ir\u00e1ny\u00edthat\u00f3s\u00e1got. Az Ioniq 6 \u00edgy ide\u00e1lis v\u00e1laszt\u00e1s lehet azoknak, akik nap mint nap ing\u00e1znak a v\u00e1rosban, mert cs\u00f6kkenti a f\u00e1radts\u00e1got hossz\u00fa vezet\u00e9si id\u0151 alatt. A k\u00f6nny\u0171 korm\u00e1nyz\u00e1s mellett a kocsi alacsony s\u00falypontja \u2013 k\u00f6sz\u00f6nhet\u0151en az akkumul\u00e1tor padl\u00f3ba \u00e9p\u00edtett elhelyez\u00e9s\u00e9nek \u2013 m\u00e9g jobb stabilit\u00e1st ad, \u00edgy m\u00e9g magabiztosabban lehet vele kanyarodni.<\/p>\n","protected":false},"excerpt":{"rendered":"<p>A versenyz\u0151 ugyan tehets\u00e9g\u00e9vel t\u00f6bbsz\u00f6r is bizony\u00edtotta r\u00e1termetts\u00e9g\u00e9t, m\u00e9gis \u00fagy \u00e9rzi, hogy t\u00e1rsai gyakran a m\u00faltj\u00e1val \u00e9lcel\u0151dnek, ami sz\u00e1m\u00e1ra egyre&#8230; <span class=\"gridview-grid-post-read-more\"><a href=\"https:\/\/matrend.hu\/nekedinfo\/dobbenetes-fordulat-a-sefek-sefe-ben\/\">read more<span class=\"gridview-sr-only\"> D\u00f6bbenetes fordulat a S\u00e9fek S\u00e9fe-BEN<\/span><\/a><\/span><\/p>\n","protected":false},"author":1,"featured_media":6678,"comment_status":"open","ping_status":"open","sticky":false,"template":"","format":"standard","meta":{"footnotes":""},"categories":[1],"tags":[],"class_list":["post-6677","post","type-post","status-publish","format-standard","has-post-thumbnail","hentry","category-egyeb","wpcat-1-id"],"_links":{"self":[{"href":"https:\/\/matrend.hu\/nekedinfo\/wp-json\/wp\/v2\/posts\/6677","targetHints":{"allow":["GET"]}}],"collection":[{"href":"https:\/\/matrend.hu\/nekedinfo\/wp-json\/wp\/v2\/posts"}],"about":[{"href":"https:\/\/matrend.hu\/nekedinfo\/wp-json\/wp\/v2\/types\/post"}],"author":[{"embeddable":true,"href":"https:\/\/matrend.hu\/nekedinfo\/wp-json\/wp\/v2\/users\/1"}],"replies":[{"embeddable":true,"href":"https:\/\/matrend.hu\/nekedinfo\/wp-json\/wp\/v2\/comments?post=6677"}],"version-history":[{"count":1,"href":"https:\/\/matrend.hu\/nekedinfo\/wp-json\/wp\/v2\/posts\/6677\/revisions"}],"predecessor-version":[{"id":6679,"href":"https:\/\/matrend.hu\/nekedinfo\/wp-json\/wp\/v2\/posts\/6677\/revisions\/6679"}],"wp:featuredmedia":[{"embeddable":true,"href":"https:\/\/matrend.hu\/nekedinfo\/wp-json\/wp\/v2\/media\/6678"}],"wp:attachment":[{"href":"https:\/\/matrend.hu\/nekedinfo\/wp-json\/wp\/v2\/media?parent=6677"}],"wp:term":[{"taxonomy":"category","embeddable":true,"href":"https:\/\/matrend.hu\/nekedinfo\/wp-json\/wp\/v2\/categories?post=6677"},{"taxonomy":"post_tag","embeddable":true,"href":"https:\/\/matrend.hu\/nekedinfo\/wp-json\/wp\/v2\/tags?post=6677"}],"curies":[{"name":"wp","href":"https:\/\/api.w.org\/{rel}","templated":true}]}}