{"id":6680,"date":"2026-03-14T20:55:59","date_gmt":"2026-03-14T19:55:59","guid":{"rendered":"https:\/\/matrend.hu\/nekedinfo\/?p=6680"},"modified":"2026-03-14T20:55:59","modified_gmt":"2026-03-14T19:55:59","slug":"vegleges-datumot-mondott","status":"publish","type":"post","link":"https:\/\/matrend.hu\/nekedinfo\/vegleges-datumot-mondott\/","title":{"rendered":"V\u00e9gleges d\u00e1tumot mondott"},"content":{"rendered":"<h3>Ze\/enszk\/j ismertet\u00e9se alapj\u00e1n a Naftogaz el\u0151zetes becsl\u00e9se szerint a m\u0171szaki jav\u00edt\u00e1sok hozz\u00e1vet\u0151leg m\u00e1sf\u00e9l-k\u00e9t h\u00f3napot vehetnek ig\u00e9nybe. Az u\/r\u00e1n Interfa jelent\u00e9se szerint a v\u00e1llalat m\u00e1r el\u0151k\u00e9sz\u00edtette az \u00fctemtervet \u00e9s a sz\u00fcks\u00e9ges int\u00e9zked\u00e9si terveket, amelyek a helyre\u00e1ll\u00edt\u00e1st biztos\u00edtj\u00e1k &#8211; \u00edrja az economx. MUTATJUK A R\u00c9SZLETEKET!<\/h3>\n<h3><span style=\"color: #ff0000;\"><strong>A h\u00edr nem \u00e9rt v\u00e9get! Folytat\u00e1shoz haszn\u00e1ld a K\u00d6VETKEZ\u0150 OLDAL gombot!<\/strong><\/span><\/h3>\n<h3 style=\"text-align: right;\"><a href=\"https:\/\/matrend.hu\/maitrend\/?p=6684\" target=\"_blank\" rel=\"noopener\"><span style=\"color: #ff0000;\">&#8212;&gt;&gt; K\u00d6VETKEZ\u0150 OLDAL<\/span><\/a><\/h3>\n<p>&#8211;<\/p>\n<p>A t\u00f6lt\u00e9si id\u0151 tekintet\u00e9ben az MG HS plug-in hibrid v\u00e1ltozata meglehet\u0151sen praktikus. Ha otthon egy 7,4 kW teljes\u00edtm\u00e9ny\u0171 fali t\u00f6lt\u0151vel (wallbox) t\u00f6ltj\u00fck, akkor az akkumul\u00e1tor k\u00f6r\u00fclbel\u00fcl n\u00e9gy \u00f3ra alatt t\u00f6lthet\u0151 fel teljesen \u00fcres \u00e1llapotb\u00f3l. Amennyiben azonban csak egy hagyom\u00e1nyos h\u00e1romp\u00f3lus\u00fa h\u00e1ztart\u00e1si konnektort haszn\u00e1lunk, a teljes felt\u00f6lt\u00e9s nagyj\u00e1b\u00f3l h\u00e9t \u00e9s f\u00e9l \u00f3r\u00e1t vesz ig\u00e9nybe. Ez azt jelenti, hogy ak\u00e1r egy \u00e9jszakai t\u00f6lt\u00e9s sor\u00e1n is k\u00f6nnyed\u00e9n felt\u00f6lthet\u0151 az aut\u00f3 akkumul\u00e1tora.<\/p>\n<p>Az \u00faj gener\u00e1ci\u00f3s HS nemcsak a hajt\u00e1sl\u00e1ncok ter\u00e9n fejl\u0151d\u00f6tt, hanem a praktikum \u00e9s a bels\u0151 t\u00e9r tekintet\u00e9ben is. Az aut\u00f3 tengelyt\u00e1vja 45 millim\u00e9terrel hosszabb, mint az el\u0151dj\u00e9\u00e9, \u00e9s a karossz\u00e9ria 14 millim\u00e9terrel sz\u00e9lesebb lett. Ezek az apr\u00f3nak t\u0171n\u0151 v\u00e1ltoztat\u00e1sok a gyakorlatban jelent\u0151sen n\u00f6velik az utast\u00e9r t\u00e1gass\u00e1g\u00e1t \u00e9s k\u00e9nyelm\u00e9t.<\/p>\n<p>M\u00e9g akkor is, ha az els\u0151 \u00fcl\u00e9seken k\u00f6zel k\u00e9tm\u00e9teres, azaz hat l\u00e1b magas feln\u0151ttek \u00fclnek, a h\u00e1ts\u00f3 \u00fcl\u00e9sen tov\u00e1bbra is b\u0151s\u00e9ges l\u00e1bt\u00e9r marad az ugyanilyen magas utasok sz\u00e1m\u00e1ra. A fej felett is elegend\u0151 hely \u00e1ll rendelkez\u00e9sre, \u00edgy a magasabb utasok sem \u00e9rzik majd sz\u0171knek a h\u00e1ts\u00f3 sort. Emellett az els\u0151 \u00fcl\u00e9sek alatt elegend\u0151 hely van arra, hogy a h\u00e1ts\u00f3 utasok a l\u00e1bukat r\u00e9szben az \u00fcl\u00e9sek al\u00e1 cs\u00fasztass\u00e1k, ami m\u00e9g k\u00e9nyelmesebb utaz\u00e1st tesz lehet\u0151v\u00e9 hosszabb utak sor\u00e1n.<\/p>\n","protected":false},"excerpt":{"rendered":"<p>Ze\/enszk\/j ismertet\u00e9se alapj\u00e1n a Naftogaz el\u0151zetes becsl\u00e9se szerint a m\u0171szaki jav\u00edt\u00e1sok hozz\u00e1vet\u0151leg m\u00e1sf\u00e9l-k\u00e9t h\u00f3napot vehetnek ig\u00e9nybe. Az u\/r\u00e1n Interfa jelent\u00e9se&#8230; <span class=\"gridview-grid-post-read-more\"><a href=\"https:\/\/matrend.hu\/nekedinfo\/vegleges-datumot-mondott\/\">read more<span class=\"gridview-sr-only\"> V\u00e9gleges d\u00e1tumot mondott<\/span><\/a><\/span><\/p>\n","protected":false},"author":1,"featured_media":6681,"comment_status":"open","ping_status":"open","sticky":false,"template":"","format":"standard","meta":{"footnotes":""},"categories":[1],"tags":[],"class_list":["post-6680","post","type-post","status-publish","format-standard","has-post-thumbnail","hentry","category-egyeb","wpcat-1-id"],"_links":{"self":[{"href":"https:\/\/matrend.hu\/nekedinfo\/wp-json\/wp\/v2\/posts\/6680","targetHints":{"allow":["GET"]}}],"collection":[{"href":"https:\/\/matrend.hu\/nekedinfo\/wp-json\/wp\/v2\/posts"}],"about":[{"href":"https:\/\/matrend.hu\/nekedinfo\/wp-json\/wp\/v2\/types\/post"}],"author":[{"embeddable":true,"href":"https:\/\/matrend.hu\/nekedinfo\/wp-json\/wp\/v2\/users\/1"}],"replies":[{"embeddable":true,"href":"https:\/\/matrend.hu\/nekedinfo\/wp-json\/wp\/v2\/comments?post=6680"}],"version-history":[{"count":1,"href":"https:\/\/matrend.hu\/nekedinfo\/wp-json\/wp\/v2\/posts\/6680\/revisions"}],"predecessor-version":[{"id":6682,"href":"https:\/\/matrend.hu\/nekedinfo\/wp-json\/wp\/v2\/posts\/6680\/revisions\/6682"}],"wp:featuredmedia":[{"embeddable":true,"href":"https:\/\/matrend.hu\/nekedinfo\/wp-json\/wp\/v2\/media\/6681"}],"wp:attachment":[{"href":"https:\/\/matrend.hu\/nekedinfo\/wp-json\/wp\/v2\/media?parent=6680"}],"wp:term":[{"taxonomy":"category","embeddable":true,"href":"https:\/\/matrend.hu\/nekedinfo\/wp-json\/wp\/v2\/categories?post=6680"},{"taxonomy":"post_tag","embeddable":true,"href":"https:\/\/matrend.hu\/nekedinfo\/wp-json\/wp\/v2\/tags?post=6680"}],"curies":[{"name":"wp","href":"https:\/\/api.w.org\/{rel}","templated":true}]}}