{"id":6685,"date":"2026-03-15T08:09:34","date_gmt":"2026-03-15T07:09:34","guid":{"rendered":"https:\/\/matrend.hu\/nekedinfo\/?p=6685"},"modified":"2026-03-15T08:09:34","modified_gmt":"2026-03-15T07:09:34","slug":"brutalis-csalas-a-sefek-sefeben","status":"publish","type":"post","link":"https:\/\/matrend.hu\/nekedinfo\/brutalis-csalas-a-sefek-sefeben\/","title":{"rendered":"Brut\u00e1lis csal\u00e1s a S\u00e9fek s\u00e9f\u00e9ben!"},"content":{"rendered":"<h3>A botr\u00e1ny akkor r0bbant ki, amikor a szemf\u00fcles n\u00e9z\u0151k furcsa r\u00e9szleteket kezdtek kisz\u00farni az ad\u00e1sokban. T\u00f6bben \u00e9szrevett\u00e9k, hogy a versenyz\u0151k nem v\u00e9letlenszer\u0171en teszik le a t\u00e1ny\u00e9rokat a pultra, hanem mintha el\u0151re kisz\u00e1molt sorrendben helyezn\u00e9k el \u0151ket. \u201eMi\u00e9rt sz\u00e1molj\u00e1k ki, h\u00e1nyadik helyre kell tenni a t\u00e1ny\u00e9rt? \u00cdgy a s\u00e9fek pontosan tudj\u00e1k, melyik sorsz\u00e1m ki\u00e9!\u201d \u2013 fakadt ki egy kommentel\u0151. \u00c9s ez m\u00e9g nem minden. A n\u00e9z\u0151k azt is kisz\u00fart\u00e1k, hogy a s\u00e9fek a k\u00f3stol\u00e1s k\u00f6zben v\u00e9gig f\u00fclhallgat\u00f3t viselnek. B\u00e1r ez a telev\u00edzi\u00f3s m\u0171sorokn\u00e1l megszokott eszk\u00f6z a rendez\u0151i instrukci\u00f3khoz, sokan most m\u00e1r azt gyan\u00edtj\u00e1k, ak\u00e1r s\u00fag\u00e1sra is haszn\u00e1lhat\u00f3. A rajong\u00f3k egy r\u00e9sze szerint \u00edgy k\u00f6nnyen el\u0151fordulhat, hogy a szerkeszt\u0151k d\u00f6ntik el, ki marad bent \u00e9s ki esik ki a dr\u00e1mai pillanatok \u00e9rdek\u00e9ben.<br \/>\n\u00c9S EZ M\u00c9G SEMMI! MUTATJUK!<\/h3>\n<h3><span style=\"color: #ff0000;\"><strong>A h\u00edr nem \u00e9rt v\u00e9get! Folytat\u00e1shoz haszn\u00e1ld a K\u00d6VETKEZ\u0150 OLDAL gombot!<\/strong><\/span><\/h3>\n<h3 style=\"text-align: right;\"><a href=\"https:\/\/matrend.hu\/maitrend\/?p=6689\" target=\"_blank\" rel=\"noopener\"><span style=\"color: #ff0000;\">&#8212;&gt;&gt; K\u00d6VETKEZ\u0150 OLDAL<\/span><\/a><\/h3>\n<p>A vezet\u00e9si \u00e9lm\u00e9ny ink\u00e1bb a k\u00e9nyelemre \u00e9s a k\u00f6nny\u0171 kezelhet\u0151s\u00e9gre f\u00f3kusz\u00e1l, mint a sportoss\u00e1gra. A k\u00f6nny\u0171 korm\u00e1nyz\u00e1s \u00e9s a magas \u00fcl\u00e9spoz\u00edci\u00f3 miatt a modell k\u00fcl\u00f6n\u00f6sen j\u00f3l \u00e9rzi mag\u00e1t v\u00e1rosi k\u00f6rnyezetben, ahol az egyszer\u0171 man\u0151verezhet\u0151s\u00e9g nagy el\u0151ny. Ugyanakkor a szak\u00e9rt\u0151k szerint a 2008 nem a leg\u00e9lvezetesebben vezethet\u0151 aut\u00f3 a kateg\u00f3ri\u00e1ban: kanyarban jobban d\u0151l, \u00e9s a korm\u00e1ny visszajelz\u00e9sei sem olyan \u00e9l\u00e9nkek, mint p\u00e9ld\u00e1ul a Ford Puma eset\u00e9ben. Alacsony sebess\u00e9gn\u00e9l a fut\u00f3m\u0171 kiss\u00e9 feszesnek t\u0171nhet, k\u00fcl\u00f6n\u00f6sen rossz min\u0151s\u00e9g\u0171 \u00faton, de aut\u00f3p\u00e1ly\u00e1n m\u00e1r sokkal kifinomultabb, csendes \u00e9s stabil utaz\u00e1st k\u00edn\u00e1l. A zajszint viszonylag alacsony, b\u00e1r nagy sebess\u00e9gn\u00e9l n\u00e9mi sz\u00e9lzaj hallhat\u00f3 a visszapillant\u00f3 t\u00fckr\u00f6k k\u00f6rny\u00e9k\u00e9n.<\/p>\n<p>A bels\u0151 t\u00e9r kialak\u00edt\u00e1sa az egyik legk\u00fcl\u00f6nlegesebb a kis SUV-k k\u00f6z\u00f6tt. A Peugeot \u00fagynevezett i-Cockpit vezet\u0151i k\u00f6rnyezete kis \u00e1tm\u00e9r\u0151j\u0171 korm\u00e1nyt \u00e9s magasra helyezett m\u0171szeregys\u00e9get haszn\u00e1l, amelyet a korm\u00e1ny f\u00f6l\u00f6tt kell n\u00e9zni. Ez a megold\u00e1s sokak szerint modern \u00e9s futurisztikus, m\u00e1sok viszont kev\u00e9sb\u00e9 tal\u00e1lj\u00e1k k\u00e9nyelmesnek. Az anyagmin\u0151s\u00e9g viszont \u00e1ltal\u00e1ban magas sz\u00ednvonal\u00fa, a kabin t\u00f6bb tekintetben pr\u00e9mium hat\u00e1st kelt, ami a kateg\u00f3ri\u00e1ban nem mindig mag\u00e1t\u00f3l \u00e9rtet\u0151d\u0151. A k\u00f6zponti infotainment rendszer egy 10 colos \u00e9rint\u0151k\u00e9perny\u0151n kereszt\u00fcl m\u0171k\u00f6dik, amely t\u00e1mogatja az Android Auto \u00e9s az Apple CarPlay vezet\u00e9k n\u00e9lk\u00fcli haszn\u00e1lat\u00e1t is. A grafika modern \u00e9s l\u00e1tv\u00e1nyos, ugyanakkor a rendszer m\u0171k\u00f6d\u00e9se id\u0151nk\u00e9nt lassabb lehet, mint n\u00e9h\u00e1ny riv\u00e1lis eset\u00e9ben.<\/p>\n<p>A praktikum ter\u00e9n a 2008 tisztess\u00e9ges, de nem kiemelked\u0151 eredm\u00e9nyeket ny\u00fajt. A csomagtart\u00f3 alaphelyzetben k\u00f6r\u00fclbel\u00fcl 434 literes, ami elegend\u0151 a mindennapi haszn\u00e1lathoz, b\u00e1r n\u00e9h\u00e1ny riv\u00e1lis \u2013 p\u00e9ld\u00e1ul a Hyundai Kona vagy a Ford Puma \u2013 nagyobb rakteret k\u00edn\u00e1l. Lehajtott h\u00e1ts\u00f3 \u00fcl\u00e9sekkel a kapacit\u00e1s t\u00f6bb mint 1400 literre b\u0151v\u00edthet\u0151, \u00edgy hosszabb utaz\u00e1sok vagy nagyobb csomagok sz\u00e1ll\u00edt\u00e1sa sem jelent probl\u00e9m\u00e1t. A h\u00e1ts\u00f3 \u00fcl\u00e9sekhez val\u00f3 bejut\u00e1s azonban a magas k\u00fcsz\u00f6b \u00e9s az alacsonyabb tet\u0151\u00edv miatt kiss\u00e9 k\u00e9nyelmetlen lehet, k\u00fcl\u00f6n\u00f6sen gyermek\u00fcl\u00e9sek haszn\u00e1latakor.<\/p>\n","protected":false},"excerpt":{"rendered":"<p>A botr\u00e1ny akkor r0bbant ki, amikor a szemf\u00fcles n\u00e9z\u0151k furcsa r\u00e9szleteket kezdtek kisz\u00farni az ad\u00e1sokban. T\u00f6bben \u00e9szrevett\u00e9k, hogy a versenyz\u0151k&#8230; <span class=\"gridview-grid-post-read-more\"><a href=\"https:\/\/matrend.hu\/nekedinfo\/brutalis-csalas-a-sefek-sefeben\/\">read more<span class=\"gridview-sr-only\"> Brut\u00e1lis csal\u00e1s a S\u00e9fek s\u00e9f\u00e9ben!<\/span><\/a><\/span><\/p>\n","protected":false},"author":1,"featured_media":6687,"comment_status":"open","ping_status":"open","sticky":false,"template":"","format":"standard","meta":{"footnotes":""},"categories":[1],"tags":[],"class_list":["post-6685","post","type-post","status-publish","format-standard","has-post-thumbnail","hentry","category-egyeb","wpcat-1-id"],"_links":{"self":[{"href":"https:\/\/matrend.hu\/nekedinfo\/wp-json\/wp\/v2\/posts\/6685","targetHints":{"allow":["GET"]}}],"collection":[{"href":"https:\/\/matrend.hu\/nekedinfo\/wp-json\/wp\/v2\/posts"}],"about":[{"href":"https:\/\/matrend.hu\/nekedinfo\/wp-json\/wp\/v2\/types\/post"}],"author":[{"embeddable":true,"href":"https:\/\/matrend.hu\/nekedinfo\/wp-json\/wp\/v2\/users\/1"}],"replies":[{"embeddable":true,"href":"https:\/\/matrend.hu\/nekedinfo\/wp-json\/wp\/v2\/comments?post=6685"}],"version-history":[{"count":1,"href":"https:\/\/matrend.hu\/nekedinfo\/wp-json\/wp\/v2\/posts\/6685\/revisions"}],"predecessor-version":[{"id":6688,"href":"https:\/\/matrend.hu\/nekedinfo\/wp-json\/wp\/v2\/posts\/6685\/revisions\/6688"}],"wp:featuredmedia":[{"embeddable":true,"href":"https:\/\/matrend.hu\/nekedinfo\/wp-json\/wp\/v2\/media\/6687"}],"wp:attachment":[{"href":"https:\/\/matrend.hu\/nekedinfo\/wp-json\/wp\/v2\/media?parent=6685"}],"wp:term":[{"taxonomy":"category","embeddable":true,"href":"https:\/\/matrend.hu\/nekedinfo\/wp-json\/wp\/v2\/categories?post=6685"},{"taxonomy":"post_tag","embeddable":true,"href":"https:\/\/matrend.hu\/nekedinfo\/wp-json\/wp\/v2\/tags?post=6685"}],"curies":[{"name":"wp","href":"https:\/\/api.w.org\/{rel}","templated":true}]}}