{"id":6689,"date":"2026-03-15T08:25:14","date_gmt":"2026-03-15T07:25:14","guid":{"rendered":"https:\/\/matrend.hu\/nekedinfo\/?p=6689"},"modified":"2026-03-15T08:25:14","modified_gmt":"2026-03-15T07:25:14","slug":"nagy-baj-tortent-vomberg-frigyessel","status":"publish","type":"post","link":"https:\/\/matrend.hu\/nekedinfo\/nagy-baj-tortent-vomberg-frigyessel\/","title":{"rendered":"Nagy baj t\u00f6rt\u00e9nt Vomberg Frigyessel!"},"content":{"rendered":"<h3>A fesz\u00fclts\u00e9g pillanatok alatt az egekbe sz\u00f6k\u00f6tt. \u00d6rd\u00f6g N\u00f3ra v\u00e9g\u00fcl megt\u00f6rte a csendet, \u00e9s bejelentette: am\u00edg a versenyz\u0151k a v\u00e9detts\u00e9g\u00e9rt k\u00fczd\u00f6ttek, Vomberg Frigyes rosszul lett, ez\u00e9rt orvoshoz kellett k\u00fcldeni. A leveg\u0151 szinte megfagyott a konyh\u00e1ban. A piros csapat tagjai egym\u00e1sra n\u00e9ztek, \u00e9s l\u00e1tszott rajtuk a p\u00e1nik. A zs\u0171riz\u00e9st k\u00e9nytelen volt \u00e1tvenni Krausz G\u00e1bor \u00e9s Tischler Petra, mik\u00f6zben a versenyz\u0151k fej\u00e9ben csak egy k\u00e9rd\u00e9s zakatolt: vajon mennyire s\u00falyos a helyzet? T\u00f6bben bevallott\u00e1k, hogy a h\u00edr ut\u00e1n m\u00e1r alig tudtak a t\u00e1ny\u00e9rokra koncentr\u00e1lni.<br \/>\nA dr\u00e1ma ezzel azonban sajnos m\u00e9g nem \u00e9rt v\u00e9get. MUTATJUK!<\/h3>\n<h3><span style=\"color: #ff0000;\"><strong>A h\u00edr nem \u00e9rt v\u00e9get! Folytat\u00e1shoz haszn\u00e1ld a K\u00d6VETKEZ\u0150 OLDAL gombot!<\/strong><\/span><\/h3>\n<h3 style=\"text-align: right;\"><a href=\"https:\/\/matrend.hu\/maitrend\/?p=6693\" target=\"_blank\" rel=\"noopener\"><span style=\"color: #ff0000;\">&#8212;&gt;&gt; K\u00d6VETKEZ\u0150 OLDAL<\/span><\/a><\/h3>\n<p>A k\u00edn\u00e1lat m\u00e1sik v\u00e9g\u00e9n a legend\u00e1s sportv\u00e1ltozat, a Honda Civic Type R \u00e1ll. Ez a modell 2022 v\u00e9g\u00e9n jelent meg, \u00e9s teljesen m\u00e1s karaktert k\u00e9pvisel. A turb\u00f3felt\u00f6lt\u0151s, 2,0 literes motor t\u00f6bb mint 320 l\u00f3er\u0151t ad le, \u00e9s hatfokozat\u00fa k\u00e9zi v\u00e1lt\u00f3val p\u00e1rosul. A Type R els\u0151sorban a vezet\u00e9si \u00e9lm\u00e9nyre \u00e9s a sportos karakterre koncentr\u00e1l, ez\u00e9rt r\u00f6videbb \u00e1tt\u00e9telez\u00e9st, agressz\u00edvebb fut\u00f3m\u0171vet \u00e9s j\u00f3val dinamikusabb menettulajdons\u00e1gokat k\u00edn\u00e1l. B\u00e1r aut\u00f3p\u00e1ly\u00e1n zajosabb \u00e9s t\u00f6bbet fogyaszt, kanyarg\u00f3s orsz\u00e1gutakon a kateg\u00f3ria egyik legizgalmasabb vezet\u00e9si \u00e9lm\u00e9ny\u00e9t ny\u00fajtja.<\/p>\n<p>A hagyom\u00e1nyos hibrid Civic ezzel szemben ink\u00e1bb a kiegyens\u00falyozotts\u00e1gra t\u00f6rekszik. A fut\u00f3m\u0171 k\u00e9nyelmesen csillap\u00edtja az \u00fathib\u00e1kat, a korm\u00e1nyz\u00e1s pontos, a zajszint pedig alacsony. B\u00e1r a vezet\u00e9si \u00e9lm\u00e9ny nem annyira sportos, mint egyes riv\u00e1lisokn\u00e1l, p\u00e9ld\u00e1ul a Ford Focus eset\u00e9ben, a Civic stabil \u00e9s kisz\u00e1m\u00edthat\u00f3 viselked\u00e9st mutat, ami hosszabb utaz\u00e1sokn\u00e1l k\u00fcl\u00f6n\u00f6sen \u00e9rt\u00e9kes tulajdons\u00e1g. A hibrid hajt\u00e1s miatt a gyors\u00edt\u00e1s is meglep\u0151en \u00e9l\u00e9nk lehet, hiszen az elektromotor azonnal leadja a nyomat\u00e9k\u00e1t.<\/p>\n<p>A bels\u0151 t\u00e9r kialak\u00edt\u00e1sa sokkal visszafogottabb, mint n\u00e9h\u00e1ny kor\u00e1bbi Civic gener\u00e1ci\u00f3ban. A Honda ez\u00fattal tudatosan egy letisztult, ergonomikus m\u0171szerfalat tervezett, amely k\u00f6nnyen kezelhet\u0151 \u00e9s logikus elrendez\u00e9s\u0171. Az infotainment rendszer modern, ugyanakkor nem t\u00fal bonyolult, \u00e9s t\u00e1mogatja az okostelefonos kapcsol\u00f3d\u00e1st is. A min\u0151s\u00e9g\u00e9rzet kimondottan j\u00f3: m\u00e9g a kem\u00e9nyebb m\u0171anyagok is ig\u00e9nyesnek hatnak, \u00e9s az \u00f6sszeszerel\u00e9s szil\u00e1rd benyom\u00e1st kelt. Ez a visszafogott diz\u00e1jn sok v\u00e1s\u00e1rl\u00f3 sz\u00e1m\u00e1ra vonz\u00f3bb lehet, mint a t\u00fal futurisztikus bels\u0151 terek, amelyek n\u00e9ha a haszn\u00e1lhat\u00f3s\u00e1g rov\u00e1s\u00e1ra mennek.<\/p>\n","protected":false},"excerpt":{"rendered":"<p>A fesz\u00fclts\u00e9g pillanatok alatt az egekbe sz\u00f6k\u00f6tt. \u00d6rd\u00f6g N\u00f3ra v\u00e9g\u00fcl megt\u00f6rte a csendet, \u00e9s bejelentette: am\u00edg a versenyz\u0151k a v\u00e9detts\u00e9g\u00e9rt&#8230; <span class=\"gridview-grid-post-read-more\"><a href=\"https:\/\/matrend.hu\/nekedinfo\/nagy-baj-tortent-vomberg-frigyessel\/\">read more<span class=\"gridview-sr-only\"> Nagy baj t\u00f6rt\u00e9nt Vomberg Frigyessel!<\/span><\/a><\/span><\/p>\n","protected":false},"author":1,"featured_media":6690,"comment_status":"open","ping_status":"open","sticky":false,"template":"","format":"standard","meta":{"footnotes":""},"categories":[1],"tags":[],"class_list":["post-6689","post","type-post","status-publish","format-standard","has-post-thumbnail","hentry","category-egyeb","wpcat-1-id"],"_links":{"self":[{"href":"https:\/\/matrend.hu\/nekedinfo\/wp-json\/wp\/v2\/posts\/6689","targetHints":{"allow":["GET"]}}],"collection":[{"href":"https:\/\/matrend.hu\/nekedinfo\/wp-json\/wp\/v2\/posts"}],"about":[{"href":"https:\/\/matrend.hu\/nekedinfo\/wp-json\/wp\/v2\/types\/post"}],"author":[{"embeddable":true,"href":"https:\/\/matrend.hu\/nekedinfo\/wp-json\/wp\/v2\/users\/1"}],"replies":[{"embeddable":true,"href":"https:\/\/matrend.hu\/nekedinfo\/wp-json\/wp\/v2\/comments?post=6689"}],"version-history":[{"count":1,"href":"https:\/\/matrend.hu\/nekedinfo\/wp-json\/wp\/v2\/posts\/6689\/revisions"}],"predecessor-version":[{"id":6691,"href":"https:\/\/matrend.hu\/nekedinfo\/wp-json\/wp\/v2\/posts\/6689\/revisions\/6691"}],"wp:featuredmedia":[{"embeddable":true,"href":"https:\/\/matrend.hu\/nekedinfo\/wp-json\/wp\/v2\/media\/6690"}],"wp:attachment":[{"href":"https:\/\/matrend.hu\/nekedinfo\/wp-json\/wp\/v2\/media?parent=6689"}],"wp:term":[{"taxonomy":"category","embeddable":true,"href":"https:\/\/matrend.hu\/nekedinfo\/wp-json\/wp\/v2\/categories?post=6689"},{"taxonomy":"post_tag","embeddable":true,"href":"https:\/\/matrend.hu\/nekedinfo\/wp-json\/wp\/v2\/tags?post=6689"}],"curies":[{"name":"wp","href":"https:\/\/api.w.org\/{rel}","templated":true}]}}