{"id":6692,"date":"2026-03-15T13:38:00","date_gmt":"2026-03-15T12:38:00","guid":{"rendered":"https:\/\/matrend.hu\/nekedinfo\/?p=6692"},"modified":"2026-03-15T13:38:00","modified_gmt":"2026-03-15T12:38:00","slug":"nehez-pillanatok-a-marcius-15-ei-bekemeneten","status":"publish","type":"post","link":"https:\/\/matrend.hu\/nekedinfo\/nehez-pillanatok-a-marcius-15-ei-bekemeneten\/","title":{"rendered":"Neh\u00e9z pillanatok a m\u00e1rcius 15-ei B\u00e9kemeneten"},"content":{"rendered":"<h3>Szemtan\u00fak besz\u00e1mol\u00f3i szerint a konfliktus akkor kezd\u0151d\u00f6tt, amikor n\u00e9h\u00e1ny TISZA-z\u00e1szl\u00f3t tart\u00f3 r\u00e9sztvev\u0151 hangos po\/itikai jel\/zavakat kezdett skand\u00e1lni a B\u00e9kemenet r\u00e9sztvev\u0151i k\u00f6z\u00f6tt. Erre t\u00f6bb korm\u00e1nyp\u00e1rti szimpatiz\u00e1ns is reag\u00e1lt, \u00e9s r\u00f6vid id\u0151n bel\u00fcl heves sz\u00f3csata alakult ki a k\u00e9t csoport k\u00f6z\u00f6tt. A hangulat gyorsan felfo\/r\u00f3sodott. kaotikus helyzet alakult ki, \u00e9s t\u00f6bben att\u00f3l tartottak, hogy. MUTATJUK A R\u00c9SZLETEKET!<\/h3>\n<h3><span style=\"color: #ff0000;\"><strong>A h\u00edr nem \u00e9rt v\u00e9get! Folytat\u00e1shoz haszn\u00e1ld a K\u00d6VETKEZ\u0150 OLDAL gombot!<\/strong><\/span><\/h3>\n<h3 style=\"text-align: right;\"><a href=\"https:\/\/matrend.hu\/maitrend\/?p=6696\" target=\"_blank\" rel=\"noopener\"><span style=\"color: #ff0000;\">&#8212;&gt;&gt; K\u00d6VETKEZ\u0150 OLDAL<\/span><\/a><\/h3>\n<p>&#8211;<\/p>\n<p>A mindennapi haszn\u00e1lat sor\u00e1n azonban sok vezet\u0151 gyorsan megszokja ezt a karaktert. A v\u00e1rosi forgalomban p\u00e9ld\u00e1ul az e-Pedal rendszer \u00e9s az elektromos hajt\u00e1s jelent\u0151sen cs\u00f6kkentheti a vezet\u00e9si stresszt, hiszen kevesebb ped\u00e1lhaszn\u00e1latot ig\u00e9nyel, \u00e9s a gyakori lass\u00edt\u00e1sok sor\u00e1n energi\u00e1t is visszanyer.<\/p>\n<p>A Juke fut\u00f3m\u0171ve \u00e1ltal\u00e1ban stabil \u00e9s kisz\u00e1m\u00edthat\u00f3 viselked\u00e9st biztos\u00edt. A korm\u00e1nyz\u00e1s k\u00f6nny\u0171, ami megk\u00f6nny\u00edti a parkol\u00e1st \u00e9s a man\u0151verez\u00e9st sz\u0171k utc\u00e1kban vagy parkol\u00f3kban. Ugyanakkor nagyobb sebess\u00e9gn\u00e9l is meg\u0151rzi a megfelel\u0151 stabilit\u00e1st, \u00edgy az aut\u00f3 biztons\u00e1gos \u00e9rzetet ny\u00fajt a vezet\u0151 sz\u00e1m\u00e1ra.<\/p>\n<p>Az aut\u00f3 karaktere \u00f6sszess\u00e9g\u00e9ben ink\u00e1bb k\u00e9nyelmes \u00e9s praktikus, mint sportos. B\u00e1r a hibrid v\u00e1ltozat a k\u00edn\u00e1lat leger\u0151sebb modellje, a hangs\u00faly ink\u00e1bb a gazdas\u00e1gos m\u0171k\u00f6d\u00e9sen \u00e9s a k\u00f6nny\u0171 haszn\u00e1lhat\u00f3s\u00e1gon van, nem pedig a dinamikus vezet\u00e9si \u00e9lm\u00e9nyen.<\/p>\n<p>A bels\u0151 t\u00e9rben a modern technol\u00f3giai megold\u00e1sok \u00e9s az ergonomikus kialak\u00edt\u00e1s seg\u00edtik a mindennapi haszn\u00e1latot. A vezet\u0151 sz\u00e1m\u00e1ra minden fontos kezel\u0151szerv k\u00f6nnyen el\u00e9rhet\u0151, az inform\u00e1ci\u00f3s kijelz\u0151k pedig egy\u00e9rtelm\u0171en mutatj\u00e1k a hibrid rendszer m\u0171k\u00f6d\u00e9s\u00e9t, p\u00e9ld\u00e1ul azt, hogy az aut\u00f3 \u00e9ppen elektromos, benzines vagy kombin\u00e1lt hajt\u00e1ssal halad.<\/p>\n<p>Az energia\u00e1raml\u00e1st jelz\u0151 grafikus kijelz\u0151k seg\u00edtenek a vezet\u0151nek meg\u00e9rteni, mikor t\u00f6rt\u00e9nik az akkumul\u00e1tor t\u00f6lt\u00e9se vagy kis\u00fct\u00e9se. Ez sokak sz\u00e1m\u00e1ra \u00e9rdekes \u00e9s hasznos inform\u00e1ci\u00f3 lehet, k\u00fcl\u00f6n\u00f6sen azoknak, akik szeretn\u00e9k tudatosabban, takar\u00e9kosabban vezetni az aut\u00f3t.<\/p>\n","protected":false},"excerpt":{"rendered":"<p>Szemtan\u00fak besz\u00e1mol\u00f3i szerint a konfliktus akkor kezd\u0151d\u00f6tt, amikor n\u00e9h\u00e1ny TISZA-z\u00e1szl\u00f3t tart\u00f3 r\u00e9sztvev\u0151 hangos po\/itikai jel\/zavakat kezdett skand\u00e1lni a B\u00e9kemenet r\u00e9sztvev\u0151i&#8230; <span class=\"gridview-grid-post-read-more\"><a href=\"https:\/\/matrend.hu\/nekedinfo\/nehez-pillanatok-a-marcius-15-ei-bekemeneten\/\">read more<span class=\"gridview-sr-only\"> Neh\u00e9z pillanatok a m\u00e1rcius 15-ei B\u00e9kemeneten<\/span><\/a><\/span><\/p>\n","protected":false},"author":1,"featured_media":6693,"comment_status":"open","ping_status":"open","sticky":false,"template":"","format":"standard","meta":{"footnotes":""},"categories":[1],"tags":[],"class_list":["post-6692","post","type-post","status-publish","format-standard","has-post-thumbnail","hentry","category-egyeb","wpcat-1-id"],"_links":{"self":[{"href":"https:\/\/matrend.hu\/nekedinfo\/wp-json\/wp\/v2\/posts\/6692","targetHints":{"allow":["GET"]}}],"collection":[{"href":"https:\/\/matrend.hu\/nekedinfo\/wp-json\/wp\/v2\/posts"}],"about":[{"href":"https:\/\/matrend.hu\/nekedinfo\/wp-json\/wp\/v2\/types\/post"}],"author":[{"embeddable":true,"href":"https:\/\/matrend.hu\/nekedinfo\/wp-json\/wp\/v2\/users\/1"}],"replies":[{"embeddable":true,"href":"https:\/\/matrend.hu\/nekedinfo\/wp-json\/wp\/v2\/comments?post=6692"}],"version-history":[{"count":1,"href":"https:\/\/matrend.hu\/nekedinfo\/wp-json\/wp\/v2\/posts\/6692\/revisions"}],"predecessor-version":[{"id":6694,"href":"https:\/\/matrend.hu\/nekedinfo\/wp-json\/wp\/v2\/posts\/6692\/revisions\/6694"}],"wp:featuredmedia":[{"embeddable":true,"href":"https:\/\/matrend.hu\/nekedinfo\/wp-json\/wp\/v2\/media\/6693"}],"wp:attachment":[{"href":"https:\/\/matrend.hu\/nekedinfo\/wp-json\/wp\/v2\/media?parent=6692"}],"wp:term":[{"taxonomy":"category","embeddable":true,"href":"https:\/\/matrend.hu\/nekedinfo\/wp-json\/wp\/v2\/categories?post=6692"},{"taxonomy":"post_tag","embeddable":true,"href":"https:\/\/matrend.hu\/nekedinfo\/wp-json\/wp\/v2\/tags?post=6692"}],"curies":[{"name":"wp","href":"https:\/\/api.w.org\/{rel}","templated":true}]}}