{"id":6695,"date":"2026-03-15T20:26:08","date_gmt":"2026-03-15T19:26:08","guid":{"rendered":"https:\/\/matrend.hu\/nekedinfo\/?p=6695"},"modified":"2026-03-15T20:26:08","modified_gmt":"2026-03-15T19:26:08","slug":"kiderult-az-elnok-betegsege","status":"publish","type":"post","link":"https:\/\/matrend.hu\/nekedinfo\/kiderult-az-elnok-betegsege\/","title":{"rendered":"Kider\u00fclt az eln\u00f6k betegs\u00e9ge!"},"content":{"rendered":"<h3>Az 0r0sz eln\u00f6k eg\u00e9szs\u00e9gi \u00e1llapota m\u00e1r \u00e9vek \u00f3ta a tal\u00e1lgat\u00e1sok k\u00f6z\u00e9ppontj\u00e1ban \u00e1ll. Id\u00e9n t\u00f6lti be a 74. \u00e9let\u00e9v\u00e9t, mik\u00f6zben a hivatalos kommunik\u00e1ci\u00f3 szerint tov\u00e1bbra is kiv\u00e1l\u00f3 form\u00e1ban van. A Krem\/l sok\u00e1ig tudatosan \u00e9p\u00edtette azt a k\u00e9pet r\u00f3la, mint rendk\u00edv\u00fcl er\u0151s \u00e9s energikus vezet\u0151r\u0151l: vad\u00e1\/s\/zat0kon, j\u00e9gkorong-meccseken vagy ak\u00e1r jeges v\u00edzben f\u00fcr\u00f6dve is l\u00e1thatt\u00e1k a kamer\u00e1k. Az elm\u00falt id\u0151szakban azonban egyre t\u00f6bben figyeltek fel apr\u00f3, de besz\u00e9des v\u00e1ltoz\u00e1sokra. A megfigyel\u0151k szerint az eln\u00f6k arca gyakran puffadtabbnak t\u0171nik, mozdulatai id\u0151nk\u00e9nt merevebbek, \u00e9s bizonyos nyilv\u00e1nos esem\u00e9nyeken felt\u0171n\u0151en f\u00e1radtnak l\u00e1tszik.<br \/>\nDE AMI MOST DER\u00dcLT KI AZ MINDENT FEL\u00dcL \u00cdR! MUTATJUK!<\/h3>\n<h3><span style=\"color: #ff0000;\"><strong>A h\u00edr nem \u00e9rt v\u00e9get! Folytat\u00e1shoz haszn\u00e1ld a K\u00d6VETKEZ\u0150 OLDAL gombot!<\/strong><\/span><\/h3>\n<h3 style=\"text-align: right;\"><a href=\"https:\/\/matrend.hu\/maitrend\/?p=6699\" target=\"_blank\" rel=\"noopener\"><span style=\"color: #ff0000;\">&#8212;&gt;&gt; K\u00d6VETKEZ\u0150 OLDAL<\/span><\/a><\/h3>\n<p>A praktikum ter\u00e9n a modell m\u00e1r kev\u00e9sb\u00e9 kiemelked\u0151. B\u00e1r az aut\u00f3 \u00f6tajt\u00f3s karossz\u00e9ri\u00e1val k\u00e9sz\u00fcl, a h\u00e1ts\u00f3 utast\u00e9r viszonylag sz\u0171k lehet magasabb utasok sz\u00e1m\u00e1ra. A csomagtart\u00f3 m\u00e9rete 352 liter a benzines v\u00e1ltozatokn\u00e1l, ami tisztess\u00e9ges \u00e9rt\u00e9k, de n\u00e9h\u00e1ny riv\u00e1lis \u2013 p\u00e9ld\u00e1ul a Skoda Fabia \u2013 enn\u00e9l nagyobb rakteret k\u00edn\u00e1l. Az elektromos v\u00e1ltozatn\u00e1l a csomagt\u00e9r valamivel kisebb, 309 literes, mert az akkumul\u00e1tor egy r\u00e9sze a padl\u00f3 alatt foglal helyet.<\/p>\n<p>Biztons\u00e1g ter\u00e9n a 208 t\u00f6bb vezet\u00e9st\u00e1mogat\u00f3 rendszert k\u00edn\u00e1l, p\u00e9ld\u00e1ul automatikus v\u00e9szf\u00e9kez\u00e9st, s\u00e1velhagy\u00e1s-figyelmeztet\u00e9st \u00e9s parkol\u00e1si asszisztenseket. A modell azonban a 2019-es Euro NCAP teszten n\u00e9gycsillagos \u00e9rt\u00e9kel\u00e9st kapott, \u00e9s az \u00e9rt\u00e9kel\u00e9s az\u00f3ta m\u00e1r elavult, mert a tesztel\u00e9si szab\u00e1lyok szigorodtak. Ennek ellen\u00e9re a mindennapi haszn\u00e1lat sor\u00e1n a biztons\u00e1gi felszerelts\u00e9g megfelel\u0151nek sz\u00e1m\u00edt a kateg\u00f3ri\u00e1ban.<\/p>\n<p>A Peugeot 208 egy st\u00edlusos \u00e9s technol\u00f3giailag modern kisaut\u00f3, amely els\u0151sorban azok sz\u00e1m\u00e1ra lehet vonz\u00f3, akik egy karakteres megjelen\u00e9s\u0171, j\u00f3l vezethet\u0151 v\u00e1rosi modellt keresnek. B\u00e1r a h\u00e1ts\u00f3 t\u00e9r \u00e9s a praktikum nem a leger\u0151sebb oldala, a l\u00e1tv\u00e1nyos design, a modern bels\u0151 t\u00e9r \u00e9s a t\u00f6bbf\u00e9le hajt\u00e1sl\u00e1nc \u2013 k\u00f6zt\u00fck az elektromos v\u00e1ltozat \u2013 miatt a modell tov\u00e1bbra is az egyik leg\u00e9rdekesebb szerepl\u0151 a szupermini kateg\u00f3ri\u00e1ban.<\/p>\n","protected":false},"excerpt":{"rendered":"<p>Az 0r0sz eln\u00f6k eg\u00e9szs\u00e9gi \u00e1llapota m\u00e1r \u00e9vek \u00f3ta a tal\u00e1lgat\u00e1sok k\u00f6z\u00e9ppontj\u00e1ban \u00e1ll. Id\u00e9n t\u00f6lti be a 74. \u00e9let\u00e9v\u00e9t, mik\u00f6zben a&#8230; <span class=\"gridview-grid-post-read-more\"><a href=\"https:\/\/matrend.hu\/nekedinfo\/kiderult-az-elnok-betegsege\/\">read more<span class=\"gridview-sr-only\"> Kider\u00fclt az eln\u00f6k betegs\u00e9ge!<\/span><\/a><\/span><\/p>\n","protected":false},"author":1,"featured_media":6696,"comment_status":"open","ping_status":"open","sticky":false,"template":"","format":"standard","meta":{"footnotes":""},"categories":[1],"tags":[],"class_list":["post-6695","post","type-post","status-publish","format-standard","has-post-thumbnail","hentry","category-egyeb","wpcat-1-id"],"_links":{"self":[{"href":"https:\/\/matrend.hu\/nekedinfo\/wp-json\/wp\/v2\/posts\/6695","targetHints":{"allow":["GET"]}}],"collection":[{"href":"https:\/\/matrend.hu\/nekedinfo\/wp-json\/wp\/v2\/posts"}],"about":[{"href":"https:\/\/matrend.hu\/nekedinfo\/wp-json\/wp\/v2\/types\/post"}],"author":[{"embeddable":true,"href":"https:\/\/matrend.hu\/nekedinfo\/wp-json\/wp\/v2\/users\/1"}],"replies":[{"embeddable":true,"href":"https:\/\/matrend.hu\/nekedinfo\/wp-json\/wp\/v2\/comments?post=6695"}],"version-history":[{"count":1,"href":"https:\/\/matrend.hu\/nekedinfo\/wp-json\/wp\/v2\/posts\/6695\/revisions"}],"predecessor-version":[{"id":6697,"href":"https:\/\/matrend.hu\/nekedinfo\/wp-json\/wp\/v2\/posts\/6695\/revisions\/6697"}],"wp:featuredmedia":[{"embeddable":true,"href":"https:\/\/matrend.hu\/nekedinfo\/wp-json\/wp\/v2\/media\/6696"}],"wp:attachment":[{"href":"https:\/\/matrend.hu\/nekedinfo\/wp-json\/wp\/v2\/media?parent=6695"}],"wp:term":[{"taxonomy":"category","embeddable":true,"href":"https:\/\/matrend.hu\/nekedinfo\/wp-json\/wp\/v2\/categories?post=6695"},{"taxonomy":"post_tag","embeddable":true,"href":"https:\/\/matrend.hu\/nekedinfo\/wp-json\/wp\/v2\/tags?post=6695"}],"curies":[{"name":"wp","href":"https:\/\/api.w.org\/{rel}","templated":true}]}}