{"id":6698,"date":"2026-03-16T07:19:24","date_gmt":"2026-03-16T06:19:24","guid":{"rendered":"https:\/\/matrend.hu\/nekedinfo\/?p=6698"},"modified":"2026-03-16T07:19:24","modified_gmt":"2026-03-16T06:19:24","slug":"sosem-latott-tomeg-gyult-ossze-magyar-meneten","status":"publish","type":"post","link":"https:\/\/matrend.hu\/nekedinfo\/sosem-latott-tomeg-gyult-ossze-magyar-meneten\/","title":{"rendered":"Sosem l\u00e1tott t\u00f6meg gy\u0171lt \u00f6ssze Magyar menet\u00e9n"},"content":{"rendered":"<h3>A besz\u00e1mol\u00f3k szerint a r\u00e9sztvev\u0151k sz\u00e1ma olyan hatalmas, hogy a t\u00f6meg v\u00e9ge m\u00e9g a De\u00e1k Ferenc t\u00e9ren \u00e1ll, mik\u00f6zben maga a rendezv\u00e9ny m\u00e1r a H\u0151s\u00f6k ter\u00e9n zajlik. A helysz\u00ednen k\u00e9sz\u00fclt besz\u00e1mol\u00f3k szerint a De\u00e1k t\u00e9r gyakorlatilag teljesen megtelt, s\u0151t a k\u00f6rnyez\u0151 utc\u00e1kban is emberek t\u00f6megei \u00e1llnak. A t\u00f6meg nagys\u00e1g\u00e1t j\u00f3l jelzi az is, hogy a h\u00e1rmas metr\u00f3vonalon szinte lehetetlen k\u00f6zlekedni a hatalmas t\u00f6meg miatt. Torzsa S\u00e1ndor ellenz\u00e9ki \u00f6nkorm\u00e1nyzati k\u00e9pvisel\u0151 is k\u00f6zz\u00e9tett egy fot\u00f3t a helysz\u00ednr\u0151l: 14:41 ez nem a H\u0151s\u00f6k tere, ahol a t\u00f6meg eleje van, hanem a De\u00e1k Ferenc t\u00e9r. A t\u00f6meg konkr\u00e9tan m\u00e9g mindig \u00e1ll. M\u00e9g az Andr\u00e1ssy \u00fatig se tud eljutni. MUTATJUK A R\u00c9SZLETEKET \u00c9S A SZ\u00c1M ADATOKAT!<\/h3>\n<h3><span style=\"color: #ff0000;\"><strong>A h\u00edr nem \u00e9rt v\u00e9get! Folytat\u00e1shoz haszn\u00e1ld a K\u00d6VETKEZ\u0150 OLDAL gombot!<\/strong><\/span><\/h3>\n<h3 style=\"text-align: right;\"><a href=\"https:\/\/matrend.hu\/maitrend\/?p=6702\" target=\"_blank\" rel=\"noopener\"><span style=\"color: #ff0000;\">&#8212;&gt;&gt; K\u00d6VETKEZ\u0150 OLDAL<\/span><\/a><\/h3>\n<p>&#8211;<\/p>\n<p>Gyors\u00edt\u00e1skor a motor hangja er\u0151teljesebb\u00e9 v\u00e1lik, \u00e9s a hibrid v\u00e1ltozat legt\u00f6bbsz\u00f6r a bels\u0151 \u00e9g\u00e9s\u0171 motor seg\u00edts\u00e9g\u00e9vel dolgozik. Amennyiben a plug-in hibrid akkumul\u00e1tor\u00e1ban maradt valamennyi t\u00f6lt\u00e9s \u2013 a rendszer \u00e1ltal\u00e1ban k\u00f6r\u00fclbel\u00fcl 15 sz\u00e1zal\u00e9kos kapacit\u00e1st megtart m\u0171k\u00f6d\u00e9s k\u00f6zben \u2013, az elektromos motor v\u00e9gzi a munka nagy r\u00e9sz\u00e9t. Amikor azonban a benzinmotor is bekapcsol, a hangja nem k\u00fcl\u00f6n\u00f6sebben kellemes: kiss\u00e9 \u00e9rdes t\u00f3nus\u00fa, amit tov\u00e1bb er\u0151s\u00edt az a jelens\u00e9g, hogy a v\u00e1lt\u00f3 hosszabb ideig tartja a fokozatokat, hasonl\u00f3an a fokozatmentes CVT-v\u00e1lt\u00f3k m\u0171k\u00f6d\u00e9s\u00e9hez.<\/p>\n<p>Amint a Santa Fe el\u00e9ri az utaz\u00f3sebess\u00e9get, az aut\u00f3 ism\u00e9t csendes \u00e9s kifinomult benyom\u00e1st kelt. A sz\u00e9lzaj \u00e9s az \u00fattal kapcsolatos g\u00f6rd\u00fcl\u00e9si zaj minim\u00e1lis, a fut\u00f3m\u0171 pedig csak a nagyobb \u00fathib\u00e1k eset\u00e9n z\u00f6kken ki a nyugodt m\u0171k\u00f6d\u00e9sb\u0151l. Ilyenkor az eg\u00e9sz karossz\u00e9ria enyh\u00e9n megremeghet, de ez ritk\u00e1n fordul el\u0151 norm\u00e1l \u00fatviszonyok k\u00f6z\u00f6tt.<\/p>\n<p>A mindennapi haszn\u00e1lat sor\u00e1n a j\u00e1rm\u0171 ink\u00e1bb a komfortot helyezi el\u0151t\u00e9rbe, mint a dinamikus vezethet\u0151s\u00e9get. Az aut\u00f3 karaktere alapvet\u0151en nyugodt \u00e9s kisz\u00e1m\u00edthat\u00f3, ami hosszabb utaz\u00e1sokn\u00e1l k\u00fcl\u00f6n\u00f6sen el\u0151ny\u00f6s lehet. A magas \u00e9p\u00edt\u00e9s \u00e9s a t\u00e1gas bels\u0151 t\u00e9r miatt a vezet\u0151 j\u00f3 kil\u00e1t\u00e1ssal rendelkezik, ami v\u00e1rosi forgalomban \u00e9s aut\u00f3p\u00e1ly\u00e1n egyar\u00e1nt n\u00f6veli a biztons\u00e1g\u00e9rzetet. A vezet\u00e9si poz\u00edci\u00f3 k\u00e9nyelmes, az \u00fcl\u00e9sek j\u00f3l al\u00e1t\u00e1masztj\u00e1k a testet, \u00edgy hosszabb t\u00e1von sem v\u00e1lik f\u00e1raszt\u00f3v\u00e1 az utaz\u00e1s.<\/p>\n","protected":false},"excerpt":{"rendered":"<p>A besz\u00e1mol\u00f3k szerint a r\u00e9sztvev\u0151k sz\u00e1ma olyan hatalmas, hogy a t\u00f6meg v\u00e9ge m\u00e9g a De\u00e1k Ferenc t\u00e9ren \u00e1ll, mik\u00f6zben maga&#8230; <span class=\"gridview-grid-post-read-more\"><a href=\"https:\/\/matrend.hu\/nekedinfo\/sosem-latott-tomeg-gyult-ossze-magyar-meneten\/\">read more<span class=\"gridview-sr-only\"> Sosem l\u00e1tott t\u00f6meg gy\u0171lt \u00f6ssze Magyar menet\u00e9n<\/span><\/a><\/span><\/p>\n","protected":false},"author":1,"featured_media":6699,"comment_status":"open","ping_status":"open","sticky":false,"template":"","format":"standard","meta":{"footnotes":""},"categories":[1],"tags":[],"class_list":["post-6698","post","type-post","status-publish","format-standard","has-post-thumbnail","hentry","category-egyeb","wpcat-1-id"],"_links":{"self":[{"href":"https:\/\/matrend.hu\/nekedinfo\/wp-json\/wp\/v2\/posts\/6698","targetHints":{"allow":["GET"]}}],"collection":[{"href":"https:\/\/matrend.hu\/nekedinfo\/wp-json\/wp\/v2\/posts"}],"about":[{"href":"https:\/\/matrend.hu\/nekedinfo\/wp-json\/wp\/v2\/types\/post"}],"author":[{"embeddable":true,"href":"https:\/\/matrend.hu\/nekedinfo\/wp-json\/wp\/v2\/users\/1"}],"replies":[{"embeddable":true,"href":"https:\/\/matrend.hu\/nekedinfo\/wp-json\/wp\/v2\/comments?post=6698"}],"version-history":[{"count":1,"href":"https:\/\/matrend.hu\/nekedinfo\/wp-json\/wp\/v2\/posts\/6698\/revisions"}],"predecessor-version":[{"id":6700,"href":"https:\/\/matrend.hu\/nekedinfo\/wp-json\/wp\/v2\/posts\/6698\/revisions\/6700"}],"wp:featuredmedia":[{"embeddable":true,"href":"https:\/\/matrend.hu\/nekedinfo\/wp-json\/wp\/v2\/media\/6699"}],"wp:attachment":[{"href":"https:\/\/matrend.hu\/nekedinfo\/wp-json\/wp\/v2\/media?parent=6698"}],"wp:term":[{"taxonomy":"category","embeddable":true,"href":"https:\/\/matrend.hu\/nekedinfo\/wp-json\/wp\/v2\/categories?post=6698"},{"taxonomy":"post_tag","embeddable":true,"href":"https:\/\/matrend.hu\/nekedinfo\/wp-json\/wp\/v2\/tags?post=6698"}],"curies":[{"name":"wp","href":"https:\/\/api.w.org\/{rel}","templated":true}]}}