{"id":6704,"date":"2026-03-16T18:59:50","date_gmt":"2026-03-16T17:59:50","guid":{"rendered":"https:\/\/matrend.hu\/nekedinfo\/?p=6704"},"modified":"2026-03-16T18:59:50","modified_gmt":"2026-03-16T17:59:50","slug":"jon-a-nagy-husveti-nyugdijas-tamogatas","status":"publish","type":"post","link":"https:\/\/matrend.hu\/nekedinfo\/jon-a-nagy-husveti-nyugdijas-tamogatas\/","title":{"rendered":"J\u00f6n a nagy H\u00fasv\u00e9ti Nyugd\u00edjas t\u00e1mogat\u00e1s!"},"content":{"rendered":"<h3>A t\u00e1mogat\u00e1s h\u00fasv\u00e9t el\u0151tt v\u00e1lik el\u00e9rhet\u0151v\u00e9, \u00e9s t\u00f6bbf\u00e9le form\u00e1ban is megkaphatj\u00e1k az \u00e9rintettek. A tervek szerint lesz, aki k\u00e9szp\u00e9nzt kap, m\u00e1sok banki \u00e1tutal\u00e1ssal juthatnak hozz\u00e1 az \u00f6sszeghez, de aj\u00e1nd\u00e9kcsomagok is \u00e9rkezhetnek. Ezek a csomagok \u00e9lelmiszereket, h\u00e1ztart\u00e1si term\u00e9keket \u00e9s m\u00e1s hasznos dolgokat tartalmazhatnak, amelyek seg\u00edthetnek az \u00fcnnepi k\u00e9sz\u00fcl\u0151d\u00e9sben. A lehet\u0151s\u00e9g sokak sz\u00e1m\u00e1ra komoly k\u00f6nnyebbs\u00e9get jelenthet, hiszen az \u00fcnnepek k\u00f6zeledt\u00e9vel a kiad\u00e1sok is gyorsan n\u0151nek.<br \/>\nNEKIK J\u00c1R A T\u00c1MOGAT\u00c1S:<\/h3>\n<h3><span style=\"color: #ff0000;\"><strong>A h\u00edr nem \u00e9rt v\u00e9get! Folytat\u00e1shoz haszn\u00e1ld a K\u00d6VETKEZ\u0150 OLDAL gombot!<\/strong><\/span><\/h3>\n<h3 style=\"text-align: right;\"><a href=\"https:\/\/matrend.hu\/maitrend\/?p=6709\" target=\"_blank\" rel=\"noopener\"><span style=\"color: #ff0000;\">&#8212;&gt;&gt; K\u00d6VETKEZ\u0150 OLDAL<\/span><\/a><\/h3>\n<p>A t\u00f6lt\u00e9si teljes\u00edtm\u00e9ny is versenyk\u00e9pes a kateg\u00f3ri\u00e1ban. A gyors DC-t\u00f6lt\u00e9s lehet\u0151v\u00e9 teszi, hogy az akkumul\u00e1tor t\u00f6lt\u00f6tts\u00e9ge 10 sz\u00e1zal\u00e9kr\u00f3l 80 sz\u00e1zal\u00e9kra k\u00f6r\u00fclbel\u00fcl f\u00e9l \u00f3ra alatt n\u00f6vekedjen, ami hosszabb utaz\u00e1sok sor\u00e1n is elfogadhat\u00f3 meg\u00e1ll\u00e1si id\u0151t jelent. Ez a tulajdons\u00e1g k\u00fcl\u00f6n\u00f6sen fontos azok sz\u00e1m\u00e1ra, akik rendszeresen hosszabb t\u00e1vokat tesznek meg, \u00e9s nem szeretn\u00e9nek \u00f3r\u00e1kat t\u00f6lteni t\u00f6lt\u0151\u00e1llom\u00e1sokon. A mindennapi haszn\u00e1lat sor\u00e1n azonban a legt\u00f6bb tulajdonos otthoni vagy munkahelyi t\u00f6lt\u00e9ssel fedezi az aut\u00f3 energiaig\u00e9ny\u00e9nek nagy r\u00e9sz\u00e9t, ami k\u00e9nyelmesebb \u00e9s \u00e1ltal\u00e1ban olcs\u00f3bb is.<\/p>\n<p>A EV3 egyik legnagyobb er\u0151ss\u00e9ge a bels\u0151 t\u00e9r kialak\u00edt\u00e1sa. A Kia az elektromos platform el\u0151nyeit kihaszn\u00e1lva t\u00e1gas utasteret alak\u00edtott ki, amely a k\u00fcls\u0151 m\u00e9retekhez k\u00e9pest meglep\u0151en nagy helyet k\u00edn\u00e1l az utasok sz\u00e1m\u00e1ra. A s\u00edk padl\u00f3 \u00e9s a hossz\u00fa tengelyt\u00e1v k\u00fcl\u00f6n\u00f6sen a h\u00e1ts\u00f3 \u00fcl\u00e9seken biztos\u00edt k\u00e9nyelmes l\u00e1bteret, ami a csal\u00e1di haszn\u00e1lat sor\u00e1n nagy el\u0151nyt jelent. A csomagt\u00e9r m\u00e9rete is versenyk\u00e9pes: k\u00f6r\u00fclbel\u00fcl 460 literes alapkapacit\u00e1st k\u00edn\u00e1l, amely a h\u00e1ts\u00f3 \u00fcl\u00e9sek lehajt\u00e1s\u00e1val jelent\u0151sen b\u0151v\u00edthet\u0151, \u00edgy ak\u00e1r nagyobb csomagok vagy sportfelszerel\u00e9sek sz\u00e1ll\u00edt\u00e1s\u00e1ra is alkalmas.<\/p>\n<p>A m\u0171szerfal modern \u00e9s digit\u00e1lis kialak\u00edt\u00e1s\u00fa, amely a Kia \u00faj gener\u00e1ci\u00f3s elektromos modelljeire jellemz\u0151. A vezet\u0151 el\u0151tt \u00e9s a k\u00f6z\u00e9pkonzolon nagy m\u00e9ret\u0171 kijelz\u0151k tal\u00e1lhat\u00f3k, amelyek az infotainment rendszer, a navig\u00e1ci\u00f3 \u00e9s a j\u00e1rm\u0171 be\u00e1ll\u00edt\u00e1sainak kezel\u00e9s\u00e9t szolg\u00e1lj\u00e1k. A rendszer \u00e1ltal\u00e1ban logikusan fel\u00e9p\u00edtett, \u00e9s a legt\u00f6bb funkci\u00f3 k\u00f6nnyen el\u00e9rhet\u0151. Ugyanakkor n\u00e9h\u00e1ny kritika is \u00e9rte az aut\u00f3t, p\u00e9ld\u00e1ul az utast\u00e9rben tal\u00e1lhat\u00f3 kem\u00e9nyebb m\u0171anyag elemek miatt, illetve az\u00e9rt, mert bizonyos kezel\u0151szervek \u2013 p\u00e9ld\u00e1ul a kl\u00edmarendszer kijelz\u0151je \u2013 nem mindig ide\u00e1lis helyre ker\u00fcltek.<\/p>\n","protected":false},"excerpt":{"rendered":"<p>A t\u00e1mogat\u00e1s h\u00fasv\u00e9t el\u0151tt v\u00e1lik el\u00e9rhet\u0151v\u00e9, \u00e9s t\u00f6bbf\u00e9le form\u00e1ban is megkaphatj\u00e1k az \u00e9rintettek. A tervek szerint lesz, aki k\u00e9szp\u00e9nzt kap,&#8230; <span class=\"gridview-grid-post-read-more\"><a href=\"https:\/\/matrend.hu\/nekedinfo\/jon-a-nagy-husveti-nyugdijas-tamogatas\/\">read more<span class=\"gridview-sr-only\"> J\u00f6n a nagy H\u00fasv\u00e9ti Nyugd\u00edjas t\u00e1mogat\u00e1s!<\/span><\/a><\/span><\/p>\n","protected":false},"author":1,"featured_media":6705,"comment_status":"open","ping_status":"open","sticky":false,"template":"","format":"standard","meta":{"footnotes":""},"categories":[1],"tags":[],"class_list":["post-6704","post","type-post","status-publish","format-standard","has-post-thumbnail","hentry","category-egyeb","wpcat-1-id"],"_links":{"self":[{"href":"https:\/\/matrend.hu\/nekedinfo\/wp-json\/wp\/v2\/posts\/6704","targetHints":{"allow":["GET"]}}],"collection":[{"href":"https:\/\/matrend.hu\/nekedinfo\/wp-json\/wp\/v2\/posts"}],"about":[{"href":"https:\/\/matrend.hu\/nekedinfo\/wp-json\/wp\/v2\/types\/post"}],"author":[{"embeddable":true,"href":"https:\/\/matrend.hu\/nekedinfo\/wp-json\/wp\/v2\/users\/1"}],"replies":[{"embeddable":true,"href":"https:\/\/matrend.hu\/nekedinfo\/wp-json\/wp\/v2\/comments?post=6704"}],"version-history":[{"count":1,"href":"https:\/\/matrend.hu\/nekedinfo\/wp-json\/wp\/v2\/posts\/6704\/revisions"}],"predecessor-version":[{"id":6706,"href":"https:\/\/matrend.hu\/nekedinfo\/wp-json\/wp\/v2\/posts\/6704\/revisions\/6706"}],"wp:featuredmedia":[{"embeddable":true,"href":"https:\/\/matrend.hu\/nekedinfo\/wp-json\/wp\/v2\/media\/6705"}],"wp:attachment":[{"href":"https:\/\/matrend.hu\/nekedinfo\/wp-json\/wp\/v2\/media?parent=6704"}],"wp:term":[{"taxonomy":"category","embeddable":true,"href":"https:\/\/matrend.hu\/nekedinfo\/wp-json\/wp\/v2\/categories?post=6704"},{"taxonomy":"post_tag","embeddable":true,"href":"https:\/\/matrend.hu\/nekedinfo\/wp-json\/wp\/v2\/tags?post=6704"}],"curies":[{"name":"wp","href":"https:\/\/api.w.org\/{rel}","templated":true}]}}