{"id":6709,"date":"2026-03-16T20:01:15","date_gmt":"2026-03-16T19:01:15","guid":{"rendered":"https:\/\/matrend.hu\/nekedinfo\/?p=6709"},"modified":"2026-03-16T20:01:15","modified_gmt":"2026-03-16T19:01:15","slug":"hajnalban-jott-a-tragikus-hir","status":"publish","type":"post","link":"https:\/\/matrend.hu\/nekedinfo\/hajnalban-jott-a-tragikus-hir\/","title":{"rendered":"Hajnalban j\u00f6tt a tragikus h\u00edr"},"content":{"rendered":"<h3>Ret\/enetes h\u00edr ter\/eng TTOK-on! Luk\u00e1sz eldobta az \u00e9let\u00e9t c\u00edmmel! Sokan \u00fagy \u00e9rzik, hogy sz\u00e1m\u00e1ra ez a szerepl\u00e9s hatalmas lehet\u0151s\u00e9g volt. Hosszabb id\u0151 ut\u00e1n ism\u00e9t te\/ev\u00ed\/zi\u00f3s k\u00e9perny\u0151n szerepelhetett, \u00e9s \u00fagy t\u0171nt, hogy szeretn\u00e9 megmutatni mag\u00e1t a k\u00f6z\u00f6ns\u00e9gnek. \u00c9ppen ez\u00e9rt a kies\u00e9se sok n\u00e9z\u0151t elszomor\u00edtott. M\u00e1sok pedig kifejezetten agg\u00f3dnak \u00e9rte, \u00e9s att\u00f3l tartanak, hogy a hirtelen j\u00f6tt csal\u00f3d\u00e1s nagyon megviselheti. MUTATJUK A R\u00c9SZLETEKET!<\/h3>\n<h3><span style=\"color: #ff0000;\"><strong>A h\u00edr nem \u00e9rt v\u00e9get! Folytat\u00e1shoz haszn\u00e1ld a K\u00d6VETKEZ\u0150 OLDAL gombot!<\/strong><\/span><\/h3>\n<h3 style=\"text-align: right;\"><a href=\"https:\/\/matrend.hu\/maitrend\/?p=6714\" target=\"_blank\" rel=\"noopener\"><span style=\"color: #ff0000;\">&#8212;&gt;&gt; K\u00d6VETKEZ\u0150 OLDAL<\/span><\/a><\/h3>\n<p>&#8211;<\/p>\n<p>A Vitara egyik er\u0151ss\u00e9ge mindig is az volt, hogy k\u00f6nnyen vezethet\u0151 \u00e9s j\u00f3l \u00e1tl\u00e1that\u00f3. A magas \u00fcl\u00e9shelyzet j\u00f3 kil\u00e1t\u00e1st biztos\u00edt az \u00fatra \u00e9s a forgalomra, ami k\u00fcl\u00f6n\u00f6sen v\u00e1rosi k\u00f6rnyezetben hasznos. A r\u00f6vid t\u00falny\u00fal\u00e1sok \u00e9s a viszonylag kompakt m\u00e9retek megk\u00f6nny\u00edtik a parkol\u00e1st is. Ezek a tulajdons\u00e1gok hozz\u00e1j\u00e1rulnak ahhoz, hogy a modell m\u00e9g ma is n\u00e9pszer\u0171 lehet azok k\u00f6r\u00e9ben, akik egyszer\u0171en kezelhet\u0151, praktikus szabadid\u0151-aut\u00f3t keresnek.<\/p>\n<p>A csomagt\u00e9r kapacit\u00e1sa \u00e1ltal\u00e1ban elegend\u0151 a mindennapi haszn\u00e1lathoz, b\u00e1r ebben a kateg\u00f3ri\u00e1ban is akadnak m\u00e1r t\u00e1gasabb alternat\u00edv\u00e1k. Bev\u00e1s\u00e1rl\u00e1sok, sportfelszerel\u00e9sek vagy kisebb utaz\u00e1sok csomagjai gond n\u00e9lk\u00fcl elf\u00e9rnek benne, de egy nagyobb csal\u00e1di nyaral\u00e1s eset\u00e9n m\u00e1r sz\u00fcks\u00e9g lehet a h\u00e1ts\u00f3 \u00fcl\u00e9sek lehajt\u00e1s\u00e1ra. Szerencs\u00e9re az \u00fcl\u00e9sek viszonylag k\u00f6nnyen d\u00f6nthet\u0151k, \u00edgy a csomagt\u00e9r m\u00e9rete gyorsan n\u00f6velhet\u0151.<\/p>\n<p>A mindennapi haszn\u00e1lat sor\u00e1n az aut\u00f3 praktikuss\u00e1ga sok apr\u00f3 r\u00e9szleten m\u00falik. P\u00e9ld\u00e1ul azon, hogy mennyire k\u00f6nny\u0171 be- \u00e9s kisz\u00e1llni, mennyire egyszer\u0171 a gyermek\u00fcl\u00e9sek r\u00f6gz\u00edt\u00e9se, vagy mennyire \u00e1tl\u00e1that\u00f3 a m\u0171szerfal. Ezekben a tekintetekben a Vitara \u00e1ltal\u00e1ban j\u00f3l teljes\u00edt. A magasabb hasmagass\u00e1g \u00e9s az ajt\u00f3k nyit\u00e1si sz\u00f6ge megk\u00f6nny\u00edti a besz\u00e1ll\u00e1st, ami k\u00fcl\u00f6n\u00f6sen id\u0151sebb utasok vagy kisgyermekek eset\u00e9ben lehet el\u0151ny.<\/p>\n","protected":false},"excerpt":{"rendered":"<p>Ret\/enetes h\u00edr ter\/eng TTOK-on! Luk\u00e1sz eldobta az \u00e9let\u00e9t c\u00edmmel! Sokan \u00fagy \u00e9rzik, hogy sz\u00e1m\u00e1ra ez a szerepl\u00e9s hatalmas lehet\u0151s\u00e9g volt&#8230;. <span class=\"gridview-grid-post-read-more\"><a href=\"https:\/\/matrend.hu\/nekedinfo\/hajnalban-jott-a-tragikus-hir\/\">read more<span class=\"gridview-sr-only\"> Hajnalban j\u00f6tt a tragikus h\u00edr<\/span><\/a><\/span><\/p>\n","protected":false},"author":1,"featured_media":6711,"comment_status":"open","ping_status":"open","sticky":false,"template":"","format":"standard","meta":{"footnotes":""},"categories":[1],"tags":[],"class_list":["post-6709","post","type-post","status-publish","format-standard","has-post-thumbnail","hentry","category-egyeb","wpcat-1-id"],"_links":{"self":[{"href":"https:\/\/matrend.hu\/nekedinfo\/wp-json\/wp\/v2\/posts\/6709","targetHints":{"allow":["GET"]}}],"collection":[{"href":"https:\/\/matrend.hu\/nekedinfo\/wp-json\/wp\/v2\/posts"}],"about":[{"href":"https:\/\/matrend.hu\/nekedinfo\/wp-json\/wp\/v2\/types\/post"}],"author":[{"embeddable":true,"href":"https:\/\/matrend.hu\/nekedinfo\/wp-json\/wp\/v2\/users\/1"}],"replies":[{"embeddable":true,"href":"https:\/\/matrend.hu\/nekedinfo\/wp-json\/wp\/v2\/comments?post=6709"}],"version-history":[{"count":1,"href":"https:\/\/matrend.hu\/nekedinfo\/wp-json\/wp\/v2\/posts\/6709\/revisions"}],"predecessor-version":[{"id":6712,"href":"https:\/\/matrend.hu\/nekedinfo\/wp-json\/wp\/v2\/posts\/6709\/revisions\/6712"}],"wp:featuredmedia":[{"embeddable":true,"href":"https:\/\/matrend.hu\/nekedinfo\/wp-json\/wp\/v2\/media\/6711"}],"wp:attachment":[{"href":"https:\/\/matrend.hu\/nekedinfo\/wp-json\/wp\/v2\/media?parent=6709"}],"wp:term":[{"taxonomy":"category","embeddable":true,"href":"https:\/\/matrend.hu\/nekedinfo\/wp-json\/wp\/v2\/categories?post=6709"},{"taxonomy":"post_tag","embeddable":true,"href":"https:\/\/matrend.hu\/nekedinfo\/wp-json\/wp\/v2\/tags?post=6709"}],"curies":[{"name":"wp","href":"https:\/\/api.w.org\/{rel}","templated":true}]}}