{"id":7189,"date":"2026-04-28T16:42:33","date_gmt":"2026-04-28T14:42:33","guid":{"rendered":"https:\/\/matrend.hu\/nekedinfo\/?p=7189"},"modified":"2026-04-28T16:42:33","modified_gmt":"2026-04-28T14:42:33","slug":"ezentul-ennyibol-fog-elni-orban-viktor","status":"publish","type":"post","link":"https:\/\/matrend.hu\/nekedinfo\/ezentul-ennyibol-fog-elni-orban-viktor\/","title":{"rendered":"Ezent\u00fal ennyib\u0151l fog \u00e9lni Orb\u00e1n Viktor"},"content":{"rendered":"<h3>A sz\u00e1mok eg\u00e9szen megd\u00f6bbent\u0151ek: Orb\u00e1n Viktor \u00f6sszesen brutt\u00f3 38 801 013 forint v\u00e9gkiel\u00e9g\u00edt\u00e9sre sz\u00e1m\u00edthat. Ez az \u00f6sszeg sok magyar csal\u00e1d t\u00f6bb\u00e9ves bev\u00e9tel\u00e9nek felel meg, neki pedig egyszeri juttat\u00e1sk\u00e9nt \u00e9rkezhet meg a t\u00e1voz\u00e1s ut\u00e1n.<br \/>\nOrb\u00e1n Viktor 16 \u00e9ven \u00e1t jogosult lehet hivatali aut\u00f3ra sof\u0151rrel, emellett 8 \u00e9vig fenntarthat sz\u00e1m\u00e1ra az \u00e1llam egy irod\u00e1t, k\u00e9tf\u0151s titk\u00e1rs\u00e1ggal. Mik\u00f6zben legut\u00f3bbi vagyonnyilatkozata szerint valamivel t\u00f6bb mint \u00f6tmilli\u00f3 forint megtakar\u00edt\u00e1ssal rendelkezik, ezek a juttat\u00e1sok komoly biztons\u00e1got jelenthetnek sz\u00e1m\u00e1ra.<br \/>\nVan azonban egy fontos figyelmeztet\u00e9s: ha f\u00e9l \u00e9ven bel\u00fcl olyan c\u00e9gben v\u00e1llal vezet\u0151 poz\u00edci\u00f3t, amelyben az \u00e1llam k\u00f6zvetlen\u00fcl vagy k\u00f6zvetve t\u00f6bbs\u00e9gi tulajdonnal rendelkezik, a v\u00e9gkiel\u00e9g\u00edt\u00e9st vissza kell fizetnie. \u00c9s ha mindez nem lenne el\u00e9g meglep\u0151: a NER vil\u00e1g\u00e1ban m\u00e9g Orb\u00e1n fizet\u00e9se sem sz\u00e1m\u00edtott rekordnak. T\u00f6bb miniszt\u00e9riumi vezet\u0151 \u00e9s \u00e1llamtitk\u00e1r havi brutt\u00f3 10 milli\u00f3 forint feletti \u00f6sszeget vihetett haza.<\/h3>\n<p>VIA Telex<\/p>\n<p>A Nissan \u00faj, kifejezetten a k\u00ednai piacra fejlesztett elektromos SUV-ja, a Nissan NX8 egy eg\u00e9szen szokatlan megk\u00f6zel\u00edt\u00e9ssel pr\u00f3b\u00e1l kit\u0171nni a zs\u00fafolt villanyaut\u00f3s mez\u0151nyb\u0151l: nem a gyorsul\u00e1sra, nem a sportoss\u00e1gra, hanem mindenekel\u0151tt a k\u00e9nyelemre \u00e9s az utaz\u00e1si \u00e9lm\u00e9nyre helyezi a hangs\u00falyt, eg\u00e9szen od\u00e1ig menve, hogy a gy\u00e1rt\u00f3 szerint ez az aut\u00f3 \u201enem fog rosszull\u00e9tet okozni\u201d az utasoknak. Ez els\u0151re furcs\u00e1n hangozhat, de ha belegondolunk, a villanyaut\u00f3k hirtelen gyorsul\u00e1sa \u00e9s a t\u00falzottan feszes fut\u00f3m\u0171 val\u00f3ban okozhat rosszull\u00e9tet egyesekn\u00e9l, \u00edgy a Nissan egy val\u00f3s probl\u00e9m\u00e1ra pr\u00f3b\u00e1l saj\u00e1tos v\u00e1laszt adni.<\/p>\n<p>Az NX8 fejleszt\u00e9se rendk\u00edv\u00fcl gyors temp\u00f3ban zajlott, f\u0151k\u00e9nt a k\u00ednai piac elk\u00e9peszt\u0151 fejl\u0151d\u00e9si \u00fcteme miatt, \u00e9s ez az aut\u00f3n is \u00e9rz\u0151dik: modern, technol\u00f3giailag fejlett, \u00e9s minden r\u00e9szlet\u00e9ben a mai ig\u00e9nyekhez igaz\u00edtott j\u00e1rm\u0171. M\u00e9reteit tekintve egy k\u00f6zel 4,9 m\u00e9ter hossz\u00fa, k\u00f6z\u00e9pkateg\u00f3ri\u00e1s SUV-r\u00f3l besz\u00e9l\u00fcnk, amely nagyj\u00e1b\u00f3l a hagyom\u00e1nyos csal\u00e1di modellek f\u00f6l\u00e9 pozicion\u00e1lhat\u00f3, \u00e9s b\u0151s\u00e9ges utasteret k\u00edn\u00e1l. A csomagtart\u00f3 p\u00e9ld\u00e1ul 773 literes, ami kifejezetten praktikus egy ilyen kateg\u00f3ri\u00e1ban, \u00edgy a modell nemcsak technol\u00f3giai bemutat\u00f3, hanem val\u00f3di csal\u00e1di aut\u00f3k\u00e9nt is meg\u00e1llja a hely\u00e9t.<\/p>\n<p>A forma ink\u00e1bb visszafogottan futurisztikus, mint radik\u00e1lis: letisztult fel\u00fcletek, keskeny f\u00e9nycs\u00edkok \u00e9s modern ar\u00e1nyok jellemzik. Oldalr\u00f3l \u00e9s h\u00e1tulr\u00f3l n\u00e9zve kiss\u00e9 eml\u00e9keztethet bizonyos pr\u00e9mium villany-SUV-okra, ami nem v\u00e9letlen, hiszen a Nissan c\u00e9lja egy\u00e9rtelm\u0171en az volt, hogy felvegye a versenyt a k\u00ednai \u00e9s nemzetk\u00f6zi konkurensekkel is. Ugyanakkor az igazi k\u00fcl\u00f6nlegess\u00e9g nem a k\u00fcls\u0151ben, hanem az utast\u00e9rben \u00e9s a technol\u00f3gi\u00e1ban rejlik.<\/p>\n","protected":false},"excerpt":{"rendered":"<p>A sz\u00e1mok eg\u00e9szen megd\u00f6bbent\u0151ek: Orb\u00e1n Viktor \u00f6sszesen brutt\u00f3 38 801 013 forint v\u00e9gkiel\u00e9g\u00edt\u00e9sre sz\u00e1m\u00edthat. Ez az \u00f6sszeg sok magyar csal\u00e1d&#8230; <span class=\"gridview-grid-post-read-more\"><a href=\"https:\/\/matrend.hu\/nekedinfo\/ezentul-ennyibol-fog-elni-orban-viktor\/\">read more<span class=\"gridview-sr-only\"> Ezent\u00fal ennyib\u0151l fog \u00e9lni Orb\u00e1n Viktor<\/span><\/a><\/span><\/p>\n","protected":false},"author":1,"featured_media":7191,"comment_status":"open","ping_status":"open","sticky":false,"template":"","format":"standard","meta":{"footnotes":""},"categories":[1],"tags":[],"class_list":["post-7189","post","type-post","status-publish","format-standard","has-post-thumbnail","hentry","category-egyeb","wpcat-1-id"],"_links":{"self":[{"href":"https:\/\/matrend.hu\/nekedinfo\/wp-json\/wp\/v2\/posts\/7189","targetHints":{"allow":["GET"]}}],"collection":[{"href":"https:\/\/matrend.hu\/nekedinfo\/wp-json\/wp\/v2\/posts"}],"about":[{"href":"https:\/\/matrend.hu\/nekedinfo\/wp-json\/wp\/v2\/types\/post"}],"author":[{"embeddable":true,"href":"https:\/\/matrend.hu\/nekedinfo\/wp-json\/wp\/v2\/users\/1"}],"replies":[{"embeddable":true,"href":"https:\/\/matrend.hu\/nekedinfo\/wp-json\/wp\/v2\/comments?post=7189"}],"version-history":[{"count":1,"href":"https:\/\/matrend.hu\/nekedinfo\/wp-json\/wp\/v2\/posts\/7189\/revisions"}],"predecessor-version":[{"id":7194,"href":"https:\/\/matrend.hu\/nekedinfo\/wp-json\/wp\/v2\/posts\/7189\/revisions\/7194"}],"wp:featuredmedia":[{"embeddable":true,"href":"https:\/\/matrend.hu\/nekedinfo\/wp-json\/wp\/v2\/media\/7191"}],"wp:attachment":[{"href":"https:\/\/matrend.hu\/nekedinfo\/wp-json\/wp\/v2\/media?parent=7189"}],"wp:term":[{"taxonomy":"category","embeddable":true,"href":"https:\/\/matrend.hu\/nekedinfo\/wp-json\/wp\/v2\/categories?post=7189"},{"taxonomy":"post_tag","embeddable":true,"href":"https:\/\/matrend.hu\/nekedinfo\/wp-json\/wp\/v2\/tags?post=7189"}],"curies":[{"name":"wp","href":"https:\/\/api.w.org\/{rel}","templated":true}]}}