{"id":7198,"date":"2026-04-28T18:35:24","date_gmt":"2026-04-28T16:35:24","guid":{"rendered":"https:\/\/matrend.hu\/nekedinfo\/?p=7198"},"modified":"2026-04-28T18:56:34","modified_gmt":"2026-04-28T16:56:34","slug":"magyar-peter-par-nap-alatt-megoldotta","status":"publish","type":"post","link":"https:\/\/matrend.hu\/nekedinfo\/magyar-peter-par-nap-alatt-megoldotta\/","title":{"rendered":"Magyar P\u00e9ter p\u00e1r nap alatt megoldotta"},"content":{"rendered":"<h3>A ka\/on\u00e1kat sem h\u00edvj\u00e1k sehov\u00e1, \u2013 Senki nem akarja elvi\/ni a gyerekeinket U\/rajn\/ba ha\/colni, \u2013 Magyarorsz\u00e1g m\u00e1r nem \u00e1ll a h\u00e1\/or\u00fa sz\u00e9l\u00e9n, \u2013 A mig\/\u00e1nsok\u2026 h\u00e1t, mintha elfelejtettek volna j\u00f6nni. A vil\u00e1gv\u00e9ge-hangulat is elt\u0171nt valahogy \u2013 Az \u00f3vod\u00e1sokat sem \u201cfe\/yegeti\u201d senki n\/m\u00e1ta\/ak\u00edt\u00f3 m\u0171t\u00e9tekkel, \u2013 A rezsics\u00f6kkent\u00e9st sem t\u00f6r\u00f6lte el senki egyik napr\u00f3l a m\u00e1sikra \u00c9s mindez\u2026 p\u00e1r nap alatt. Vagy lehet, hogy ezek a \u201cvesz\u00e9lyek\u201d eddig sem voltak eg\u00e9szen \u00fagy, ahogy el\u0151adt\u00e1k? MUTATJUK A R\u00c9SZLETEKET!<\/h3>\n<h3><span style=\"color: #ff0000;\"><strong>A h\u00edr nem \u00e9rt v\u00e9get! Folytat\u00e1shoz haszn\u00e1ld a K\u00d6VETKEZ\u0150 OLDAL gombot!<\/strong><\/span><\/h3>\n<h3 style=\"text-align: right;\"><a href=\"https:\/\/matrend.hu\/maitrend\/?p=7202\" target=\"_blank\" rel=\"noopener\"><span style=\"color: #ff0000;\">&#8212;&gt;&gt; K\u00d6VETKEZ\u0150 OLDAL<\/span><\/a><\/h3>\n<p>&#8211;<\/p>\n<p>A Kia szerint az alap hibrid v\u00e1ltozat ak\u00e1r 64,2 m\u00e9rf\u00f6ld\/gallon (mpg) fogyaszt\u00e1sra is k\u00e9pes vegyes ciklusban, ami k\u00f6r\u00fclbel\u00fcl \u00f6t mpg-vel jobb \u00e9rt\u00e9k az el\u0151z\u0151 modellhez k\u00e9pest. A mi hossz\u00fa t\u00e1v\u00fa teszt\u00fcnk sor\u00e1n azonban, amely t\u00f6bb mint 11 000 m\u00e9rf\u00f6ldet \u00f6lelt fel egy Niro Hybrid tesztaut\u00f3val, \u00e1tlagosan 50,5 mpg fogyaszt\u00e1st m\u00e9rt\u00fcnk. Ez m\u00e9g mindig kifejezetten kedvez\u0151 eredm\u00e9ny egy olyan aut\u00f3t\u00f3l, amelyet nem kell k\u00fcls\u0151 forr\u00e1sb\u00f3l t\u00f6lteni, k\u00fcl\u00f6n\u00f6sen annak f\u00e9ny\u00e9ben, hogy utaz\u00e1saink jelent\u0151s r\u00e9sz\u00e9t aut\u00f3p\u00e1ly\u00e1n tett\u00fck meg, ahol a bels\u0151 \u00e9g\u00e9s\u0171 motor az id\u0151 nagy r\u00e9sz\u00e9ben folyamatosan m\u0171k\u00f6dik.<\/p>\n<p>\u00d6sszehasonl\u00edt\u00e1sk\u00e9ppen az \u00e1ltalunk haszn\u00e1lt 11. gener\u00e1ci\u00f3s Civic nagyj\u00e1b\u00f3l 6000 m\u00e9rf\u00f6ldnyi haszn\u00e1lat ut\u00e1n mind\u00f6ssze 45,1 mpg \u00e1tlagfogyaszt\u00e1st tudott el\u00e9rni. A Niro sz\u00e9n-dioxid-kibocs\u00e1t\u00e1sa is kedvez\u0151bb: a m\u00e1sodik gener\u00e1ci\u00f3s Niro Hybrid 100\u2013106 g\/km CO2-t bocs\u00e1t ki, att\u00f3l f\u00fcgg\u0151en, hogy melyik felszerelts\u00e9gi szintet v\u00e1lasztjuk. Ez az \u00e9rt\u00e9k k\u00fcl\u00f6n\u00f6sen fontos lehet azok sz\u00e1m\u00e1ra, akik figyelnek a k\u00f6rnyezetv\u00e9delmi szempontokra, illetve olyan orsz\u00e1gokban \u00e9lnek, ahol a kibocs\u00e1t\u00e1si adatok befoly\u00e1solj\u00e1k az ad\u00f3z\u00e1st vagy a haszn\u00e1lati k\u00f6lts\u00e9geket.<\/p>\n<p>A Niro plug-in hibrid (PHEV) v\u00e1ltozata dr\u00e1g\u00e1bb ugyan, de k\u00f6rnyezetbar\u00e1tabb is: a gy\u00e1rt\u00f3 adatai szerint mind\u00f6ssze 18 g\/km CO2-kibocs\u00e1t\u00e1ssal rendelkezik, \u00e9s a WLTP szerinti vegyes ciklusban ak\u00e1r 353,1 mpg fogyaszt\u00e1st is el\u00e9rhet. Ezek az adatok els\u0151 hall\u00e1sra rendk\u00edv\u00fcl meggy\u0151z\u0151ek, ugyanakkor fontos megjegyezni, hogy ilyen eredm\u00e9nyek el\u00e9r\u00e9s\u00e9hez az aut\u00f3t rendszeresen t\u00f6lteni kell, \u00e9s a lehet\u0151 legt\u00f6bb utat tiszt\u00e1n elektromos m\u00f3dban kell megtenni.<\/p>\n","protected":false},"excerpt":{"rendered":"<p>A ka\/on\u00e1kat sem h\u00edvj\u00e1k sehov\u00e1, \u2013 Senki nem akarja elvi\/ni a gyerekeinket U\/rajn\/ba ha\/colni, \u2013 Magyarorsz\u00e1g m\u00e1r nem \u00e1ll a&#8230; <span class=\"gridview-grid-post-read-more\"><a href=\"https:\/\/matrend.hu\/nekedinfo\/magyar-peter-par-nap-alatt-megoldotta\/\">read more<span class=\"gridview-sr-only\"> Magyar P\u00e9ter p\u00e1r nap alatt megoldotta<\/span><\/a><\/span><\/p>\n","protected":false},"author":1,"featured_media":7199,"comment_status":"open","ping_status":"open","sticky":false,"template":"","format":"standard","meta":{"footnotes":""},"categories":[1],"tags":[],"class_list":["post-7198","post","type-post","status-publish","format-standard","has-post-thumbnail","hentry","category-egyeb","wpcat-1-id"],"_links":{"self":[{"href":"https:\/\/matrend.hu\/nekedinfo\/wp-json\/wp\/v2\/posts\/7198","targetHints":{"allow":["GET"]}}],"collection":[{"href":"https:\/\/matrend.hu\/nekedinfo\/wp-json\/wp\/v2\/posts"}],"about":[{"href":"https:\/\/matrend.hu\/nekedinfo\/wp-json\/wp\/v2\/types\/post"}],"author":[{"embeddable":true,"href":"https:\/\/matrend.hu\/nekedinfo\/wp-json\/wp\/v2\/users\/1"}],"replies":[{"embeddable":true,"href":"https:\/\/matrend.hu\/nekedinfo\/wp-json\/wp\/v2\/comments?post=7198"}],"version-history":[{"count":2,"href":"https:\/\/matrend.hu\/nekedinfo\/wp-json\/wp\/v2\/posts\/7198\/revisions"}],"predecessor-version":[{"id":7201,"href":"https:\/\/matrend.hu\/nekedinfo\/wp-json\/wp\/v2\/posts\/7198\/revisions\/7201"}],"wp:featuredmedia":[{"embeddable":true,"href":"https:\/\/matrend.hu\/nekedinfo\/wp-json\/wp\/v2\/media\/7199"}],"wp:attachment":[{"href":"https:\/\/matrend.hu\/nekedinfo\/wp-json\/wp\/v2\/media?parent=7198"}],"wp:term":[{"taxonomy":"category","embeddable":true,"href":"https:\/\/matrend.hu\/nekedinfo\/wp-json\/wp\/v2\/categories?post=7198"},{"taxonomy":"post_tag","embeddable":true,"href":"https:\/\/matrend.hu\/nekedinfo\/wp-json\/wp\/v2\/tags?post=7198"}],"curies":[{"name":"wp","href":"https:\/\/api.w.org\/{rel}","templated":true}]}}