{"id":7202,"date":"2026-04-28T19:32:09","date_gmt":"2026-04-28T17:32:09","guid":{"rendered":"https:\/\/matrend.hu\/nekedinfo\/?p=7202"},"modified":"2026-04-28T19:32:09","modified_gmt":"2026-04-28T17:32:09","slug":"pusztito-tanacsot-ad-rubint-reka-a-szakerto-szerint","status":"publish","type":"post","link":"https:\/\/matrend.hu\/nekedinfo\/pusztito-tanacsot-ad-rubint-reka-a-szakerto-szerint\/","title":{"rendered":"Puszt\u00edt\u00f3 tan\u00e1csot ad Rubint R\u00e9ka a szak\u00e9rt\u0151 szerint!"},"content":{"rendered":"<h3>Szentesi \u00c9va ezut\u00e1n nem fogta vissza mag\u00e1t, \u00e9s brut\u00e1lis szavakkal ment neki a celebvil\u00e1g egyik legismertebb p\u00e1ros\u00e1nak. Szerinte emberek eg\u00e9szs\u00e9g\u00e9vel j\u00e1tszani \u00e9s hamis rem\u00e9nyt kelteni megbocs\u00e1thatatlan. Nem ez az els\u0151 \u00f6sszecsap\u00e1s k\u00f6zt\u00fck: kor\u00e1bban Schobert Norbi n\u0151kr\u0151l tett kijelent\u00e9sei miatt is nyilv\u00e1nosan b\u00edr\u00e1lta a h\u00e1zasp\u00e1rt. Akkor egyetlen sz\u00f3val foglalta \u00f6ssze v\u00e9lem\u00e9ny\u00e9t: \u201ePuszt\u00edt\u00f3!\u201d Most \u00fagy t\u0171nik, a h\u00e1b0r\u00fa \u00fajra fell\u00e1ngolt \u2013 \u00e9s ez\u00fattal m\u00e9g nagyobbat sz\u00f3lhat, mint valaha.<\/h3>\n<p>VIA Story<\/p>\n<p>A hat\u00f3t\u00e1v az egyik leger\u0151sebb \u00e9rve a modellnek. A nagyobb akkumul\u00e1toros verzi\u00f3k ak\u00e1r 400\u2013420 m\u00e9rf\u00f6ld (nagyj\u00e1b\u00f3l 640\u2013680 km) WLTP szerinti hat\u00f3t\u00e1vot is el\u00e9rhetnek, ami a kateg\u00f3ri\u00e1ban kifejezetten versenyk\u00e9pes. A val\u00f3s haszn\u00e1latban term\u00e9szetesen ez az \u00e9rt\u00e9k cs\u00f6kken, k\u00fcl\u00f6n\u00f6sen aut\u00f3p\u00e1ly\u00e1s temp\u00f3n\u00e1l vagy hidegebb id\u0151ben, de m\u00e9g \u00edgy is hossz\u00fa t\u00e1v\u00fa utaz\u00e1sokra is alkalmas. A modern 800 voltos architekt\u00far\u00e1nak k\u00f6sz\u00f6nhet\u0151en a gyorst\u00f6lt\u00e9s is kiemelked\u0151en gyors lehet, elm\u00e9letben ak\u00e1r 20\u201325 perc k\u00f6r\u00fcli 10\u201380%-os t\u00f6lt\u00e9ssel, ami jelent\u0151sen jav\u00edtja a haszn\u00e1lhat\u00f3s\u00e1got hosszabb utak sor\u00e1n.<\/p>\n<p>Vezet\u00e9si \u00e9lm\u00e9ny szempontj\u00e1b\u00f3l az ES90 nem sportos aut\u00f3, \u00e9s nem is akar az lenni. A f\u0151 hangs\u00faly a k\u00e9nyelemen, a csendess\u00e9gen \u00e9s a lebeg\u00e9sszer\u0171 halad\u00e1son van. A fut\u00f3m\u0171 alapvet\u0151en l\u00e1gy hangol\u00e1s\u00fa, k\u00fcl\u00f6n\u00f6sen az air suspension rendszerrel szerelt v\u00e1ltozatokn\u00e1l, \u00edgy az aut\u00f3 kifejezetten j\u00f3l sz\u0171ri az \u00fathib\u00e1kat. Aut\u00f3p\u00e1ly\u00e1n nagyon stabil \u00e9s nyugodt, v\u00e1rosban pedig a csendes elektromos hajt\u00e1s miatt szinte \u201ehangtalanul siklik\u201d. Ugyanakkor a nagy t\u00f6meg \u2013 amely t\u00f6bb mint 2,3 tonna \u2013 \u00e9rezhet\u0151, ha temp\u00f3sabb kanyarokba viszik, ilyenkor az aut\u00f3 ink\u00e1bb k\u00e9nyelmesen d\u0151l, mintsem sportosan reag\u00e1l. A korm\u00e1nyz\u00e1s k\u00f6nny\u0171 \u00e9s prec\u00edz, de kev\u00e9s visszajelz\u00e9st ad, ami szint\u00e9n a komfortorient\u00e1lt karaktert er\u0151s\u00edti.<br \/>\nAz utast\u00e9r az egyik leger\u0151sebb pontja az ES90-nek. A Volvo itt a m\u00e1rka hagyom\u00e1nyos minimalizmus\u00e1t viszi tov\u00e1bb, de egy\u00e9rtelm\u0171en a modern digit\u00e1lis korszakhoz igaz\u00edtva. A k\u00f6zponti 14,5 colos, \u00e1ll\u00f3 form\u00e1tum\u00fa \u00e9rint\u0151k\u00e9perny\u0151 szinte minden funkci\u00f3t vez\u00e9rel, \u00e9s gyakorlatilag kiv\u00e1ltja a hagyom\u00e1nyos gombok nagy r\u00e9sz\u00e9t. Ez letisztult, modern hat\u00e1st kelt, de a haszn\u00e1lat szempontj\u00e1b\u00f3l megoszt\u00f3, mert sok be\u00e1ll\u00edt\u00e1s men\u00fcrendszeren kereszt\u00fcl \u00e9rhet\u0151 el. A Google-alap\u00fa infotainment rendszer gyors \u00e9s logikus, de a t\u00falzott digitaliz\u00e1ci\u00f3 miatt egyesek hi\u00e1nyolj\u00e1k a fizikai kezel\u0151szerveket.<\/p>\n","protected":false},"excerpt":{"rendered":"<p>Szentesi \u00c9va ezut\u00e1n nem fogta vissza mag\u00e1t, \u00e9s brut\u00e1lis szavakkal ment neki a celebvil\u00e1g egyik legismertebb p\u00e1ros\u00e1nak. Szerinte emberek eg\u00e9szs\u00e9g\u00e9vel&#8230; <span class=\"gridview-grid-post-read-more\"><a href=\"https:\/\/matrend.hu\/nekedinfo\/pusztito-tanacsot-ad-rubint-reka-a-szakerto-szerint\/\">read more<span class=\"gridview-sr-only\"> Puszt\u00edt\u00f3 tan\u00e1csot ad Rubint R\u00e9ka a szak\u00e9rt\u0151 szerint!<\/span><\/a><\/span><\/p>\n","protected":false},"author":1,"featured_media":7203,"comment_status":"open","ping_status":"open","sticky":false,"template":"","format":"standard","meta":{"footnotes":""},"categories":[1],"tags":[],"class_list":["post-7202","post","type-post","status-publish","format-standard","has-post-thumbnail","hentry","category-egyeb","wpcat-1-id"],"_links":{"self":[{"href":"https:\/\/matrend.hu\/nekedinfo\/wp-json\/wp\/v2\/posts\/7202","targetHints":{"allow":["GET"]}}],"collection":[{"href":"https:\/\/matrend.hu\/nekedinfo\/wp-json\/wp\/v2\/posts"}],"about":[{"href":"https:\/\/matrend.hu\/nekedinfo\/wp-json\/wp\/v2\/types\/post"}],"author":[{"embeddable":true,"href":"https:\/\/matrend.hu\/nekedinfo\/wp-json\/wp\/v2\/users\/1"}],"replies":[{"embeddable":true,"href":"https:\/\/matrend.hu\/nekedinfo\/wp-json\/wp\/v2\/comments?post=7202"}],"version-history":[{"count":1,"href":"https:\/\/matrend.hu\/nekedinfo\/wp-json\/wp\/v2\/posts\/7202\/revisions"}],"predecessor-version":[{"id":7204,"href":"https:\/\/matrend.hu\/nekedinfo\/wp-json\/wp\/v2\/posts\/7202\/revisions\/7204"}],"wp:featuredmedia":[{"embeddable":true,"href":"https:\/\/matrend.hu\/nekedinfo\/wp-json\/wp\/v2\/media\/7203"}],"wp:attachment":[{"href":"https:\/\/matrend.hu\/nekedinfo\/wp-json\/wp\/v2\/media?parent=7202"}],"wp:term":[{"taxonomy":"category","embeddable":true,"href":"https:\/\/matrend.hu\/nekedinfo\/wp-json\/wp\/v2\/categories?post=7202"},{"taxonomy":"post_tag","embeddable":true,"href":"https:\/\/matrend.hu\/nekedinfo\/wp-json\/wp\/v2\/tags?post=7202"}],"curies":[{"name":"wp","href":"https:\/\/api.w.org\/{rel}","templated":true}]}}