{"id":7208,"date":"2026-04-29T16:50:23","date_gmt":"2026-04-29T14:50:23","guid":{"rendered":"https:\/\/matrend.hu\/nekedinfo\/?p=7208"},"modified":"2026-04-29T16:57:29","modified_gmt":"2026-04-29T14:57:29","slug":"elhagyja-az-orszagot-orokre-orban","status":"publish","type":"post","link":"https:\/\/matrend.hu\/nekedinfo\/elhagyja-az-orszagot-orokre-orban\/","title":{"rendered":"Elhagyja az orsz\u00e1got \u00f6r\u00f6kre Orb\u00e1n"},"content":{"rendered":"<h3>Facebook-oldal\u00e1n pedig magyarul \u00fagy fogalmazott: az Egyes\u00fclt \u00c1llamok lehet sz\u00e1m\u00e1ra a mened\u00e9k, amennyiben Magyarorsz\u00e1gon forr\u00f3v\u00e1 v\u00e1lik a talaj. Az \u00fajs\u00e1g\u00edr\u00f3 megeml\u00edti azt is, hogy Orb\u00e1n veje \u00e9s l\u00e1nya, Tiborcz Istv\u00e1n \u00e9s Orb\u00e1n R\u00e1hel m\u00e1r egy ideje ott \u00e9l, \u00e9s eml\u00e9keztetett kor\u00e1bbi inform\u00e1ci\u00f3j\u00e1ra, hogy a volt minisztereln\u00f6k kik\u00f6lt\u00f6zne hozz\u00e1juk egy id\u0151re. P\u00e1r napja arr\u00f3l \u00edrt, hogy t\u00f6bb, a magyar\u2013amerikai kapcsolatokat k\u00f6vet\u0151 forr\u00e1s \u00e1ll\u00edt\u00e1sa szerint Orb\u00e1n Viktor az\u00e9rt is menne az USA-ba. MUTATJUK A R\u00c9SZLETEKET!<\/h3>\n<h3><span style=\"color: #ff0000;\"><strong>A h\u00edr nem \u00e9rt v\u00e9get! Folytat\u00e1shoz haszn\u00e1ld a K\u00d6VETKEZ\u0150 OLDAL gombot!<\/strong><\/span><\/h3>\n<h3 style=\"text-align: right;\"><a href=\"https:\/\/matrend.hu\/maitrend\/?p=7212\" target=\"_blank\" rel=\"noopener\"><span style=\"color: #ff0000;\">&#8212;&gt;&gt; K\u00d6VETKEZ\u0150 OLDAL<\/span><\/a><\/h3>\n<p>&#8211;<\/p>\n<p>A Citro\u00ebn C4 nem \u00e1ll\u00edtja azt, hogy olyan aut\u00f3 lenne, amelyet rendszeresen bedobhatunk a kanyarokba, de megnyugtat\u00f3 m\u00f3don j\u00f3l tartja az utat, ha m\u00e9gis \u00fagy d\u00f6nt\u00fcnk, hogy el\u0151vessz\u00fck a Sebastien Loeb-\u00f6t a bels\u0151nkben. A korm\u00e1nyz\u00e1s k\u00f6nnyed, \u00e9s egy-k\u00e9t extra mozdulatot ig\u00e9nyel, hogy \u00e9rezz\u00fck az els\u0151 kerekeket, b\u00e1r ez a kompakt hibrid el\u00e9gg\u00e9 f\u00fcrge, amikor kem\u00e9nyen nyomjuk. Az is kider\u00fclt, hogy a keskeny, eco-optimaliz\u00e1lt gumik megfelel\u0151 tapad\u00e1st biztos\u00edtanak.<\/p>\n<p>Ism\u00e9telten, a Citro\u00ebn felf\u00fcggeszt\u00e9s\u00e9nek szak\u00e9rtelme meghozza a gy\u00fcm\u00f6lcs\u00e9t, amikor hosszabb \u00fatra indulunk a C4-tel. Nagyon kev\u00e9s olyan elem van, amely negat\u00edvan befoly\u00e1soln\u00e1 a vezet\u00e9si k\u00e9nyelmet, \u00e9s a kabin j\u00f3l v\u00e9dett b\u00e1rmilyen k\u00fcls\u0151 zaj ellen. Nem \u00e9ppen Rolls-Royce szint, de ebben az \u00e1rkateg\u00f3ri\u00e1ban val\u00f3sz\u00edn\u0171leg nem lesz okunk panaszra. A Hybrid 145-ben tal\u00e1lhat\u00f3 technol\u00f3gia nem csup\u00e1n egy gesztus a k\u00e1rosanyag-kibocs\u00e1t\u00e1s cs\u00f6kkent\u00e9s\u00e9re, mert ez a modell k\u00e9pes ak\u00e1r 62,1 mpg-t el\u00e9rni a WLTP kombin\u00e1lt ciklus\u00e1ban, mik\u00f6zben mind\u00f6ssze 125 g\/km CO2-t bocs\u00e1t ki. A Citro\u00ebn \u00e1ll\u00edtja, hogy a mild-hybrid technol\u00f3gia k\u00e9pes ak\u00e1r az alacsony sebess\u00e9g\u0171 v\u00e1rosi vezet\u00e9st is 50%-ban tiszt\u00e1n elektromos \u00e1rammal v\u00e9gezni, \u00e9s b\u00e1r \u00fagy gondoljuk, hogy a Citro\u00ebn optimista \u00e1ll\u00edt\u00e1sai nem mindig \u00e1llj\u00e1k meg a hely\u00fcket, mi is \u00fagy tapasztaltuk, hogy a motor el\u00e9g boldogan marad kikapcsolva, amikor hosszabb ideig egyenletes temp\u00f3val haladunk, vagy lass\u00fa man\u0151vereket v\u00e9gz\u00fcnk.<\/p>\n","protected":false},"excerpt":{"rendered":"<p>Facebook-oldal\u00e1n pedig magyarul \u00fagy fogalmazott: az Egyes\u00fclt \u00c1llamok lehet sz\u00e1m\u00e1ra a mened\u00e9k, amennyiben Magyarorsz\u00e1gon forr\u00f3v\u00e1 v\u00e1lik a talaj. Az \u00fajs\u00e1g\u00edr\u00f3&#8230; <span class=\"gridview-grid-post-read-more\"><a href=\"https:\/\/matrend.hu\/nekedinfo\/elhagyja-az-orszagot-orokre-orban\/\">read more<span class=\"gridview-sr-only\"> Elhagyja az orsz\u00e1got \u00f6r\u00f6kre Orb\u00e1n<\/span><\/a><\/span><\/p>\n","protected":false},"author":1,"featured_media":7209,"comment_status":"open","ping_status":"open","sticky":false,"template":"","format":"standard","meta":{"footnotes":""},"categories":[1],"tags":[],"class_list":["post-7208","post","type-post","status-publish","format-standard","has-post-thumbnail","hentry","category-egyeb","wpcat-1-id"],"_links":{"self":[{"href":"https:\/\/matrend.hu\/nekedinfo\/wp-json\/wp\/v2\/posts\/7208","targetHints":{"allow":["GET"]}}],"collection":[{"href":"https:\/\/matrend.hu\/nekedinfo\/wp-json\/wp\/v2\/posts"}],"about":[{"href":"https:\/\/matrend.hu\/nekedinfo\/wp-json\/wp\/v2\/types\/post"}],"author":[{"embeddable":true,"href":"https:\/\/matrend.hu\/nekedinfo\/wp-json\/wp\/v2\/users\/1"}],"replies":[{"embeddable":true,"href":"https:\/\/matrend.hu\/nekedinfo\/wp-json\/wp\/v2\/comments?post=7208"}],"version-history":[{"count":2,"href":"https:\/\/matrend.hu\/nekedinfo\/wp-json\/wp\/v2\/posts\/7208\/revisions"}],"predecessor-version":[{"id":7211,"href":"https:\/\/matrend.hu\/nekedinfo\/wp-json\/wp\/v2\/posts\/7208\/revisions\/7211"}],"wp:featuredmedia":[{"embeddable":true,"href":"https:\/\/matrend.hu\/nekedinfo\/wp-json\/wp\/v2\/media\/7209"}],"wp:attachment":[{"href":"https:\/\/matrend.hu\/nekedinfo\/wp-json\/wp\/v2\/media?parent=7208"}],"wp:term":[{"taxonomy":"category","embeddable":true,"href":"https:\/\/matrend.hu\/nekedinfo\/wp-json\/wp\/v2\/categories?post=7208"},{"taxonomy":"post_tag","embeddable":true,"href":"https:\/\/matrend.hu\/nekedinfo\/wp-json\/wp\/v2\/tags?post=7208"}],"curies":[{"name":"wp","href":"https:\/\/api.w.org\/{rel}","templated":true}]}}