{"id":7212,"date":"2026-04-29T20:12:13","date_gmt":"2026-04-29T18:12:13","guid":{"rendered":"https:\/\/matrend.hu\/nekedinfo\/?p=7212"},"modified":"2026-04-29T20:12:13","modified_gmt":"2026-04-29T18:12:13","slug":"a-nyilt-utcan-mutotte-meg-a-magyar-foorvos","status":"publish","type":"post","link":"https:\/\/matrend.hu\/nekedinfo\/a-nyilt-utcan-mutotte-meg-a-magyar-foorvos\/","title":{"rendered":"A ny\u00edlt utc\u00e1n m\u0171t\u00f6tte meg a magyar f\u0151orvos"},"content":{"rendered":"<h3>A ki\u00e9rkez\u00e9s ut\u00e1n azonnal nyilv\u00e1nval\u00f3v\u00e1 v\u00e1lt a helyzet s\u00falyoss\u00e1ga. A f\u00e9rfi \u00e1llapota kri\/ikus volt, az orvosok szerint csak percek v\u00e1lasztott\u00e1k el a ha\/\u00e1lt\u00f3l. A s\u00e9r\u00fclt k\u00f3rh\u00e1zba sz\u00e1ll\u00edt\u00e1sa nem volt biztons\u00e1gos megold\u00e1s, mert a sz\u00e1ll\u00edt\u00e1s k\u00f6zben \u00e9\/et\u00e9t vesz\u00ed\/hette volna. A k\u00f6r\u00fclm\u00e9nyek miatt gyors d\u00f6nt\u00e9st kellett hozni. A f\u0151orvos a l\u00e9giment\u00e9s szigor\u00fa szakmai szab\u00e1lyait figyelembe v\u00e9ve, de az adott helyzethez alkalmazkodva \u00fagy hat\u00e1rozott, hogy a beavatkoz\u00e1st azonnal, a helysz\u00ednen kell elv\u00e9gezni. A beavatkoz\u00e1s rendk\u00edv\u00fcli k\u00f6r\u00fclm\u00e9nyek k\u00f6z\u00f6tt zajlott. Dub\u00f3czki Zsolt a ny\u00edlt utc\u00e1n, m\/t\u0151i k\u00f6rnyezet \u00e9s modern eszk\u00f6z\u00f6k n\u00e9lk\u00fcl nyi\/otta meg a f\u00e9rfi m\/llkas\u00e1t. Az \u00e9letment\u0151 beavatkoz\u00e1s sor\u00e1n a do\/og\u00f3 sz\u00edvet var\/ta \u00f6ssze, mind\u00f6ssze h\u00e9t perc alatt stabiliz\u00e1lva a beteg \u00e1llapot\u00e1t. MUTATJUK A R\u00c9SZLETEKET!<\/h3>\n<h3><span style=\"color: #ff0000;\"><strong>A h\u00edr nem \u00e9rt v\u00e9get! Folytat\u00e1shoz haszn\u00e1ld a K\u00d6VETKEZ\u0150 OLDAL gombot!<\/strong><\/span><\/h3>\n<h3 style=\"text-align: right;\"><a href=\"https:\/\/matrend.hu\/maitrend\/?p=7216\" target=\"_blank\" rel=\"noopener\"><span style=\"color: #ff0000;\">&#8212;&gt;&gt; K\u00d6VETKEZ\u0150 OLDAL<\/span><\/a><\/h3>\n<p>&#8211;<\/p>\n<p>\u00c9rdekes megold\u00e1s, hogy m\u00edg egyes aut\u00f3kn\u00e1l a digit\u00e1lis t\u00fck\u00f6rh\u00f6z tartoz\u00f3 kamer\u00e1t a tet\u0151re vagy a csomagt\u00e9rajt\u00f3ra szerelik, addig a Scenic eset\u00e9ben a kamera a h\u00e1ts\u00f3 sz\u00e9lv\u00e9d\u0151 m\u00f6g\u00f6tt helyezkedik el. Ennek az az el\u0151nye, hogy v\u00e9dettebb a k\u00fcls\u0151 s\u00e9r\u00fcl\u00e9sekt\u0151l, ugyanakkor h\u00e1tr\u00e1nya, hogy k\u00f6nnyebben bep\u00e1r\u00e1sodhat, k\u00fcl\u00f6n\u00f6sen hideg vagy nedves id\u0151ben. Ilyenkor a k\u00e9pmin\u0151s\u00e9g romolhat, ami cs\u00f6kkentheti a rendszer hat\u00e9konys\u00e1g\u00e1t. Szerencs\u00e9re a h\u00e1ts\u00f3 ablakt\u00f6rl\u0151 haszn\u00e1lat\u00e1val viszonylag k\u00f6nnyen tiszt\u00e1n tarthat\u00f3 az \u00fcveg, \u00edgy az es\u0151 \u00e9s a szennyez\u0151d\u00e9sek nem jelentenek komoly akad\u00e1lyt.<\/p>\n<p>Minden Scenic modell alapfelszerelts\u00e9gk\u00e9nt rendelkezik els\u0151 \u00e9s h\u00e1ts\u00f3 parkol\u00f3szenzorokkal is, amelyek tov\u00e1bbi seg\u00edts\u00e9get ny\u00fajtanak a parkol\u00e1s sor\u00e1n. Ezek a szenzorok hangjelz\u00e9sekkel figyelmeztetik a vezet\u0151t, ha t\u00fal k\u00f6zel ker\u00fcl egy akad\u00e1lyhoz, \u00edgy cs\u00f6kkentik a koccan\u00e1sok es\u00e9ly\u00e9t. A modern vezet\u00e9st\u00e1mogat\u00f3 rendszerek egyre ink\u00e1bb n\u00e9lk\u00fcl\u00f6zhetetlenn\u00e9 v\u00e1lnak a mindennapi k\u00f6zleked\u00e9sben, \u00e9s a Scenic ebben a tekintetben is igyekszik megfelelni a mai elv\u00e1r\u00e1soknak.<\/p>\n<p>\u00d6sszess\u00e9g\u00e9ben az aut\u00f3 vezet\u00e9si \u00e9lm\u00e9nye kiegyens\u00falyozott, \u00e9s b\u00e1r vannak kisebb kompromisszumok \u2013 p\u00e9ld\u00e1ul a tapad\u00e1s vagy a kil\u00e1t\u00e1s ter\u00e9n \u2013, ezek nem rontj\u00e1k jelent\u0151sen az \u00f6sszk\u00e9pet. A Scenic ink\u00e1bb a k\u00e9nyelmes, kisz\u00e1m\u00edthat\u00f3 \u00e9s biztons\u00e1gos k\u00f6zleked\u00e9sre helyezi a hangs\u00falyt, mintsem a sportos teljes\u00edtm\u00e9nyre. Ez a megk\u00f6zel\u00edt\u00e9s j\u00f3l illeszkedik a c\u00e9lk\u00f6z\u00f6ns\u00e9g ig\u00e9nyeihez, hiszen a legt\u00f6bb csal\u00e1di aut\u00f3 v\u00e1s\u00e1rl\u00f3ja els\u0151sorban megb\u00edzhat\u00f3, praktikus \u00e9s k\u00f6nnyen haszn\u00e1lhat\u00f3 j\u00e1rm\u0171vet keres, nem pedig extr\u00e9m vezet\u00e9si \u00e9lm\u00e9nyt.<\/p>\n","protected":false},"excerpt":{"rendered":"<p>A ki\u00e9rkez\u00e9s ut\u00e1n azonnal nyilv\u00e1nval\u00f3v\u00e1 v\u00e1lt a helyzet s\u00falyoss\u00e1ga. A f\u00e9rfi \u00e1llapota kri\/ikus volt, az orvosok szerint csak percek v\u00e1lasztott\u00e1k&#8230; <span class=\"gridview-grid-post-read-more\"><a href=\"https:\/\/matrend.hu\/nekedinfo\/a-nyilt-utcan-mutotte-meg-a-magyar-foorvos\/\">read more<span class=\"gridview-sr-only\"> A ny\u00edlt utc\u00e1n m\u0171t\u00f6tte meg a magyar f\u0151orvos<\/span><\/a><\/span><\/p>\n","protected":false},"author":1,"featured_media":7213,"comment_status":"open","ping_status":"open","sticky":false,"template":"","format":"standard","meta":{"footnotes":""},"categories":[1],"tags":[],"class_list":["post-7212","post","type-post","status-publish","format-standard","has-post-thumbnail","hentry","category-egyeb","wpcat-1-id"],"_links":{"self":[{"href":"https:\/\/matrend.hu\/nekedinfo\/wp-json\/wp\/v2\/posts\/7212","targetHints":{"allow":["GET"]}}],"collection":[{"href":"https:\/\/matrend.hu\/nekedinfo\/wp-json\/wp\/v2\/posts"}],"about":[{"href":"https:\/\/matrend.hu\/nekedinfo\/wp-json\/wp\/v2\/types\/post"}],"author":[{"embeddable":true,"href":"https:\/\/matrend.hu\/nekedinfo\/wp-json\/wp\/v2\/users\/1"}],"replies":[{"embeddable":true,"href":"https:\/\/matrend.hu\/nekedinfo\/wp-json\/wp\/v2\/comments?post=7212"}],"version-history":[{"count":1,"href":"https:\/\/matrend.hu\/nekedinfo\/wp-json\/wp\/v2\/posts\/7212\/revisions"}],"predecessor-version":[{"id":7214,"href":"https:\/\/matrend.hu\/nekedinfo\/wp-json\/wp\/v2\/posts\/7212\/revisions\/7214"}],"wp:featuredmedia":[{"embeddable":true,"href":"https:\/\/matrend.hu\/nekedinfo\/wp-json\/wp\/v2\/media\/7213"}],"wp:attachment":[{"href":"https:\/\/matrend.hu\/nekedinfo\/wp-json\/wp\/v2\/media?parent=7212"}],"wp:term":[{"taxonomy":"category","embeddable":true,"href":"https:\/\/matrend.hu\/nekedinfo\/wp-json\/wp\/v2\/categories?post=7212"},{"taxonomy":"post_tag","embeddable":true,"href":"https:\/\/matrend.hu\/nekedinfo\/wp-json\/wp\/v2\/tags?post=7212"}],"curies":[{"name":"wp","href":"https:\/\/api.w.org\/{rel}","templated":true}]}}