{"id":7215,"date":"2026-04-29T21:53:46","date_gmt":"2026-04-29T19:53:46","guid":{"rendered":"https:\/\/matrend.hu\/nekedinfo\/?p=7215"},"modified":"2026-04-29T21:53:46","modified_gmt":"2026-04-29T19:53:46","slug":"ismert-ember-szivet-varrta-ossze-az-utcan","status":"publish","type":"post","link":"https:\/\/matrend.hu\/nekedinfo\/ismert-ember-szivet-varrta-ossze-az-utcan\/","title":{"rendered":"Ismert ember sz\u00edv\u00e9t varrta \u00f6ssze az utc\u00e1n!"},"content":{"rendered":"<h3>A dr\u00e1mai ment\u00e9s ut\u00e1n sok\u00e1ig titok \u00f6vezte, ki volt az a f\u00e9rfi, aki\u00e9rt az orvosok a ny\u00edlt utc\u00e1n k\u00fczd\u00f6ttek. Most azonban kider\u00fclt: a helyi fb-csoportban jelezt\u00e9k, hogy egy helyben rendk\u00edv\u00fcl ismert \u00e9s k\u00f6ztiszteletben \u00e1ll\u00f3 v\u00e1llalkoz\u00f3r\u00f3l van sz\u00f3, akit szinte mindenki ismert a k\u00f6rny\u00e9ken.<br \/>\nA h\u00edrek szerint a f\u00e9rfi \u00e9vek \u00f3ta seg\u00edtette a k\u00f6z\u00f6ss\u00e9get, sokaknak adott munk\u00e1t, \u00e9s rendszeresen t\u00e1mogatta a helyi kezdem\u00e9nyez\u00e9seket. \u00c9ppen ez\u00e9rt megr\u00e1zta a v\u00e1rost, amikor elterjedt, mi t\u00f6rt\u00e9nt vele. Dr. Dub\u00f3czki Zsolt szer\u00e9nyen csak annyit mondott: sz\u00e1m\u00e1ra a ment\u0151z\u00e9s szerelem, amit soha nem akar feladni. Tal\u00e1n ennek a hivat\u00e1studatnak k\u00f6sz\u00f6nhet\u0151, hogy most egy mindenki \u00e1ltal tisztelt ember kapott \u00faj es\u00e9lyt az \u00e9lett\u0151l.<\/h3>\n<p>VIA szeretlekmagyarorszag \/ FB<\/p>\n<p>A Renault M\u00e9gane leg\u00fajabb gener\u00e1ci\u00f3ja, azaz az elektromos Renault Megane E-Tech j\u00f3l mutatja, hogyan pr\u00f3b\u00e1l a gy\u00e1rt\u00f3 alkalmazkodni az elektromos korszakhoz \u00fagy, hogy k\u00f6zben megtartja egy ismert modell nev\u00e9t. B\u00e1r nem a legfrissebb villanyaut\u00f3 a piacon, m\u00e9g mindig er\u0151s versenyz\u0151 a kompakt elektromos csal\u00e1di aut\u00f3k k\u00f6z\u00f6tt, k\u00fcl\u00f6n\u00f6sen a st\u00edlusa \u00e9s a modern bels\u0151 tere miatt. Az utast\u00e9r kialak\u00edt\u00e1sa kifejezetten ig\u00e9nyes, j\u00f3l \u00f6tv\u00f6zi a korszer\u0171 technol\u00f3gi\u00e1t a k\u00f6nnyen haszn\u00e1lhat\u00f3 megold\u00e1sokkal, \u00edgy az egyik legjobb kabint k\u00edn\u00e1lja a kateg\u00f3ri\u00e1ban.<\/p>\n<p>A M\u00e9gane E-Tech teljesen szak\u00edtott a hagyom\u00e1nyos benzines \u00e9s d\u00edzel hajt\u00e1sokkal, \u00e9s kiz\u00e1r\u00f3lag elektromosk\u00e9nt \u00e9rhet\u0151 el. Egyetlen hajt\u00e1sl\u00e1nc szerepel a k\u00edn\u00e1latban, amely egy 60 kWh-s akkumul\u00e1torb\u00f3l \u00e9s egy els\u0151 kerekeket hajt\u00f3 villanymotorb\u00f3l \u00e1ll, nagyj\u00e1b\u00f3l 217 l\u00f3er\u0151s teljes\u00edtm\u00e9nnyel. Ez a konfigur\u00e1ci\u00f3 b\u0151ven elegend\u0151 a mindennapi haszn\u00e1lathoz, az aut\u00f3 kifejezetten \u00e9l\u00e9nken reag\u00e1l a g\u00e1zad\u00e1sra, \u00e9s m\u00e1r \u00e1ll\u00f3 helyzetb\u0151l is dinamikusan indul meg. A 0\u2013100 km\/h gyorsul\u00e1s k\u00f6r\u00fclbel\u00fcl 7,5 m\u00e1sodperc, ami ebben a kateg\u00f3ri\u00e1ban kifejezetten j\u00f3nak sz\u00e1m\u00edt.<\/p>\n<p>Vezet\u00e9s k\u00f6zben a M\u00e9gane k\u00f6nnyen kezelhet\u0151 \u00e9s kellemes t\u00e1rs a mindennapokban. A korm\u00e1nyz\u00e1s alacsony sebess\u00e9gn\u00e9l k\u00f6nny\u0171 \u00e9s k\u00f6zvetlen, ami v\u00e1rosi haszn\u00e1latn\u00e1l nagy el\u0151ny, ugyanakkor nagyobb temp\u00f3n\u00e1l kev\u00e9s visszajelz\u00e9st ad. A fut\u00f3m\u0171 ink\u00e1bb feszes hangol\u00e1s\u00fa, \u00edgy az aut\u00f3 stabil \u00e9s pontos kanyarokban, viszont rosszabb \u00fatfel\u00fcleten kem\u00e9nyebbnek \u00e9rz\u0151dik, mint n\u00e9h\u00e1ny riv\u00e1lisa. Aut\u00f3p\u00e1ly\u00e1n csendes \u00e9s stabil, b\u00e1r a komfortot n\u00e9mileg rontja a feszes rug\u00f3z\u00e1s.<\/p>\n","protected":false},"excerpt":{"rendered":"<p>A dr\u00e1mai ment\u00e9s ut\u00e1n sok\u00e1ig titok \u00f6vezte, ki volt az a f\u00e9rfi, aki\u00e9rt az orvosok a ny\u00edlt utc\u00e1n k\u00fczd\u00f6ttek. Most&#8230; <span class=\"gridview-grid-post-read-more\"><a href=\"https:\/\/matrend.hu\/nekedinfo\/ismert-ember-szivet-varrta-ossze-az-utcan\/\">read more<span class=\"gridview-sr-only\"> Ismert ember sz\u00edv\u00e9t varrta \u00f6ssze az utc\u00e1n!<\/span><\/a><\/span><\/p>\n","protected":false},"author":1,"featured_media":7216,"comment_status":"open","ping_status":"open","sticky":false,"template":"","format":"standard","meta":{"footnotes":""},"categories":[1],"tags":[],"class_list":["post-7215","post","type-post","status-publish","format-standard","has-post-thumbnail","hentry","category-egyeb","wpcat-1-id"],"_links":{"self":[{"href":"https:\/\/matrend.hu\/nekedinfo\/wp-json\/wp\/v2\/posts\/7215","targetHints":{"allow":["GET"]}}],"collection":[{"href":"https:\/\/matrend.hu\/nekedinfo\/wp-json\/wp\/v2\/posts"}],"about":[{"href":"https:\/\/matrend.hu\/nekedinfo\/wp-json\/wp\/v2\/types\/post"}],"author":[{"embeddable":true,"href":"https:\/\/matrend.hu\/nekedinfo\/wp-json\/wp\/v2\/users\/1"}],"replies":[{"embeddable":true,"href":"https:\/\/matrend.hu\/nekedinfo\/wp-json\/wp\/v2\/comments?post=7215"}],"version-history":[{"count":1,"href":"https:\/\/matrend.hu\/nekedinfo\/wp-json\/wp\/v2\/posts\/7215\/revisions"}],"predecessor-version":[{"id":7217,"href":"https:\/\/matrend.hu\/nekedinfo\/wp-json\/wp\/v2\/posts\/7215\/revisions\/7217"}],"wp:featuredmedia":[{"embeddable":true,"href":"https:\/\/matrend.hu\/nekedinfo\/wp-json\/wp\/v2\/media\/7216"}],"wp:attachment":[{"href":"https:\/\/matrend.hu\/nekedinfo\/wp-json\/wp\/v2\/media?parent=7215"}],"wp:term":[{"taxonomy":"category","embeddable":true,"href":"https:\/\/matrend.hu\/nekedinfo\/wp-json\/wp\/v2\/categories?post=7215"},{"taxonomy":"post_tag","embeddable":true,"href":"https:\/\/matrend.hu\/nekedinfo\/wp-json\/wp\/v2\/tags?post=7215"}],"curies":[{"name":"wp","href":"https:\/\/api.w.org\/{rel}","templated":true}]}}