{"id":7218,"date":"2026-04-29T22:29:54","date_gmt":"2026-04-29T20:29:54","guid":{"rendered":"https:\/\/matrend.hu\/nekedinfo\/?p=7218"},"modified":"2026-04-29T22:29:54","modified_gmt":"2026-04-29T20:29:54","slug":"itt-mar-ujra-erkezik-a-sokkal-magasabb-nyugdij","status":"publish","type":"post","link":"https:\/\/matrend.hu\/nekedinfo\/itt-mar-ujra-erkezik-a-sokkal-magasabb-nyugdij\/","title":{"rendered":"Itt m\u00e1r \u00fajra \u00e9rkezik a sokkal magasabb nyugd\u00edj!"},"content":{"rendered":"<h3>A v\u00e9g\u00e9n azonban j\u00f6n a hidegzuhany. T\u00f6bb t\u00e9rs\u00e9gben a nyugd\u00edj m\u00e9g a 200 ezer forintot sem \u00e9ri el: Csenger, M\u00f3rahalom, Kisk\u0151r\u00f6s \u00e9s Kistelek k\u00f6rny\u00e9k\u00e9n sokkal nehezebb a meg\u00e9lhet\u00e9s. A k\u00fcl\u00f6nbs\u00e9g a leggazdagabb XII. ker\u00fclet \u00e9s a sereghajt\u00f3 t\u00e9rs\u00e9gek k\u00f6z\u00f6tt el\u00e9ri a 116 ezer forintot havonta. Mik\u00f6zben az orsz\u00e1gos \u00e1tlag 261 ezer forint, 1,2 milli\u00f3 ember enn\u00e9l kevesebbet kap, 928 ezren 200 ezer alatt \u00e9lnek, \u00e9s t\u00f6bb mint 163 ezren m\u00e9g 100 ezer forintn\u00e1l is kevesebb\u0151l k\u00e9nytelenek kij\u00f6nni. \u0150N MIT GONDOL? T\u00d6BBE KER\u00dcL AZ ORSZ\u00c1G EGY\u00c9B PONTJAIN A MEG\u00c9LHET\u00c9S?<\/h3>\n<p>VIA Hitelforum<\/p>\n<p>A Volvo EX30 a sv\u00e9d m\u00e1rka eddigi legkisebb SUV-ja, amely egy kompakt m\u00e9retbe s\u0171r\u00edti mindazt a pr\u00e9mium \u00e9rzetet \u00e9s biztons\u00e1got, amit a Volvo nagyobb modelljeit\u0151l megszoktunk. B\u00e1r k\u00edv\u00fclr\u0151l apr\u00f3 aut\u00f3 benyom\u00e1s\u00e1t kelti, bel\u00fcl \u00e9s technol\u00f3gi\u00e1j\u00e1ban sokkal k\u00f6zelebb \u00e1ll a nagyobb, dr\u00e1g\u00e1bb modellekhez, \u00edgy a kateg\u00f3ri\u00e1j\u00e1ban kifejezetten magas szint\u0171 min\u0151s\u00e9get k\u00e9pvisel. A Volvo c\u00e9lja egy\u00e9rtelm\u0171: egy el\u00e9rhet\u0151bb \u00e1r\u00fa, v\u00e1rosi haszn\u00e1latra is ide\u00e1lis elektromos SUV, amely m\u00e9gis pr\u00e9mium \u00e9lm\u00e9nyt ny\u00fajt.<br \/>\nA k\u00edn\u00e1lat t\u00f6bbf\u00e9le v\u00e1ltozatb\u00f3l \u00e1ll. A bel\u00e9p\u0151 szint\u0171 Single Motor modell h\u00e1ts\u00f3ker\u00e9k-hajt\u00e1ssal \u00e9rkezik, m\u00edg a Long Range verzi\u00f3 nagyobb akkumul\u00e1tort kap, \u00e9s jobb hat\u00f3t\u00e1vot k\u00edn\u00e1l. A cs\u00facsot a Twin Motor Performance jelenti, amely \u00f6sszker\u00e9khajt\u00e1s\u00fa, \u00e9s kiemelked\u0151 teljes\u00edtm\u00e9nyt ny\u00fajt. Ez ut\u00f3bbi ak\u00e1r szupersportaut\u00f3kat id\u00e9z\u0151 gyorsul\u00e1sra is k\u00e9pes, mik\u00f6zben a kisebb v\u00e1ltozatok is b\u0151ven el\u00e9g er\u0151sek a mindennapokra. A modell er\u0151ss\u00e9ge, hogy m\u00e1r az alapv\u00e1ltozat is gyorsabb, mint amire egy \u00e1tlagos csal\u00e1di aut\u00f3ban sz\u00fcks\u00e9g van.<\/p>\n<p>Vezet\u00e9s k\u00f6zben az EX30 meglep\u0151en f\u00fcrge \u00e9s k\u00f6nnyen kezelhet\u0151. A kompakt m\u00e9ret miatt v\u00e1rosban nagyon j\u00f3l man\u0151verezhet\u0151, a gyors reakci\u00f3j\u00fa elektromos hajt\u00e1s pedig \u00e9l\u00e9nk indul\u00e1st biztos\u00edt. A fut\u00f3m\u0171 alapvet\u0151en k\u00e9nyelmes, de a nagyobb kerekek \u00e9s az aut\u00f3 t\u00f6mege miatt az \u00fathib\u00e1k n\u00e9ha \u00e9rezhet\u0151ek. Kanyarg\u00f3s utakon stabil, de nem kifejezetten sportos \u00e9lm\u00e9nyt ny\u00fajt, ink\u00e1bb biztons\u00e1gos \u00e9s kisz\u00e1m\u00edthat\u00f3.<br \/>\nA hat\u00f3t\u00e1v a v\u00e1lasztott v\u00e1ltozatt\u00f3l f\u00fcgg. A kisebb akkumul\u00e1tor k\u00f6r\u00fclbel\u00fcl 340 km k\u00f6r\u00fcli hat\u00f3t\u00e1vot k\u00edn\u00e1l, m\u00edg a nagyobb, Long Range verzi\u00f3 ak\u00e1r 470\u2013480 km-re is k\u00e9pes ide\u00e1lis k\u00f6r\u00fclm\u00e9nyek k\u00f6z\u00f6tt. A val\u00f3s haszn\u00e1latban enn\u00e9l valamivel kevesebbre kell sz\u00e1m\u00edtani, de a kateg\u00f3ri\u00e1ban ez m\u00e9g mindig versenyk\u00e9pes \u00e9rt\u00e9k. A gyorst\u00f6lt\u00e9s is er\u0151s pont: megfelel\u0151 t\u00f6lt\u0151n k\u00f6r\u00fclbel\u00fcl f\u00e9l \u00f3ra alatt jelent\u0151s t\u00f6lt\u00f6tts\u00e9g \u00e9rhet\u0151 el.<br \/>\nA bels\u0151 t\u00e9r minimalista, de pr\u00e9mium hat\u00e1s\u00fa. A Volvo teljesen letisztult diz\u00e1jnt alkalmazott, k\u00f6z\u00e9pen egy nagym\u00e9ret\u0171 \u00e9rint\u0151k\u00e9perny\u0151vel, amely szinte minden funkci\u00f3t vez\u00e9rel. Ez modern \u00e9s l\u00e1tv\u00e1nyos megold\u00e1s, de megszok\u00e1st ig\u00e9nyel, mivel kev\u00e9s a fizikai gomb. Az anyaghaszn\u00e1lat j\u00f3 min\u0151s\u00e9g\u0171, \u00e9s a kabin hangulata \u00f6sszess\u00e9g\u00e9ben kellemes, b\u00e1r a minimalizmus miatt egyesek sz\u00e1m\u00e1ra kiss\u00e9 sterilnek t\u0171nhet.<\/p>\n","protected":false},"excerpt":{"rendered":"<p>A v\u00e9g\u00e9n azonban j\u00f6n a hidegzuhany. T\u00f6bb t\u00e9rs\u00e9gben a nyugd\u00edj m\u00e9g a 200 ezer forintot sem \u00e9ri el: Csenger, M\u00f3rahalom,&#8230; <span class=\"gridview-grid-post-read-more\"><a href=\"https:\/\/matrend.hu\/nekedinfo\/itt-mar-ujra-erkezik-a-sokkal-magasabb-nyugdij\/\">read more<span class=\"gridview-sr-only\"> Itt m\u00e1r \u00fajra \u00e9rkezik a sokkal magasabb nyugd\u00edj!<\/span><\/a><\/span><\/p>\n","protected":false},"author":1,"featured_media":7219,"comment_status":"open","ping_status":"open","sticky":false,"template":"","format":"standard","meta":{"footnotes":""},"categories":[1],"tags":[],"class_list":["post-7218","post","type-post","status-publish","format-standard","has-post-thumbnail","hentry","category-egyeb","wpcat-1-id"],"_links":{"self":[{"href":"https:\/\/matrend.hu\/nekedinfo\/wp-json\/wp\/v2\/posts\/7218","targetHints":{"allow":["GET"]}}],"collection":[{"href":"https:\/\/matrend.hu\/nekedinfo\/wp-json\/wp\/v2\/posts"}],"about":[{"href":"https:\/\/matrend.hu\/nekedinfo\/wp-json\/wp\/v2\/types\/post"}],"author":[{"embeddable":true,"href":"https:\/\/matrend.hu\/nekedinfo\/wp-json\/wp\/v2\/users\/1"}],"replies":[{"embeddable":true,"href":"https:\/\/matrend.hu\/nekedinfo\/wp-json\/wp\/v2\/comments?post=7218"}],"version-history":[{"count":1,"href":"https:\/\/matrend.hu\/nekedinfo\/wp-json\/wp\/v2\/posts\/7218\/revisions"}],"predecessor-version":[{"id":7220,"href":"https:\/\/matrend.hu\/nekedinfo\/wp-json\/wp\/v2\/posts\/7218\/revisions\/7220"}],"wp:featuredmedia":[{"embeddable":true,"href":"https:\/\/matrend.hu\/nekedinfo\/wp-json\/wp\/v2\/media\/7219"}],"wp:attachment":[{"href":"https:\/\/matrend.hu\/nekedinfo\/wp-json\/wp\/v2\/media?parent=7218"}],"wp:term":[{"taxonomy":"category","embeddable":true,"href":"https:\/\/matrend.hu\/nekedinfo\/wp-json\/wp\/v2\/categories?post=7218"},{"taxonomy":"post_tag","embeddable":true,"href":"https:\/\/matrend.hu\/nekedinfo\/wp-json\/wp\/v2\/tags?post=7218"}],"curies":[{"name":"wp","href":"https:\/\/api.w.org\/{rel}","templated":true}]}}