{"id":7225,"date":"2026-04-30T18:02:34","date_gmt":"2026-04-30T16:02:34","guid":{"rendered":"https:\/\/matrend.hu\/nekedinfo\/?p=7225"},"modified":"2026-04-30T18:02:34","modified_gmt":"2026-04-30T16:02:34","slug":"brutalis-karambol-az-m5-oson","status":"publish","type":"post","link":"https:\/\/matrend.hu\/nekedinfo\/brutalis-karambol-az-m5-oson\/","title":{"rendered":"Brut\u00e1lis karambol az M5-\u00f6s\u00f6n"},"content":{"rendered":"<h3>A karambol k\u00f6vetkezt\u00e9ben az aut\u00f3sz\u00e1ll\u00edt\u00f3 tr\u00e9leren sz\u00e1ll\u00edtott j\u00e1rm\u0171vek k\u00f6z\u00fcl t\u00f6bb is megrong\u00e1l\u00f3dott, \u00f6sszesen \u00f6t aut\u00f3 t\u00f6rt \u00f6ssze, egy pedig az \u00e1rokba sodr\u00f3dott. A balesethez nagy er\u0151kkel vonultak ki a Kecskem\u00e9ti Hivat\u00e1sos T\u0171zolt\u00f3-parancsnoks\u00e1g egys\u00e9gei, valamint a v\u00e1rmegyei katasztr\u00f3fav\u00e9delmi m\u0171veleti szolg\u00e1lat. A helysz\u00ednre ment\u0151helikopter is \u00e9rkezett, mik\u00f6zben a t\u0171zolt\u00f3k megkezdt\u00e9k a m\u0171szaki ment\u00e9st \u00e9s a j\u00e1rm\u0171vek \u00e1ramtalan\u00edt\u00e1s\u00e1t. MUTATJUK A R\u00c9SZLETEKET!<\/h3>\n<h3><span style=\"color: #ff0000;\"><strong>A h\u00edr nem \u00e9rt v\u00e9get! Folytat\u00e1shoz haszn\u00e1ld a K\u00d6VETKEZ\u0150 OLDAL gombot!<\/strong><\/span><\/h3>\n<h3 style=\"text-align: right;\"><a href=\"https:\/\/matrend.hu\/maitrend\/?p=7229\" target=\"_blank\" rel=\"noopener\"><span style=\"color: #ff0000;\">&#8212;&gt;&gt; K\u00d6VETKEZ\u0150 OLDAL<\/span><\/a><\/h3>\n<p>&#8211;<\/p>\n<p>A HR-V k\u00fcl\u00f6n\u00f6sen v\u00e1rosi k\u00f6rnyezetben tudja megmutatni az er\u0151ss\u00e9geit, ahol gyakran k\u00e9pes tiszt\u00e1n elektromos \u00fczemm\u00f3dban haladni. Ilyen k\u00f6r\u00fclm\u00e9nyek k\u00f6z\u00f6tt k\u00f6nnyed\u00e9n t\u00fall\u00e9pheti a 60 mpg \u00e9rt\u00e9ket, ami kifejezetten kedvez\u0151nek sz\u00e1m\u00edt, f\u0151leg a folyamatosan emelked\u0151 \u00fczemanyag\u00e1rak mellett.<\/p>\n<p>Azonban nem minden ter\u00fcleten ennyire meggy\u0151z\u0151 a HR-V. A biztos\u00edt\u00e1si k\u00f6lts\u00e9gek p\u00e9ld\u00e1ul valamivel magasabbak lehetnek, mint n\u00e9h\u00e1ny k\u00f6zvetlen versenyt\u00e1rs eset\u00e9ben. A modell a 32-es \u00e9s 33-as biztos\u00edt\u00e1si kateg\u00f3ri\u00e1ba esik az 50-b\u0151l, ami viszonylag magasnak sz\u00e1m\u00edt ebben a szegmensben, k\u00fcl\u00f6n\u00f6sen egy hibrid kis SUV eset\u00e9ben. \u00d6sszehasonl\u00edt\u00e1sk\u00e9ppen a Toyota C-HR alacsonyabb, 20 \u00e9s 27 k\u00f6z\u00f6tti kateg\u00f3ri\u00e1kba sorolhat\u00f3, ami kedvez\u0151bb biztos\u00edt\u00e1si d\u00edjakat eredm\u00e9nyezhet a tulajdonosok sz\u00e1m\u00e1ra. Ez a k\u00fcl\u00f6nbs\u00e9g hosszabb t\u00e1von \u00e9rezhet\u0151 lehet a fenntart\u00e1si k\u00f6lts\u00e9gekben, k\u00fcl\u00f6n\u00f6sen azok sz\u00e1m\u00e1ra, akik \u00e9rz\u00e9kenyek az ilyen jelleg\u0171 kiad\u00e1sokra.<\/p>\n<p>A HR-V v\u00e9tel\u00e1ra is a magasabb tartom\u00e1nyba esik, ami els\u0151re visszatarthat n\u00e9h\u00e1ny potenci\u00e1lis v\u00e1s\u00e1rl\u00f3t. B\u00e1r a min\u0151s\u00e9g, a megb\u00edzhat\u00f3s\u00e1g \u00e9s a fejlett hibrid technol\u00f3gia r\u00e9szben indokolja az \u00e1rat, a piaci adatok azt mutatj\u00e1k, hogy az aut\u00f3 \u00e9rt\u00e9ktart\u00e1sa nem a leger\u0151sebb a kateg\u00f3ri\u00e1ban. H\u00e1rom \u00e9v vagy 36 000 m\u00e9rf\u00f6ld haszn\u00e1lat ut\u00e1n a modell v\u00e1rhat\u00f3an az eredeti \u00e9rt\u00e9k\u00e9nek k\u00f6r\u00fclbel\u00fcl 43\u201347 sz\u00e1zal\u00e9k\u00e1t \u0151rzi meg. Ez azt jelenti, hogy viszonylag gyors \u00e9rt\u00e9kcs\u00f6kken\u00e9ssel kell sz\u00e1molni, ami k\u00fcl\u00f6n\u00f6sen fontos szempont lehet azok sz\u00e1m\u00e1ra, akik n\u00e9h\u00e1ny \u00e9vente aut\u00f3t cser\u00e9lnek.<\/p>\n","protected":false},"excerpt":{"rendered":"<p>A karambol k\u00f6vetkezt\u00e9ben az aut\u00f3sz\u00e1ll\u00edt\u00f3 tr\u00e9leren sz\u00e1ll\u00edtott j\u00e1rm\u0171vek k\u00f6z\u00fcl t\u00f6bb is megrong\u00e1l\u00f3dott, \u00f6sszesen \u00f6t aut\u00f3 t\u00f6rt \u00f6ssze, egy pedig az&#8230; <span class=\"gridview-grid-post-read-more\"><a href=\"https:\/\/matrend.hu\/nekedinfo\/brutalis-karambol-az-m5-oson\/\">read more<span class=\"gridview-sr-only\"> Brut\u00e1lis karambol az M5-\u00f6s\u00f6n<\/span><\/a><\/span><\/p>\n","protected":false},"author":1,"featured_media":7226,"comment_status":"open","ping_status":"open","sticky":false,"template":"","format":"standard","meta":{"footnotes":""},"categories":[1],"tags":[],"class_list":["post-7225","post","type-post","status-publish","format-standard","has-post-thumbnail","hentry","category-egyeb","wpcat-1-id"],"_links":{"self":[{"href":"https:\/\/matrend.hu\/nekedinfo\/wp-json\/wp\/v2\/posts\/7225","targetHints":{"allow":["GET"]}}],"collection":[{"href":"https:\/\/matrend.hu\/nekedinfo\/wp-json\/wp\/v2\/posts"}],"about":[{"href":"https:\/\/matrend.hu\/nekedinfo\/wp-json\/wp\/v2\/types\/post"}],"author":[{"embeddable":true,"href":"https:\/\/matrend.hu\/nekedinfo\/wp-json\/wp\/v2\/users\/1"}],"replies":[{"embeddable":true,"href":"https:\/\/matrend.hu\/nekedinfo\/wp-json\/wp\/v2\/comments?post=7225"}],"version-history":[{"count":1,"href":"https:\/\/matrend.hu\/nekedinfo\/wp-json\/wp\/v2\/posts\/7225\/revisions"}],"predecessor-version":[{"id":7227,"href":"https:\/\/matrend.hu\/nekedinfo\/wp-json\/wp\/v2\/posts\/7225\/revisions\/7227"}],"wp:featuredmedia":[{"embeddable":true,"href":"https:\/\/matrend.hu\/nekedinfo\/wp-json\/wp\/v2\/media\/7226"}],"wp:attachment":[{"href":"https:\/\/matrend.hu\/nekedinfo\/wp-json\/wp\/v2\/media?parent=7225"}],"wp:term":[{"taxonomy":"category","embeddable":true,"href":"https:\/\/matrend.hu\/nekedinfo\/wp-json\/wp\/v2\/categories?post=7225"},{"taxonomy":"post_tag","embeddable":true,"href":"https:\/\/matrend.hu\/nekedinfo\/wp-json\/wp\/v2\/tags?post=7225"}],"curies":[{"name":"wp","href":"https:\/\/api.w.org\/{rel}","templated":true}]}}