{"id":7228,"date":"2026-04-30T20:07:56","date_gmt":"2026-04-30T18:07:56","guid":{"rendered":"https:\/\/matrend.hu\/nekedinfo\/?p=7228"},"modified":"2026-04-30T20:07:56","modified_gmt":"2026-04-30T18:07:56","slug":"idoskori-porckopas-tunetei-es-okai","status":"publish","type":"post","link":"https:\/\/matrend.hu\/nekedinfo\/idoskori-porckopas-tunetei-es-okai\/","title":{"rendered":"Id\u0151skori porckop\u00e1s t\u00fcnetei \u00e9s okai"},"content":{"rendered":"<h3>Az artr\u00f3zis l\u00e9nyege az \u00edz\u00fcletek v\u00e9geit bor\u00edt\u00f3 porcok k\u00e1rosod\u00e1sa. El\u0151sz\u00f6r elv\u00e9konyodik, azt\u00e1n a sima felsz\u00edne berepedezik, v\u00e9g\u00fcl a teljes porc\u00e1llom\u00e1ny \u00f6sszet\u00f6redezik, majd felsz\u00edv\u00f3dik. A porc elt\u0171n\u00e9s\u00e9vel az \u00edz\u00fcleti v\u00e9gek csontjai k\u00f6zvetlen\u00fcl \u00e9rintkeznek egym\u00e1ssal, ami a csontfelsz\u00ednek d\u00f6rzs\u00f6l\u0151d\u00e9s\u00e9hez, ez\u00e1ltal k\u00fcl\u00f6nb\u00f6z\u0151 t\u00fcnetek megjelen\u00e9s\u00e9hez vezet. \u00c1ltal\u00e1ban az al\u00e1bbi t\u00fcnetek jelentkez\u00e9s\u00e9vel kell sz\u00e1molni: \u00cdz\u00fcleti f\u00e1jdalom &#8211; kezdetben els\u0151sorban hosszabb terhel\u00e9st k\u00f6vet\u0151en jelentkezik, el\u0151rehaladott esetben kisebb terhel\u00e9sre is \u00e1lland\u00f3sul.<br \/>\n\u00cdz\u00fcleti merevs\u00e9g &#8211; k\u00fcl\u00f6n\u00f6sen hosszabb inaktivit\u00e1st k\u00f6vet\u0151en, p\u00e9ld\u00e1ul reggeli \u00e9bred\u00e9s ut\u00e1n jelentkezik az \u00edz\u00fcleti merevs\u00e9g, majd kb. 30 perc m\u00falva a mozgat\u00e1s hat\u00e1s\u00e1ra enyh\u00fcl. \u00cdz\u00fcleti f\u00e1jdalom az id\u0151j\u00e1r\u00e1s v\u00e1ltoz\u00e1sakor. \u00cdz\u00fcleti duzzad\u00e1s nem minden esetben jelentkezik, els\u0151sorban a hosszabb ideig tart\u00f3 megterhel\u00e9s ut\u00e1n l\u00e9phet fel. MUTATJUK A R\u00c9SZLETEKET!<\/h3>\n<h3><span style=\"color: #ff0000;\"><strong>A h\u00edr nem \u00e9rt v\u00e9get! Folytat\u00e1shoz haszn\u00e1ld a K\u00d6VETKEZ\u0150 OLDAL gombot!<\/strong><\/span><\/h3>\n<h3 style=\"text-align: right;\"><a href=\"https:\/\/matrend.hu\/maitrend\/?p=7232\" target=\"_blank\" rel=\"noopener\"><span style=\"color: #ff0000;\">&#8212;&gt;&gt; K\u00d6VETKEZ\u0150 OLDAL<\/span><\/a><\/h3>\n<p>&#8211;<\/p>\n<p>Az alacsonyabb profil\u00fa gumik kev\u00e9sb\u00e9 k\u00e9pesek elnyelni az \u00fathib\u00e1k energi\u00e1j\u00e1t, \u00edgy az \u00fct\u00e9seket k\u00f6zvetlenebb\u00fcl tov\u00e1bb\u00edtj\u00e1k az utast\u00e9r fel\u00e9. Ennek ellen\u00e9re az \u00f6sszk\u00e9p nem nevezhet\u0151 kellemetlennek, ink\u00e1bb csak elmarad att\u00f3l a szintt\u0151l, amit p\u00e9ld\u00e1ul a Skoda Enyaq k\u00edn\u00e1l, amely ebben a tekintetben kiegyens\u00falyozottabb \u00e9s k\u00e9nyelmesebb fut\u00e1st biztos\u00edt.<\/p>\n<p>A korm\u00e1nyz\u00e1s az EV6-ban \u2013 b\u00e1r nem annyira k\u00f6nnyed, mint az Ioniq 5 vagy a GV60 eset\u00e9ben \u2013 kellemesen k\u00f6zvetlen. Ez azt jelenti, hogy a vezet\u0151 pontosan \u00e9rezheti az aut\u00f3 reakci\u00f3it, \u00e9s magabiztosan tudja ir\u00e1ny\u00edtani a j\u00e1rm\u0171vet sz\u0171k falusi utc\u00e1kon vagy forgalmas v\u00e1rosi k\u00f6rnyezetben. A korm\u00e1ny visszajelz\u00e9sei megfelel\u0151ek, \u00edgy nem v\u00e1lik steril \u00e9rz\u00e9s\u0171v\u00e9, ami sok elektromos aut\u00f3n\u00e1l gyakori kritika. Ez a fajta k\u00f6zvetlens\u00e9g k\u00fcl\u00f6n\u00f6sen hasznos parkol\u00e1skor vagy sz\u0171k helyeken t\u00f6rt\u00e9n\u0151 man\u0151verez\u00e9s sor\u00e1n, ahol minden centim\u00e9ter sz\u00e1m\u00edt.<\/p>\n<p>A f\u00e9kped\u00e1l \u00e9rzet\u00e9re sem lehet panasz: j\u00f3l adagolhat\u00f3, \u00e9s a regenerat\u00edv f\u00e9krendszer harmonikusan m\u0171k\u00f6dik egy\u00fctt a hagyom\u00e1nyos mechanikus f\u00e9kekkel. Ez az egy\u00fcttm\u0171k\u00f6d\u00e9s kulcsfontoss\u00e1g\u00fa az elektromos aut\u00f3k eset\u00e9ben, hiszen a regenerat\u00edv f\u00e9kez\u00e9s nemcsak energi\u00e1t termel vissza az akkumul\u00e1torba, hanem jelent\u0151sen befoly\u00e1solja a vezet\u00e9si \u00e9lm\u00e9nyt is. Az EV6 k\u00fcl\u00f6n\u00f6sen akkor teljes\u00edt j\u00f3l, amikor a regenerat\u00edv f\u00e9kez\u00e9s automatikus m\u00f3dra van \u00e1ll\u00edtva, mivel ilyenkor a rendszer intelligensen alkalmazkodik a forgalmi helyzethez \u00e9s a vezet\u00e9si st\u00edlushoz.<\/p>\n","protected":false},"excerpt":{"rendered":"<p>Az artr\u00f3zis l\u00e9nyege az \u00edz\u00fcletek v\u00e9geit bor\u00edt\u00f3 porcok k\u00e1rosod\u00e1sa. El\u0151sz\u00f6r elv\u00e9konyodik, azt\u00e1n a sima felsz\u00edne berepedezik, v\u00e9g\u00fcl a teljes porc\u00e1llom\u00e1ny&#8230; <span class=\"gridview-grid-post-read-more\"><a href=\"https:\/\/matrend.hu\/nekedinfo\/idoskori-porckopas-tunetei-es-okai\/\">read more<span class=\"gridview-sr-only\"> Id\u0151skori porckop\u00e1s t\u00fcnetei \u00e9s okai<\/span><\/a><\/span><\/p>\n","protected":false},"author":1,"featured_media":7229,"comment_status":"open","ping_status":"open","sticky":false,"template":"","format":"standard","meta":{"footnotes":""},"categories":[1],"tags":[],"class_list":["post-7228","post","type-post","status-publish","format-standard","has-post-thumbnail","hentry","category-egyeb","wpcat-1-id"],"_links":{"self":[{"href":"https:\/\/matrend.hu\/nekedinfo\/wp-json\/wp\/v2\/posts\/7228","targetHints":{"allow":["GET"]}}],"collection":[{"href":"https:\/\/matrend.hu\/nekedinfo\/wp-json\/wp\/v2\/posts"}],"about":[{"href":"https:\/\/matrend.hu\/nekedinfo\/wp-json\/wp\/v2\/types\/post"}],"author":[{"embeddable":true,"href":"https:\/\/matrend.hu\/nekedinfo\/wp-json\/wp\/v2\/users\/1"}],"replies":[{"embeddable":true,"href":"https:\/\/matrend.hu\/nekedinfo\/wp-json\/wp\/v2\/comments?post=7228"}],"version-history":[{"count":1,"href":"https:\/\/matrend.hu\/nekedinfo\/wp-json\/wp\/v2\/posts\/7228\/revisions"}],"predecessor-version":[{"id":7230,"href":"https:\/\/matrend.hu\/nekedinfo\/wp-json\/wp\/v2\/posts\/7228\/revisions\/7230"}],"wp:featuredmedia":[{"embeddable":true,"href":"https:\/\/matrend.hu\/nekedinfo\/wp-json\/wp\/v2\/media\/7229"}],"wp:attachment":[{"href":"https:\/\/matrend.hu\/nekedinfo\/wp-json\/wp\/v2\/media?parent=7228"}],"wp:term":[{"taxonomy":"category","embeddable":true,"href":"https:\/\/matrend.hu\/nekedinfo\/wp-json\/wp\/v2\/categories?post=7228"},{"taxonomy":"post_tag","embeddable":true,"href":"https:\/\/matrend.hu\/nekedinfo\/wp-json\/wp\/v2\/tags?post=7228"}],"curies":[{"name":"wp","href":"https:\/\/api.w.org\/{rel}","templated":true}]}}