{"id":7234,"date":"2026-04-30T23:08:00","date_gmt":"2026-04-30T21:08:00","guid":{"rendered":"https:\/\/matrend.hu\/nekedinfo\/?p=7234"},"modified":"2026-04-30T23:08:00","modified_gmt":"2026-04-30T21:08:00","slug":"szornyu-vege-lett-stohl-andras-es-kiss-kriszta-kapcsolatanak","status":"publish","type":"post","link":"https:\/\/matrend.hu\/nekedinfo\/szornyu-vege-lett-stohl-andras-es-kiss-kriszta-kapcsolatanak\/","title":{"rendered":"Sz\u00f6rny\u0171 v\u00e9ge lett Stohl Andr\u00e1s \u00e9s Kiss Kriszta kapcsolat\u00e1nak!"},"content":{"rendered":"<h3>A fordulat akkor j\u00f6tt, amikor Kriszta Hajd\u00fa P\u00e9ter m\u0171sor\u00e1ban szerepelt. Egy \u00e1rtatlannak t\u0171n\u0151 v\u00e1lasz azonban mindent felbor\u00edtott. \u201eA k\u00e9rd\u00e9sedre visszat\u00e9rve, hogy mi\u00e9rt is vagyok egyed\u00fcl\u2026\u201d \u2013 hangzott el a mondat, amely ut\u00e1n m\u00e1r nem maradtak k\u00e9rd\u00e9sek. A rajong\u00f3k azonnal \u00f6sszerakt\u00e1k a k\u00e9pet: a kapcsolat v\u00e9get \u00e9rt. Ami egykor rem\u00e9nyteljesen indult, most csendben, de ann\u00e1l f\u00e1jdalmasabban z\u00e1rult le.<\/h3>\n<p>VIA YT<\/p>\n<p>Megjelen\u00e9s\u00e9t tekintve val\u00f3ban el\u00e9g egyedi. Magass\u00e1ga p\u00e9ld\u00e1ul 1520 mm, azaz 25 mm-rel magasabb, mint egy Ford Focus, ugyanakkor a gumiprofilok ak\u00e1r 60-as oldalfalmagass\u00e1got is el\u00e9rhetnek, ami mai szemmel n\u00e9zve szinte nosztalgikusan vastag, \u00edgy extra k\u00e9nyelmet biztos\u00edt az utaz\u00e1sok sor\u00e1n. Az als\u00f3 karossz\u00e9ri\u00e1t v\u00e9d\u0151 m\u0171anyag bor\u00edt\u00e1sok is hozz\u00e1j\u00e1rulnak a robusztusabb, SUV-szer\u0171 megjelen\u00e9shez, mik\u00f6zben a tet\u0151vonal egy gyorsan lejt\u0151, sportosabb \u201efastback\u201d st\u00edlus\u00fa \u00edvet k\u00f6vet. M\u00e9retben egy\u00e9bk\u00e9nt valamivel r\u00f6videbb, mint a Toyota C-HR, ami maga is ink\u00e1bb egy crossover, mint hagyom\u00e1nyos SUV.<\/p>\n<p>A 2025-\u00f6s modellfriss\u00edt\u00e9s sor\u00e1n a k\u00fcls\u0151t a Citro\u00ebn leg\u00fajabb formanyelv\u00e9hez igaz\u00edtott\u00e1k. Az aut\u00f3 megkapta az \u00faj m\u00e1rkalog\u00f3t \u00e9s a sz\u00f6gletesebb f\u00e9nysz\u00f3r\u00f3kat, amelyek meglep\u0151en j\u00f3l passzolnak az \u00eb-C4 kor\u00e1bban \u00edvelt, l\u00e1gy vonalaihoz. Ez a kontraszt egyedi vizu\u00e1lis karaktert ad az aut\u00f3nak.<\/p>\n<p>Az \u00eb-C4 eredetileg 2020-ban mutatkozott be, \u00e9s akkor m\u00e9g csak egyetlen hajt\u00e1sl\u00e1nccal volt el\u00e9rhet\u0151: egy 50 kWh-s akkumul\u00e1torral (amelyb\u0151l 47 kWh haszn\u00e1lhat\u00f3) \u00e9s egy 134 l\u00f3er\u0151s villanymotorral. 2024-ben azonban meg\u00e9rkezett egy \u00faj, hosszabb hat\u00f3t\u00e1v\u00fa v\u00e1ltozat is. Ebben az akkucell\u00e1k \u00f6sszet\u00e9tele nikkeld\u00fasabb, \u00edgy az \u00f6sszkapacit\u00e1s 54 kWh-ra n\u0151tt (amelyb\u0151l 50,8 kWh haszn\u00e1lhat\u00f3), a hat\u00f3t\u00e1v pedig ak\u00e1r 420 kilom\u00e9ter is lehet a hivatalos WLTP ciklus szerint. Ehhez az \u00faj akkuhoz egy modernebb, szinkronmotoros hajt\u00e1s is j\u00e1r, amely m\u00e1r 154 l\u00f3er\u0151s, teh\u00e1t er\u0151sebb, de emellett hat\u00e9konyabb is.<\/p>\n<p>A legt\u00f6bb v\u00e1s\u00e1rl\u00f3 azonban val\u00f3sz\u00edn\u0171leg nem tudatosan v\u00e1laszt a k\u00e9t hajt\u00e1sl\u00e1nc k\u00f6z\u00f6tt, mivel ezek az aut\u00f3 felszerelts\u00e9gi szintjeihez k\u00f6t\u00f6ttek. Az \u201eYou\u201d \u00e9s \u201ePlus\u201d felszerelts\u00e9gek az alap, 50 kWh-s akkumul\u00e1torral j\u00f6nnek, m\u00edg a \u201eMax\u201d szinthez m\u00e1r a nagyobb, 54 kWh-s verzi\u00f3 j\u00e1r.<\/p>\n","protected":false},"excerpt":{"rendered":"<p>A fordulat akkor j\u00f6tt, amikor Kriszta Hajd\u00fa P\u00e9ter m\u0171sor\u00e1ban szerepelt. Egy \u00e1rtatlannak t\u0171n\u0151 v\u00e1lasz azonban mindent felbor\u00edtott. \u201eA k\u00e9rd\u00e9sedre visszat\u00e9rve,&#8230; <span class=\"gridview-grid-post-read-more\"><a href=\"https:\/\/matrend.hu\/nekedinfo\/szornyu-vege-lett-stohl-andras-es-kiss-kriszta-kapcsolatanak\/\">read more<span class=\"gridview-sr-only\"> Sz\u00f6rny\u0171 v\u00e9ge lett Stohl Andr\u00e1s \u00e9s Kiss Kriszta kapcsolat\u00e1nak!<\/span><\/a><\/span><\/p>\n","protected":false},"author":1,"featured_media":7235,"comment_status":"open","ping_status":"open","sticky":false,"template":"","format":"standard","meta":{"footnotes":""},"categories":[1],"tags":[],"class_list":["post-7234","post","type-post","status-publish","format-standard","has-post-thumbnail","hentry","category-egyeb","wpcat-1-id"],"_links":{"self":[{"href":"https:\/\/matrend.hu\/nekedinfo\/wp-json\/wp\/v2\/posts\/7234","targetHints":{"allow":["GET"]}}],"collection":[{"href":"https:\/\/matrend.hu\/nekedinfo\/wp-json\/wp\/v2\/posts"}],"about":[{"href":"https:\/\/matrend.hu\/nekedinfo\/wp-json\/wp\/v2\/types\/post"}],"author":[{"embeddable":true,"href":"https:\/\/matrend.hu\/nekedinfo\/wp-json\/wp\/v2\/users\/1"}],"replies":[{"embeddable":true,"href":"https:\/\/matrend.hu\/nekedinfo\/wp-json\/wp\/v2\/comments?post=7234"}],"version-history":[{"count":1,"href":"https:\/\/matrend.hu\/nekedinfo\/wp-json\/wp\/v2\/posts\/7234\/revisions"}],"predecessor-version":[{"id":7236,"href":"https:\/\/matrend.hu\/nekedinfo\/wp-json\/wp\/v2\/posts\/7234\/revisions\/7236"}],"wp:featuredmedia":[{"embeddable":true,"href":"https:\/\/matrend.hu\/nekedinfo\/wp-json\/wp\/v2\/media\/7235"}],"wp:attachment":[{"href":"https:\/\/matrend.hu\/nekedinfo\/wp-json\/wp\/v2\/media?parent=7234"}],"wp:term":[{"taxonomy":"category","embeddable":true,"href":"https:\/\/matrend.hu\/nekedinfo\/wp-json\/wp\/v2\/categories?post=7234"},{"taxonomy":"post_tag","embeddable":true,"href":"https:\/\/matrend.hu\/nekedinfo\/wp-json\/wp\/v2\/tags?post=7234"}],"curies":[{"name":"wp","href":"https:\/\/api.w.org\/{rel}","templated":true}]}}