{"id":7240,"date":"2026-05-01T07:16:56","date_gmt":"2026-05-01T05:16:56","guid":{"rendered":"https:\/\/matrend.hu\/nekedinfo\/?p=7240"},"modified":"2026-05-01T07:16:56","modified_gmt":"2026-05-01T05:16:56","slug":"megszolalt-gabor","status":"publish","type":"post","link":"https:\/\/matrend.hu\/nekedinfo\/megszolalt-gabor\/","title":{"rendered":"Megsz\u00f3lalt G\u00e1bor"},"content":{"rendered":"<h3>Ugyan m\u00e9g nem tudok l\u00e1bra \u00e1llni, de sz\u00e9pen helyreraktak, a mellkasomat \u00f6sszevarrt\u00e1k, ar\u00e1nylag minden rendben van velem mostanra \u2013 kezdte imm\u00e1r rem\u00e9nyekkel tele a hangj\u00e1ban Zsolnai G\u00e1bor. \u00d3ri\u00e1si el\u0151rel\u00e9p\u00e9s ez n\u00e1la, nemr\u00e9g ugyanis m\u00e9g nagyon el volt keseredve. Az \u00f6ccs\u00e9vel \u00e9l egy\u00fctt, az \u00e9desanyjukat egy \u00e9ve vesz\u00edtett\u00e9k el, ami term\u00e9szetesen nagyon rosszul \u00e9rintette. Volt konfliktusom helyi fia\/alokkal, bennem pedig kialakult egy \u00fcl\/\u00f6z\u00e9si m\u00e1nia. Ez annyira elfa\/ult, hogy m\u00e9g a boltba menve sem \u00e9reztem j\u00f3l magam \u00e9s nem l\u00e1ttam m\u00e1s kiutat. A ker\u00edt\u00e9s\u00fcnk el\u0151tt sz\/rtam meg magam \u00f6tsz\u00f6r, amib\u0151l h\u00e1rom tal\u00e1lta el a sz\u00edvemet. Val\u00f3j\u00e1ban nem is c\u00e9loztam sehova, nem gondolkodtam abban a pillanatban. Csak az volt a c\u00e9lom, hogy boruljak bele egy m\u00e9ly \u00e1lomba, m\u00e9g f\u00e1jdalmat sem \u00e9reztem. Nagyon el akartam t\u0171nni \u00e9s ezt a megold\u00e1st tal\u00e1ltam \u2013 mes\u00e9lte a Blikknek csal\u00f3dottan a fiatal f\u00e9\/fi. MUTATJUK A R\u00c9SZLETEKET!<\/h3>\n<h3><span style=\"color: #ff0000;\"><strong>A h\u00edr nem \u00e9rt v\u00e9get! Folytat\u00e1shoz haszn\u00e1ld a K\u00d6VETKEZ\u0150 OLDAL gombot!<\/strong><\/span><\/h3>\n<h3 style=\"text-align: right;\"><a href=\"https:\/\/matrend.hu\/maitrend\/?p=7244\" target=\"_blank\" rel=\"noopener\"><span style=\"color: #ff0000;\">&#8212;&gt;&gt; K\u00d6VETKEZ\u0150 OLDAL<\/span><\/a><\/h3>\n<p>&#8211;<\/p>\n<p>Az elektromos aut\u00f3z\u00e1s egyik kulcsk\u00e9rd\u00e9se term\u00e9szetesen a hat\u00f3t\u00e1v \u00e9s a t\u00f6lt\u00e9s. B\u00e1r a sz\u00f6vegben konkr\u00e9t hat\u00f3t\u00e1vadatok nem szerepelnek, \u00e1ltal\u00e1noss\u00e1gban elmondhat\u00f3, hogy a nagyobb, 51 kWh-s akkumul\u00e1tor n\u00e9h\u00e1ny t\u00edz kilom\u00e9terrel hosszabb hat\u00f3t\u00e1vot biztos\u00edt. Ez k\u00fcl\u00f6n\u00f6sen akkor lehet fontos, ha valaki rendszeresen tesz meg hosszabb utakat, vagy nem szeretne t\u00fal gyakran t\u00f6lt\u0151\u00e1llom\u00e1st keresni. Ugyanakkor a kisebb akkumul\u00e1tor el\u0151nye lehet a valamivel alacsonyabb \u00e1r \u00e9s adott esetben a kisebb t\u00f6meg, ami a vezethet\u0151s\u00e9gre is pozit\u00edv hat\u00e1ssal lehet.<\/p>\n<p>A t\u00f6lt\u00e9si lehet\u0151s\u00e9gek szint\u00e9n fontos szerepet j\u00e1tszanak a mindennapi haszn\u00e1latban. Az otthoni t\u00f6lt\u00e9s k\u00e9nyelmes megold\u00e1s, k\u00fcl\u00f6n\u00f6sen \u00e9jszaka, amikor az aut\u00f3 am\u00fagy is parkol. Nyilv\u00e1nos gyorst\u00f6lt\u0151kkel pedig viszonylag r\u00f6vid id\u0151 alatt jelent\u0151s t\u00f6lt\u00f6tts\u00e9gi szint \u00e9rhet\u0151 el, ami hosszabb utak sor\u00e1n jelenthet nagy el\u0151nyt. Az elektromos aut\u00f3k eset\u00e9ben a t\u00f6lt\u00e9si infrastrukt\u00fara folyamatos fejl\u0151d\u00e9se egyre ink\u00e1bb megk\u00f6nny\u00edti a haszn\u00e1latot, \u00edgy az ilyen t\u00edpus\u00fa j\u00e1rm\u0171vek egyre sz\u00e9lesebb k\u00f6rben v\u00e1lnak \u00e9letk\u00e9pes alternat\u00edv\u00e1v\u00e1.<\/p>\n<p>Peugeot E-208 egy j\u00f3l \u00e1tgondolt, modern elektromos kisaut\u00f3, amely t\u00f6bbf\u00e9le konfigur\u00e1ci\u00f3val igyekszik megfelelni a k\u00fcl\u00f6nb\u00f6z\u0151 ig\u00e9nyeknek. Nem k\u00edn\u00e1l radik\u00e1lisan elt\u00e9r\u0151 teljes\u00edtm\u00e9nyt a k\u00e9t akkumul\u00e1torv\u00e1ltozat k\u00f6z\u00f6tt, de \u00e9ppen ez teszi k\u00f6nnyebb\u00e9 a d\u00f6nt\u00e9st: a v\u00e1laszt\u00e1s ink\u00e1bb a hat\u00f3t\u00e1v, az \u00e1r \u00e9s a felszerelts\u00e9g k\u00f6z\u00f6tti egyens\u00faly megtal\u00e1l\u00e1s\u00e1r\u00f3l sz\u00f3l. Aki egy st\u00edlusos, j\u00f3l vezethet\u0151 \u00e9s v\u00e1rosban k\u00fcl\u00f6n\u00f6sen praktikus elektromos aut\u00f3t keres, az j\u00f3 es\u00e9llyel megtal\u00e1lja a sz\u00e1m\u00edt\u00e1s\u00e1t az E-208 valamelyik v\u00e1ltozat\u00e1ban.<\/p>\n","protected":false},"excerpt":{"rendered":"<p>Ugyan m\u00e9g nem tudok l\u00e1bra \u00e1llni, de sz\u00e9pen helyreraktak, a mellkasomat \u00f6sszevarrt\u00e1k, ar\u00e1nylag minden rendben van velem mostanra \u2013 kezdte&#8230; <span class=\"gridview-grid-post-read-more\"><a href=\"https:\/\/matrend.hu\/nekedinfo\/megszolalt-gabor\/\">read more<span class=\"gridview-sr-only\"> Megsz\u00f3lalt G\u00e1bor<\/span><\/a><\/span><\/p>\n","protected":false},"author":1,"featured_media":7241,"comment_status":"open","ping_status":"open","sticky":false,"template":"","format":"standard","meta":{"footnotes":""},"categories":[1],"tags":[],"class_list":["post-7240","post","type-post","status-publish","format-standard","has-post-thumbnail","hentry","category-egyeb","wpcat-1-id"],"_links":{"self":[{"href":"https:\/\/matrend.hu\/nekedinfo\/wp-json\/wp\/v2\/posts\/7240","targetHints":{"allow":["GET"]}}],"collection":[{"href":"https:\/\/matrend.hu\/nekedinfo\/wp-json\/wp\/v2\/posts"}],"about":[{"href":"https:\/\/matrend.hu\/nekedinfo\/wp-json\/wp\/v2\/types\/post"}],"author":[{"embeddable":true,"href":"https:\/\/matrend.hu\/nekedinfo\/wp-json\/wp\/v2\/users\/1"}],"replies":[{"embeddable":true,"href":"https:\/\/matrend.hu\/nekedinfo\/wp-json\/wp\/v2\/comments?post=7240"}],"version-history":[{"count":1,"href":"https:\/\/matrend.hu\/nekedinfo\/wp-json\/wp\/v2\/posts\/7240\/revisions"}],"predecessor-version":[{"id":7242,"href":"https:\/\/matrend.hu\/nekedinfo\/wp-json\/wp\/v2\/posts\/7240\/revisions\/7242"}],"wp:featuredmedia":[{"embeddable":true,"href":"https:\/\/matrend.hu\/nekedinfo\/wp-json\/wp\/v2\/media\/7241"}],"wp:attachment":[{"href":"https:\/\/matrend.hu\/nekedinfo\/wp-json\/wp\/v2\/media?parent=7240"}],"wp:term":[{"taxonomy":"category","embeddable":true,"href":"https:\/\/matrend.hu\/nekedinfo\/wp-json\/wp\/v2\/categories?post=7240"},{"taxonomy":"post_tag","embeddable":true,"href":"https:\/\/matrend.hu\/nekedinfo\/wp-json\/wp\/v2\/tags?post=7240"}],"curies":[{"name":"wp","href":"https:\/\/api.w.org\/{rel}","templated":true}]}}