{"id":8579,"date":"2026-08-31T12:46:47","date_gmt":"2026-08-31T10:46:47","guid":{"rendered":"https:\/\/matrend.hu\/nekedinfo\/?p=8579"},"modified":"2026-08-31T12:46:47","modified_gmt":"2026-08-31T10:46:47","slug":"szeptembertol-megvaltozik-a-rendszerhasznalati-dij-elszamolasa","status":"publish","type":"post","link":"https:\/\/matrend.hu\/nekedinfo\/szeptembertol-megvaltozik-a-rendszerhasznalati-dij-elszamolasa\/","title":{"rendered":"Szeptembert\u0151l megv\u00e1ltozik a rendszerhaszn\u00e1lati d\u00edj elsz\u00e1mol\u00e1sa!"},"content":{"rendered":"<h3>Miel\u0151tt azonban b\u00e1rki megijedne, fontos tiszt\u00e1zni, hogy az \u00faj rendelet \u00f6nmag\u00e1ban nem jelenti a lakoss\u00e1gi villanysz\u00e1ml\u00e1k azonnali emelked\u00e9s\u00e9t. A most megjelent rendelet nem emeli meg automatikusan szeptemberben a rendszerhaszn\u00e1lati d\u00edjat, \u00e9s egyetlen \u00faj lakoss\u00e1gi forint\/kWh tarif\u00e1t sem hirdetett ki. Nem maga a jelenleg fizetend\u0151 tarifa v\u00e1ltozik meg, hanem az a sz\u00e1m\u00edt\u00e1si rendszer, amelynek alapj\u00e1n a k\u00f6vetkez\u0151 rendszerhaszn\u00e1lati d\u00edjakat meghat\u00e1rozz\u00e1k. A 7\/2026-os MEKH-rendelet r\u00f6gz\u00edti, milyen k\u00f6lts\u00e9geket lehet elfogadni, hogyan kell azokat \u00e9vr\u0151l \u00e9vre korrig\u00e1lni, \u00e9s milyen teljes\u00edtm\u00e9nyt v\u00e1rnak el a h\u00e1l\u00f3zati c\u00e9gekt\u0151l. MUTATJUK A R\u00c9SZLETEKET!<\/h3>\n<h3><span style=\"color: #ff0000;\"><strong>A h\u00edr nem \u00e9rt v\u00e9get! Folytat\u00e1shoz haszn\u00e1ld a K\u00d6VETKEZ\u0150 OLDAL gombot!<\/strong><\/span><\/h3>\n<h3 style=\"text-align: right;\"><a href=\"https:\/\/matrend.hu\/maitrend\/?p=8585\" target=\"_blank\" rel=\"noopener\"><span style=\"color: #ff0000;\">&#8212;&gt;&gt; K\u00d6VETKEZ\u0150 OLDAL<\/span><\/a><\/h3>\n<p>&#8211;<\/p>\n","protected":false},"excerpt":{"rendered":"<p>Miel\u0151tt azonban b\u00e1rki megijedne, fontos tiszt\u00e1zni, hogy az \u00faj rendelet \u00f6nmag\u00e1ban nem jelenti a lakoss\u00e1gi villanysz\u00e1ml\u00e1k azonnali emelked\u00e9s\u00e9t. A most&#8230; <span class=\"gridview-grid-post-read-more\"><a href=\"https:\/\/matrend.hu\/nekedinfo\/szeptembertol-megvaltozik-a-rendszerhasznalati-dij-elszamolasa\/\">read more<span class=\"gridview-sr-only\"> Szeptembert\u0151l megv\u00e1ltozik a rendszerhaszn\u00e1lati d\u00edj elsz\u00e1mol\u00e1sa!<\/span><\/a><\/span><\/p>\n","protected":false},"author":1,"featured_media":8580,"comment_status":"open","ping_status":"open","sticky":false,"template":"","format":"standard","meta":{"footnotes":""},"categories":[1],"tags":[],"class_list":["post-8579","post","type-post","status-publish","format-standard","has-post-thumbnail","hentry","category-egyeb","wpcat-1-id"],"_links":{"self":[{"href":"https:\/\/matrend.hu\/nekedinfo\/wp-json\/wp\/v2\/posts\/8579","targetHints":{"allow":["GET"]}}],"collection":[{"href":"https:\/\/matrend.hu\/nekedinfo\/wp-json\/wp\/v2\/posts"}],"about":[{"href":"https:\/\/matrend.hu\/nekedinfo\/wp-json\/wp\/v2\/types\/post"}],"author":[{"embeddable":true,"href":"https:\/\/matrend.hu\/nekedinfo\/wp-json\/wp\/v2\/users\/1"}],"replies":[{"embeddable":true,"href":"https:\/\/matrend.hu\/nekedinfo\/wp-json\/wp\/v2\/comments?post=8579"}],"version-history":[{"count":1,"href":"https:\/\/matrend.hu\/nekedinfo\/wp-json\/wp\/v2\/posts\/8579\/revisions"}],"predecessor-version":[{"id":8581,"href":"https:\/\/matrend.hu\/nekedinfo\/wp-json\/wp\/v2\/posts\/8579\/revisions\/8581"}],"wp:featuredmedia":[{"embeddable":true,"href":"https:\/\/matrend.hu\/nekedinfo\/wp-json\/wp\/v2\/media\/8580"}],"wp:attachment":[{"href":"https:\/\/matrend.hu\/nekedinfo\/wp-json\/wp\/v2\/media?parent=8579"}],"wp:term":[{"taxonomy":"category","embeddable":true,"href":"https:\/\/matrend.hu\/nekedinfo\/wp-json\/wp\/v2\/categories?post=8579"},{"taxonomy":"post_tag","embeddable":true,"href":"https:\/\/matrend.hu\/nekedinfo\/wp-json\/wp\/v2\/tags?post=8579"}],"curies":[{"name":"wp","href":"https:\/\/api.w.org\/{rel}","templated":true}]}}