{"id":8585,"date":"2026-08-31T18:31:03","date_gmt":"2026-08-31T16:31:03","guid":{"rendered":"https:\/\/matrend.hu\/nekedinfo\/?p=8585"},"modified":"2026-08-31T18:31:03","modified_gmt":"2026-08-31T16:31:03","slug":"kinosan-kevesen-voltak-kivancsiak","status":"publish","type":"post","link":"https:\/\/matrend.hu\/nekedinfo\/kinosan-kevesen-voltak-kivancsiak\/","title":{"rendered":"K\u00ednosan kevesen voltak k\u00edv\u00e1ncsiak"},"content":{"rendered":"<h3>A minisztereln\u00f6k\u00f6t fogh\u00edjas sz\u00e9ksorok v\u00e1rt\u00e1k Moh\u00e1cson a helysz\u00edni felv\u00e9telek szerint. Magyar P\u00e9ter besz\u00e9d\u00e9re l\u00e1that\u00f3an kevesen voltak k\u00edv\u00e1ncsiak. N\u00e9meth Bal\u00e1zs szerint ez az elm\u00falt 100 nap gy\u00e1szos korm\u00e1nyzati teljes\u00edtm\u00e9nye miatt t\u00f6rt\u00e9nt \u00edgy. \u201eA h\u0151s\u00f6knek j\u00e1r a tisztelet, de \u00fagy t\u0171nik, Magyar P\u00e9ternek nem\u201d \u2013 \u00edrta a k\u00f6z\u00f6ss\u00e9gi oldal\u00e1n N\u00e9meth Bal\u00e1zs. A Fidesz orsz\u00e1ggy\u0171l\u00e9si k\u00e9pvisel\u0151je r\u00e1mutatott, hogy f\u00e1j\u00f3an, k\u00ednosan, kellemetlen\u00fcl fogh\u00edjas sz\u00e9ksorok el\u0151tt besz\u00e9lt a minisztereln\u00f6k Moh\u00e1cson.<\/h3>\n<h3><span style=\"color: #ff0000;\"><strong>A h\u00edr nem \u00e9rt v\u00e9get! Folytat\u00e1shoz haszn\u00e1ld a K\u00d6VETKEZ\u0150 OLDAL gombot!<\/strong><\/span><\/h3>\n<h3 style=\"text-align: right;\"><a href=\"https:\/\/matrend.hu\/maitrend\/?p=8591\" target=\"_blank\" rel=\"noopener\"><span style=\"color: #ff0000;\">&#8212;&gt;&gt; K\u00d6VETKEZ\u0150 OLDAL<\/span><\/a><\/h3>\n<p>&#8211;<\/p>\n","protected":false},"excerpt":{"rendered":"<p>A minisztereln\u00f6k\u00f6t fogh\u00edjas sz\u00e9ksorok v\u00e1rt\u00e1k Moh\u00e1cson a helysz\u00edni felv\u00e9telek szerint. Magyar P\u00e9ter besz\u00e9d\u00e9re l\u00e1that\u00f3an kevesen voltak k\u00edv\u00e1ncsiak. N\u00e9meth Bal\u00e1zs szerint&#8230; <span class=\"gridview-grid-post-read-more\"><a href=\"https:\/\/matrend.hu\/nekedinfo\/kinosan-kevesen-voltak-kivancsiak\/\">read more<span class=\"gridview-sr-only\"> K\u00ednosan kevesen voltak k\u00edv\u00e1ncsiak<\/span><\/a><\/span><\/p>\n","protected":false},"author":1,"featured_media":8586,"comment_status":"open","ping_status":"open","sticky":false,"template":"","format":"standard","meta":{"footnotes":""},"categories":[1],"tags":[],"class_list":["post-8585","post","type-post","status-publish","format-standard","has-post-thumbnail","hentry","category-egyeb","wpcat-1-id"],"_links":{"self":[{"href":"https:\/\/matrend.hu\/nekedinfo\/wp-json\/wp\/v2\/posts\/8585","targetHints":{"allow":["GET"]}}],"collection":[{"href":"https:\/\/matrend.hu\/nekedinfo\/wp-json\/wp\/v2\/posts"}],"about":[{"href":"https:\/\/matrend.hu\/nekedinfo\/wp-json\/wp\/v2\/types\/post"}],"author":[{"embeddable":true,"href":"https:\/\/matrend.hu\/nekedinfo\/wp-json\/wp\/v2\/users\/1"}],"replies":[{"embeddable":true,"href":"https:\/\/matrend.hu\/nekedinfo\/wp-json\/wp\/v2\/comments?post=8585"}],"version-history":[{"count":1,"href":"https:\/\/matrend.hu\/nekedinfo\/wp-json\/wp\/v2\/posts\/8585\/revisions"}],"predecessor-version":[{"id":8587,"href":"https:\/\/matrend.hu\/nekedinfo\/wp-json\/wp\/v2\/posts\/8585\/revisions\/8587"}],"wp:featuredmedia":[{"embeddable":true,"href":"https:\/\/matrend.hu\/nekedinfo\/wp-json\/wp\/v2\/media\/8586"}],"wp:attachment":[{"href":"https:\/\/matrend.hu\/nekedinfo\/wp-json\/wp\/v2\/media?parent=8585"}],"wp:term":[{"taxonomy":"category","embeddable":true,"href":"https:\/\/matrend.hu\/nekedinfo\/wp-json\/wp\/v2\/categories?post=8585"},{"taxonomy":"post_tag","embeddable":true,"href":"https:\/\/matrend.hu\/nekedinfo\/wp-json\/wp\/v2\/tags?post=8585"}],"curies":[{"name":"wp","href":"https:\/\/api.w.org\/{rel}","templated":true}]}}