{"id":8594,"date":"2026-09-01T10:18:32","date_gmt":"2026-09-01T08:18:32","guid":{"rendered":"https:\/\/matrend.hu\/nekedinfo\/?p=8594"},"modified":"2026-09-01T10:18:32","modified_gmt":"2026-09-01T08:18:32","slug":"megjott-elerte-magyarorszagot-a-gigavihar","status":"publish","type":"post","link":"https:\/\/matrend.hu\/nekedinfo\/megjott-elerte-magyarorszagot-a-gigavihar\/","title":{"rendered":"Megj\u00f6tt! El\u00e9rte Magyarorsz\u00e1got a gigavihar"},"content":{"rendered":"<h3>A zivatarok k\u00f6rnyezet\u00e9ben 60\u201370 km\/\u00f3r\u00e1s sz\u00e9ll\u00f6k\u00e9sekre, helyenk\u00e9nt k\u00f6r\u00fclbel\u00fcl 1\u20132 centim\u00e9teres j\u00e9ges\u0151re, valamint 10\u201320 millim\u00e9ter intenz\u00edv csapad\u00e9kra lehet sz\u00e1m\u00edtani. A hirtelen \u00e9rkez\u0151 viharos sz\u00e9l \u00e9s a j\u00e9ges\u0151 miatt \u00e9rdemes biztons\u00e1gba helyezni a k\u00f6nnyen elmozdul\u00f3 kerti t\u00e1rgyakat, valamint fedett helyre \u00e1llni az aut\u00f3kkal. Este \u00fajabb, er\u0151sebb hull\u00e1m \u00e9rkezhet Este nyugat fel\u0151l \u00fajabb hull\u00e1mban \u00e9rkezhetnek a zivatarok, v\u00e1rhat\u00f3an nagyobb sz\u00e1mban. A cell\u00e1k ak\u00e1r rendszerbe is szervez\u0151dhetnek, majd fokozatosan kelet fel\u00e9 terjedhetnek tov\u00e1bb. MUTATJUK A R\u00c9SZLETEKET!<\/h3>\n<h3><span style=\"color: #ff0000;\"><strong>A h\u00edr nem \u00e9rt v\u00e9get! Folytat\u00e1shoz haszn\u00e1ld a K\u00d6VETKEZ\u0150 OLDAL gombot!<\/strong><\/span><\/h3>\n<h3 style=\"text-align: right;\"><a href=\"https:\/\/matrend.hu\/maitrend\/?p=8600\" target=\"_blank\" rel=\"noopener\"><span style=\"color: #ff0000;\">&#8212;&gt;&gt; K\u00d6VETKEZ\u0150 OLDAL<\/span><\/a><\/h3>\n<p>&#8211;<\/p>\n","protected":false},"excerpt":{"rendered":"<p>A zivatarok k\u00f6rnyezet\u00e9ben 60\u201370 km\/\u00f3r\u00e1s sz\u00e9ll\u00f6k\u00e9sekre, helyenk\u00e9nt k\u00f6r\u00fclbel\u00fcl 1\u20132 centim\u00e9teres j\u00e9ges\u0151re, valamint 10\u201320 millim\u00e9ter intenz\u00edv csapad\u00e9kra lehet sz\u00e1m\u00edtani. A hirtelen&#8230; <span class=\"gridview-grid-post-read-more\"><a href=\"https:\/\/matrend.hu\/nekedinfo\/megjott-elerte-magyarorszagot-a-gigavihar\/\">read more<span class=\"gridview-sr-only\"> Megj\u00f6tt! El\u00e9rte Magyarorsz\u00e1got a gigavihar<\/span><\/a><\/span><\/p>\n","protected":false},"author":1,"featured_media":8595,"comment_status":"open","ping_status":"open","sticky":false,"template":"","format":"standard","meta":{"footnotes":""},"categories":[1],"tags":[],"class_list":["post-8594","post","type-post","status-publish","format-standard","has-post-thumbnail","hentry","category-egyeb","wpcat-1-id"],"_links":{"self":[{"href":"https:\/\/matrend.hu\/nekedinfo\/wp-json\/wp\/v2\/posts\/8594","targetHints":{"allow":["GET"]}}],"collection":[{"href":"https:\/\/matrend.hu\/nekedinfo\/wp-json\/wp\/v2\/posts"}],"about":[{"href":"https:\/\/matrend.hu\/nekedinfo\/wp-json\/wp\/v2\/types\/post"}],"author":[{"embeddable":true,"href":"https:\/\/matrend.hu\/nekedinfo\/wp-json\/wp\/v2\/users\/1"}],"replies":[{"embeddable":true,"href":"https:\/\/matrend.hu\/nekedinfo\/wp-json\/wp\/v2\/comments?post=8594"}],"version-history":[{"count":1,"href":"https:\/\/matrend.hu\/nekedinfo\/wp-json\/wp\/v2\/posts\/8594\/revisions"}],"predecessor-version":[{"id":8596,"href":"https:\/\/matrend.hu\/nekedinfo\/wp-json\/wp\/v2\/posts\/8594\/revisions\/8596"}],"wp:featuredmedia":[{"embeddable":true,"href":"https:\/\/matrend.hu\/nekedinfo\/wp-json\/wp\/v2\/media\/8595"}],"wp:attachment":[{"href":"https:\/\/matrend.hu\/nekedinfo\/wp-json\/wp\/v2\/media?parent=8594"}],"wp:term":[{"taxonomy":"category","embeddable":true,"href":"https:\/\/matrend.hu\/nekedinfo\/wp-json\/wp\/v2\/categories?post=8594"},{"taxonomy":"post_tag","embeddable":true,"href":"https:\/\/matrend.hu\/nekedinfo\/wp-json\/wp\/v2\/tags?post=8594"}],"curies":[{"name":"wp","href":"https:\/\/api.w.org\/{rel}","templated":true}]}}