{"id":8618,"date":"2026-09-03T13:45:41","date_gmt":"2026-09-03T11:45:41","guid":{"rendered":"https:\/\/matrend.hu\/nekedinfo\/?p=8618"},"modified":"2026-09-03T13:45:41","modified_gmt":"2026-09-03T11:45:41","slug":"nagy-fero-elarulta-mennyi-a-nyugdija","status":"publish","type":"post","link":"https:\/\/matrend.hu\/nekedinfo\/nagy-fero-elarulta-mennyi-a-nyugdija\/","title":{"rendered":"Nagy Fer\u00f3 el\u00e1rulta, mennyi a nyugd\u00edja"},"content":{"rendered":"<h3>A zen\u00e9szt a TV2 Akt\u00edv st\u00e1bja \u0151rbotty\u00e1ni otthon\u00e1ban l\u00e1togatta meg. A besz\u00e9lget\u00e9sb\u0151l az is kider\u00fclt, hogy a nyugd\u00edjas \u00e9vek n\u00e1la egyel\u0151re egy\u00e1ltal\u00e1n nem jelentik a munka v\u00e9g\u00e9t. B\u00e1r valamelyest lass\u00edtott kor\u00e1bbi temp\u00f3j\u00e1n, a fell\u00e9p\u00e9seket tov\u00e1bbra sem utas\u00edtja vissza, \u00e9s a koncertez\u00e9snek az anyagiak szempontj\u00e1b\u00f3l is jelent\u0151s\u00e9ge van. Az \u00e9nekes \u00f6t unok\u00e1j\u00e1r\u00f3l is besz\u00e9lt. Elmond\u00e1sa szerint a fell\u00e9p\u00e9sekb\u0151l befoly\u00f3 p\u00e9nzb\u0151l r\u00e1juk is rendszeresen gondol. \u201eAz\u00e9rt ez nagyon j\u00f3, valljuk be \u0151szint\u00e9n, ott el\u00e9g j\u00f3l fizetnek. \u00c9s mivel ennyi unok\u00e1m van, az nem \u00e1rt, mert minden nagyobb \u00fcnnepkor, sz\u00fclinapokkor, kar\u00e1csonykor, utalok a b\u00e9bik\u00f6tv\u00e9nyre\u201d \u2013 mes\u00e9lte Nagy Fer\u00f3. MUTATJUK A R\u00c9SZLETEKET!<\/h3>\n<h3><span style=\"color: #ff0000;\"><strong>A h\u00edr nem \u00e9rt v\u00e9get! Folytat\u00e1shoz haszn\u00e1ld a K\u00d6VETKEZ\u0150 OLDAL gombot!<\/strong><\/span><\/h3>\n<h3 style=\"text-align: right;\"><a href=\"https:\/\/matrend.hu\/maitrend\/?p=8624\" target=\"_blank\" rel=\"noopener\"><span style=\"color: #ff0000;\">&#8212;&gt;&gt; K\u00d6VETKEZ\u0150 OLDAL<\/span><\/a><\/h3>\n<p>&#8211;<\/p>\n","protected":false},"excerpt":{"rendered":"<p>A zen\u00e9szt a TV2 Akt\u00edv st\u00e1bja \u0151rbotty\u00e1ni otthon\u00e1ban l\u00e1togatta meg. A besz\u00e9lget\u00e9sb\u0151l az is kider\u00fclt, hogy a nyugd\u00edjas \u00e9vek n\u00e1la&#8230; <span class=\"gridview-grid-post-read-more\"><a href=\"https:\/\/matrend.hu\/nekedinfo\/nagy-fero-elarulta-mennyi-a-nyugdija\/\">read more<span class=\"gridview-sr-only\"> Nagy Fer\u00f3 el\u00e1rulta, mennyi a nyugd\u00edja<\/span><\/a><\/span><\/p>\n","protected":false},"author":1,"featured_media":8619,"comment_status":"open","ping_status":"open","sticky":false,"template":"","format":"standard","meta":{"footnotes":""},"categories":[1],"tags":[],"class_list":["post-8618","post","type-post","status-publish","format-standard","has-post-thumbnail","hentry","category-egyeb","wpcat-1-id"],"_links":{"self":[{"href":"https:\/\/matrend.hu\/nekedinfo\/wp-json\/wp\/v2\/posts\/8618","targetHints":{"allow":["GET"]}}],"collection":[{"href":"https:\/\/matrend.hu\/nekedinfo\/wp-json\/wp\/v2\/posts"}],"about":[{"href":"https:\/\/matrend.hu\/nekedinfo\/wp-json\/wp\/v2\/types\/post"}],"author":[{"embeddable":true,"href":"https:\/\/matrend.hu\/nekedinfo\/wp-json\/wp\/v2\/users\/1"}],"replies":[{"embeddable":true,"href":"https:\/\/matrend.hu\/nekedinfo\/wp-json\/wp\/v2\/comments?post=8618"}],"version-history":[{"count":1,"href":"https:\/\/matrend.hu\/nekedinfo\/wp-json\/wp\/v2\/posts\/8618\/revisions"}],"predecessor-version":[{"id":8620,"href":"https:\/\/matrend.hu\/nekedinfo\/wp-json\/wp\/v2\/posts\/8618\/revisions\/8620"}],"wp:featuredmedia":[{"embeddable":true,"href":"https:\/\/matrend.hu\/nekedinfo\/wp-json\/wp\/v2\/media\/8619"}],"wp:attachment":[{"href":"https:\/\/matrend.hu\/nekedinfo\/wp-json\/wp\/v2\/media?parent=8618"}],"wp:term":[{"taxonomy":"category","embeddable":true,"href":"https:\/\/matrend.hu\/nekedinfo\/wp-json\/wp\/v2\/categories?post=8618"},{"taxonomy":"post_tag","embeddable":true,"href":"https:\/\/matrend.hu\/nekedinfo\/wp-json\/wp\/v2\/tags?post=8618"}],"curies":[{"name":"wp","href":"https:\/\/api.w.org\/{rel}","templated":true}]}}