{"id":8624,"date":"2026-09-03T22:04:41","date_gmt":"2026-09-03T20:04:41","guid":{"rendered":"https:\/\/matrend.hu\/nekedinfo\/?p=8624"},"modified":"2026-09-03T22:04:41","modified_gmt":"2026-09-03T20:04:41","slug":"orban-viktor-visszater-a-politikai-kozossege-elere","status":"publish","type":"post","link":"https:\/\/matrend.hu\/nekedinfo\/orban-viktor-visszater-a-politikai-kozossege-elere\/","title":{"rendered":"Orb\u00e1n Viktor visszat\u00e9r a politikai k\u00f6z\u00f6ss\u00e9ge \u00e9l\u00e9re."},"content":{"rendered":"<h3>B\u00f3ka J\u00e1nos szerint megfelel\u0151 v\u00e1laszt\u00f3i felhatalmaz\u00e1s eset\u00e9n a Fidesz ak\u00e1r azokat a szab\u00e1lyokat is \u00e1t\u00edrhatn\u00e1, amelyek jelenleg kiz\u00e1rj\u00e1k, hogy Orb\u00e1n Viktor 2030-ban ism\u00e9t minisztereln\u00f6k vagy orsz\u00e1ggy\u0171l\u00e9si k\u00e9pvisel\u0151 legyen. A Fidesz frakci\u00f3vezet\u0151je err\u0151l a Civil \u00d6sszefog\u00e1s F\u00f3rum podcastj\u00e1ban besz\u00e9lt. MUTATJUK A R\u00c9SZLETEKET!<\/h3>\n<h3><span style=\"color: #ff0000;\"><strong>A h\u00edr nem \u00e9rt v\u00e9get! Folytat\u00e1shoz haszn\u00e1ld a K\u00d6VETKEZ\u0150 OLDAL gombot!<\/strong><\/span><\/h3>\n<h3 style=\"text-align: right;\"><a href=\"https:\/\/matrend.hu\/maitrend\/?p=8630\" target=\"_blank\" rel=\"noopener\"><span style=\"color: #ff0000;\">&#8212;&gt;&gt; K\u00d6VETKEZ\u0150 OLDAL<\/span><\/a><\/h3>\n<p>&#8211;<\/p>\n","protected":false},"excerpt":{"rendered":"<p>B\u00f3ka J\u00e1nos szerint megfelel\u0151 v\u00e1laszt\u00f3i felhatalmaz\u00e1s eset\u00e9n a Fidesz ak\u00e1r azokat a szab\u00e1lyokat is \u00e1t\u00edrhatn\u00e1, amelyek jelenleg kiz\u00e1rj\u00e1k, hogy Orb\u00e1n&#8230; <span class=\"gridview-grid-post-read-more\"><a href=\"https:\/\/matrend.hu\/nekedinfo\/orban-viktor-visszater-a-politikai-kozossege-elere\/\">read more<span class=\"gridview-sr-only\"> Orb\u00e1n Viktor visszat\u00e9r a politikai k\u00f6z\u00f6ss\u00e9ge \u00e9l\u00e9re.<\/span><\/a><\/span><\/p>\n","protected":false},"author":1,"featured_media":8625,"comment_status":"open","ping_status":"open","sticky":false,"template":"","format":"standard","meta":{"footnotes":""},"categories":[1],"tags":[],"class_list":["post-8624","post","type-post","status-publish","format-standard","has-post-thumbnail","hentry","category-egyeb","wpcat-1-id"],"_links":{"self":[{"href":"https:\/\/matrend.hu\/nekedinfo\/wp-json\/wp\/v2\/posts\/8624","targetHints":{"allow":["GET"]}}],"collection":[{"href":"https:\/\/matrend.hu\/nekedinfo\/wp-json\/wp\/v2\/posts"}],"about":[{"href":"https:\/\/matrend.hu\/nekedinfo\/wp-json\/wp\/v2\/types\/post"}],"author":[{"embeddable":true,"href":"https:\/\/matrend.hu\/nekedinfo\/wp-json\/wp\/v2\/users\/1"}],"replies":[{"embeddable":true,"href":"https:\/\/matrend.hu\/nekedinfo\/wp-json\/wp\/v2\/comments?post=8624"}],"version-history":[{"count":1,"href":"https:\/\/matrend.hu\/nekedinfo\/wp-json\/wp\/v2\/posts\/8624\/revisions"}],"predecessor-version":[{"id":8626,"href":"https:\/\/matrend.hu\/nekedinfo\/wp-json\/wp\/v2\/posts\/8624\/revisions\/8626"}],"wp:featuredmedia":[{"embeddable":true,"href":"https:\/\/matrend.hu\/nekedinfo\/wp-json\/wp\/v2\/media\/8625"}],"wp:attachment":[{"href":"https:\/\/matrend.hu\/nekedinfo\/wp-json\/wp\/v2\/media?parent=8624"}],"wp:term":[{"taxonomy":"category","embeddable":true,"href":"https:\/\/matrend.hu\/nekedinfo\/wp-json\/wp\/v2\/categories?post=8624"},{"taxonomy":"post_tag","embeddable":true,"href":"https:\/\/matrend.hu\/nekedinfo\/wp-json\/wp\/v2\/tags?post=8624"}],"curies":[{"name":"wp","href":"https:\/\/api.w.org\/{rel}","templated":true}]}}