{"id":8638,"date":"2026-09-06T19:32:49","date_gmt":"2026-09-06T17:32:49","guid":{"rendered":"https:\/\/matrend.hu\/nekedinfo\/?p=8638"},"modified":"2026-09-06T19:32:49","modified_gmt":"2026-09-06T17:32:49","slug":"busztragedia-magyarorszagon-hihetetlen-ami-tortent","status":"publish","type":"post","link":"https:\/\/matrend.hu\/nekedinfo\/busztragedia-magyarorszagon-hihetetlen-ami-tortent\/","title":{"rendered":"Busztrag\u00e9dia Magyarorsz\u00e1gon! Hihetetlen, ami t\u00f6rt\u00e9nt!"},"content":{"rendered":"<h3>A lengyel turist\u00e1kat sz\u00e1ll\u00edt\u00f3 buszon 53-an utaztak. A balesetben hatan k\u00f6nnyebben megs\u00e9r\u00fcltek, k\u00f6zt\u00fck a teheraut\u00f3 vezet\u0151je is. A zalaegerszegi hivat\u00e1sos \u00e9s a zalal\u00f6v\u0151i \u00f6nk\u00e9ntes t\u0171zolt\u00f3k biztos\u00edtott\u00e1k a helysz\u00ednt, \u00e9s k\u00f6zrem\u0171k\u00f6dtek az utasok elhelyez\u00e9s\u00e9ben. Mivel a busz m\u0171k\u00f6d\u00e9sk\u00e9ptelenn\u00e9 v\u00e1lt, a s\u00e9rtetlen utasokat a zalal\u00f6v\u0151i tornaterembe sz\u00e1ll\u00edtott\u00e1k, ahol a tov\u00e1bbutaz\u00e1sig v\u00e1rakozhattak. Czendrei P\u00e9ter, a Zala V\u00e1rmegyei Rend\u0151r-f\u0151kapit\u00e1nys\u00e1g sajt\u00f3referense az MTI megkeres\u00e9s\u00e9re elmondta: a R\u00e9dics ir\u00e1ny\u00e1b\u00f3l K\u00f6rmend fel\u00e9 tart\u00f3, zar\u00e1ndokokat sz\u00e1ll\u00edt\u00f3 aut\u00f3busz elg\u00e1zolt egy, az \u00fattesten k\u00f3borl\u00f3 juhot, ez\u00e9rt f\u00e9lre kellett \u00e1llnia. MUTATJUK A R\u00c9SZLETEKET!<\/h3>\n<h3><span style=\"color: #ff0000;\"><strong>A h\u00edr nem \u00e9rt v\u00e9get! Folytat\u00e1shoz haszn\u00e1ld a K\u00d6VETKEZ\u0150 OLDAL gombot!<\/strong><\/span><\/h3>\n<h3 style=\"text-align: right;\"><a href=\"https:\/\/matrend.hu\/maitrend\/?p=8640\" target=\"_blank\" rel=\"noopener\"><span style=\"color: #ff0000;\">&#8212;&gt;&gt; K\u00d6VETKEZ\u0150 OLDAL<\/span><\/a><\/h3>\n<p>&#8211;<\/p>\n","protected":false},"excerpt":{"rendered":"<p>A lengyel turist\u00e1kat sz\u00e1ll\u00edt\u00f3 buszon 53-an utaztak. A balesetben hatan k\u00f6nnyebben megs\u00e9r\u00fcltek, k\u00f6zt\u00fck a teheraut\u00f3 vezet\u0151je is. A zalaegerszegi hivat\u00e1sos&#8230; <span class=\"gridview-grid-post-read-more\"><a href=\"https:\/\/matrend.hu\/nekedinfo\/busztragedia-magyarorszagon-hihetetlen-ami-tortent\/\">read more<span class=\"gridview-sr-only\"> Busztrag\u00e9dia Magyarorsz\u00e1gon! Hihetetlen, ami t\u00f6rt\u00e9nt!<\/span><\/a><\/span><\/p>\n","protected":false},"author":1,"featured_media":8639,"comment_status":"open","ping_status":"open","sticky":false,"template":"","format":"standard","meta":{"footnotes":""},"categories":[1],"tags":[],"class_list":["post-8638","post","type-post","status-publish","format-standard","has-post-thumbnail","hentry","category-egyeb","wpcat-1-id"],"_links":{"self":[{"href":"https:\/\/matrend.hu\/nekedinfo\/wp-json\/wp\/v2\/posts\/8638","targetHints":{"allow":["GET"]}}],"collection":[{"href":"https:\/\/matrend.hu\/nekedinfo\/wp-json\/wp\/v2\/posts"}],"about":[{"href":"https:\/\/matrend.hu\/nekedinfo\/wp-json\/wp\/v2\/types\/post"}],"author":[{"embeddable":true,"href":"https:\/\/matrend.hu\/nekedinfo\/wp-json\/wp\/v2\/users\/1"}],"replies":[{"embeddable":true,"href":"https:\/\/matrend.hu\/nekedinfo\/wp-json\/wp\/v2\/comments?post=8638"}],"version-history":[{"count":1,"href":"https:\/\/matrend.hu\/nekedinfo\/wp-json\/wp\/v2\/posts\/8638\/revisions"}],"predecessor-version":[{"id":8640,"href":"https:\/\/matrend.hu\/nekedinfo\/wp-json\/wp\/v2\/posts\/8638\/revisions\/8640"}],"wp:featuredmedia":[{"embeddable":true,"href":"https:\/\/matrend.hu\/nekedinfo\/wp-json\/wp\/v2\/media\/8639"}],"wp:attachment":[{"href":"https:\/\/matrend.hu\/nekedinfo\/wp-json\/wp\/v2\/media?parent=8638"}],"wp:term":[{"taxonomy":"category","embeddable":true,"href":"https:\/\/matrend.hu\/nekedinfo\/wp-json\/wp\/v2\/categories?post=8638"},{"taxonomy":"post_tag","embeddable":true,"href":"https:\/\/matrend.hu\/nekedinfo\/wp-json\/wp\/v2\/tags?post=8638"}],"curies":[{"name":"wp","href":"https:\/\/api.w.org\/{rel}","templated":true}]}}